{"id":907375,"date":"2026-05-02T22:30:32","date_gmt":"2026-05-02T22:30:32","guid":{"rendered":"https:\/\/www.europesays.com\/fr\/907375\/"},"modified":"2026-05-02T22:30:32","modified_gmt":"2026-05-02T22:30:32","slug":"metropole-de-lyon-carburants-les-automobilistes-a-la-recherche-du-meilleur-prix-dans-le-sud-ouest-lyonnais","status":"publish","type":"post","link":"https:\/\/www.europesays.com\/fr\/907375\/","title":{"rendered":"M\u00e9tropole de Lyon. Carburants\u00a0: les automobilistes \u00e0 la recherche du meilleur prix dans le sud-ouest lyonnais"},"content":{"rendered":"<p>Pourquoi venez-vous faire le plein ici plut\u00f4t qu\u2019ailleurs\u00a0?<\/p>\n<p>C\u2019est la question que nous avons pos\u00e9e, ce mardi matin, \u00e0 des automobilistes \u00e0 la pompe de deux stations-service\u00a0: l\u2019une est celle d\u2019une grande surface Intermarch\u00e9 \u00e0 Sainte-Foy-l\u00e8s-Lyon, et l\u2019autre celle d\u2019une soci\u00e9t\u00e9 p\u00e9troli\u00e8re, en l\u2019occurrence <a href=\"https:\/\/www.leprogres.fr\/economie\/2026\/04\/01\/ruee-dans-les-stations-total-on-pense-avant-tout-au-porte-monnaie\" target=\"_blank\" rel=\"nofollow noopener\">Total Energies<\/a>, \u00e0 Oullins-Pierre-B\u00e9nite. Deux stations que nous avons choisies car elles se retrouvaient parmi les plus comp\u00e9titives de notre \u00e9dition de l\u2019ouest lyonnais au moment du reportage.<\/p>\n<p>Ainsi Samuel, jeune conducteur fid\u00e9sien, a d\u00e9croch\u00e9 le pistolet du SP95 E10 de l\u2019Intermarch\u00e9 de Sainte-Foy-l\u00e8s-Lyon\u00a0: \u00ab\u00a0Je la connais, je sais qu\u2019elle est moins ch\u00e8re que celles alentours\u00a0\u00bb. Le jeune homme explique qu\u2019il a compar\u00e9 sur internet,&#8230;<\/p>\n","protected":false},"excerpt":{"rendered":"Pourquoi venez-vous faire le plein ici plut\u00f4t qu\u2019ailleurs\u00a0? C\u2019est la question que nous avons pos\u00e9e, ce mardi matin,&hellip;\n","protected":false},"author":2,"featured_media":907376,"comment_status":"","ping_status":"","sticky":false,"template":"","format":"standard","meta":{"footnotes":"","_share_on_mastodon":"0"},"categories":[1889],"tags":[1111,11,2430,4996,33,3154,893,1777,674,107,1011,27,17973,2428,12,15665,2922,25,2429,15673,15674,4604,273,3151],"class_list":["post-907375","post","type-post","status-publish","format-standard","has-post-thumbnail","category-lyon","tag-actu","tag-actualites","tag-auvergne-rhone-alpes","tag-carburants","tag-economie","tag-edition-sud-lyonnais","tag-energie","tag-eu","tag-europe","tag-fil-info","tag-fr","tag-france","tag-la-mulatiere","tag-lyon","tag-news","tag-oullins-pierre-benite","tag-pouvoir-dachat","tag-republique-francaise","tag-rhone","tag-sainte-foy-les-lyon","tag-sainte-foy-les-lyon-bassin","tag-selection-abonne","tag-selection-de-la-redaction","tag-selection-de-la-redaction-69"],"share_on_mastodon":{"url":"https:\/\/pubeurope.com\/@fr\/116507353193466370","error":""},"_links":{"self":[{"href":"https:\/\/www.europesays.com\/fr\/wp-json\/wp\/v2\/posts\/907375","targetHints":{"allow":["GET"]}}],"collection":[{"href":"https:\/\/www.europesays.com\/fr\/wp-json\/wp\/v2\/posts"}],"about":[{"href":"https:\/\/www.europesays.com\/fr\/wp-json\/wp\/v2\/types\/post"}],"author":[{"embeddable":true,"href":"https:\/\/www.europesays.com\/fr\/wp-json\/wp\/v2\/users\/2"}],"replies":[{"embeddable":true,"href":"https:\/\/www.europesays.com\/fr\/wp-json\/wp\/v2\/comments?post=907375"}],"version-history":[{"count":0,"href":"https:\/\/www.europesays.com\/fr\/wp-json\/wp\/v2\/posts\/907375\/revisions"}],"wp:featuredmedia":[{"embeddable":true,"href":"https:\/\/www.europesays.com\/fr\/wp-json\/wp\/v2\/media\/907376"}],"wp:attachment":[{"href":"https:\/\/www.europesays.com\/fr\/wp-json\/wp\/v2\/media?parent=907375"}],"wp:term":[{"taxonomy":"category","embeddable":true,"href":"https:\/\/www.europesays.com\/fr\/wp-json\/wp\/v2\/categories?post=907375"},{"taxonomy":"post_tag","embeddable":true,"href":"https:\/\/www.europesays.com\/fr\/wp-json\/wp\/v2\/tags?post=907375"}],"curies":[{"name":"wp","href":"https:\/\/api.w.org\/{rel}","templated":true}]}}