{"id":90739,"date":"2025-05-11T02:05:11","date_gmt":"2025-05-11T02:05:11","guid":{"rendered":"https:\/\/www.europesays.com\/fr\/90739\/"},"modified":"2025-05-11T02:05:11","modified_gmt":"2025-05-11T02:05:11","slug":"malgre-la-separation-emmanuel-philibert-de-savoie-adresse-de-tendres-mots-a-clotilde-courau","status":"publish","type":"post","link":"https:\/\/www.europesays.com\/fr\/90739\/","title":{"rendered":"Malgr\u00e9 la s\u00e9paration, Emmanuel-Philibert de Savoie adresse de tendres mots \u00e0 Clotilde Courau"},"content":{"rendered":"<p><a href=\"https:\/\/www.parismatch.be\/actualites\/people\/2025\/05\/10\/il-y-a-de-lamour-dans-lair-kate-et-william-plus-amoureux-que-jamais-au-concert-de-la-liberation-ZIUHXSMVC5BAZFQMMR7MAFTNQA\/\" target=\"_blank\" rel=\"noopener noreferrer\" class=\"ap-StoryInterstitialLink ap-StoryElement ap-StoryElement--mb\">\u00ab\u00a0Il y a de l&rsquo;amour dans l&rsquo;air\u00a0\u00bb : Kate et William plus amoureux que jamais au concert de la lib\u00e9ration<\/a><\/p>\n<p class=\"ap-StoryElement ap-StoryElement--mb ap-StoryText\">Depuis, Emmanuel-Philibert de Savoie multiplie les apparitions aupr\u00e8s d&rsquo;Adriana Abascal, une ex-miss Mexique devenue mannequin et cr\u00e9atrice de mode. S&rsquo;il ne s&rsquo;est jamais confi\u00e9 sur la nature exacte de leur relation, il a tout de m\u00eame confi\u00e9 \u00eatre \u00ab\u00a0tr\u00e8s heureux\u00a0\u00bb et avoir re\u00e7u pour cela la b\u00e9n\u00e9diction de ses deux filles, Vittoria (21 ans) et Luisa (18 ans).<\/p>\n<p>Clotilde Courau, sa \u00ab\u00a0famille\u00a0\u00bb<\/p>\n<p class=\"ap-StoryElement ap-StoryElement--mb ap-StoryText\">Ce 7 mai, le pr\u00e9tendant au tr\u00f4ne s&rsquo;est \u00e0 nouveau confi\u00e9 au site \u00ab\u00a0Club Italie-France\u00a0\u00bb afin d&rsquo;\u00e9voquer les liens qui l&rsquo;unissent aux deux pays. Pas de question sur sa vie priv\u00e9e cette fois-ci mais plut\u00f4t un \u00e9change sur les diff\u00e9rences et les ressemblances entre les cultures italienne et fran\u00e7aise et comment la nourriture est le langage universel qui permet de tout r\u00e9unir pour le prince.<\/p>\n<p class=\"ap-StoryElement ap-StoryElement--mb ap-StoryText\">Mais, au d\u00e9tour d&rsquo;une question sur les lieux o\u00f9 il se sent le plus \u00ab\u00a0\u00e0 la maison\u00a0\u00bb, en France et en Italie, Emmanuel-Philibert a tout de m\u00eame r\u00e9ussi \u00e0 glisser une tendre (et inattendue) d\u00e9claration \u00e0 Clotilde Courau. Apr\u00e8s avoir confi\u00e9 que la ville d&rsquo;Umbertide, en Ombrie, \u00e9tait ce qui se rapprochait plus d&rsquo;une maison pour lui en Italie, le prince d\u00e9clare qu'\u00a0\u00bben France, ma maison est \u00e0 Paris : c&rsquo;est l\u00e0 que vit ma famille, Clotilde et nos merveilleuses filles, Vittoria et Luisa\u00a0\u00bb.<\/p>\n<p class=\"ap-StoryElement ap-StoryElement--mb ap-StoryText\">Il semblerait donc que malgr\u00e9 la s\u00e9paration et les nouvelles rencontres, Clotilde Courau et Emmanuel-Philibert de Savoie continuent \u00e0 former une famille unie o\u00f9 l&rsquo;affection demeure.<\/p>\n","protected":false},"excerpt":{"rendered":"\u00ab\u00a0Il y a de l&rsquo;amour dans l&rsquo;air\u00a0\u00bb : Kate et William plus amoureux que jamais au concert de&hellip;\n","protected":false},"author":2,"featured_media":90740,"comment_status":"","ping_status":"","sticky":false,"template":"","format":"standard","meta":{"footnotes":""},"categories":[1359],"tags":[20168,1348,4077,20166,20169,251,20070,58,1719,59,1011,27,973,20167,3140],"class_list":{"0":"post-90739","1":"post","2":"type-post","3":"status-publish","4":"format-standard","5":"has-post-thumbnail","7":"category-people","8":"tag-aids","9":"tag-arts","10":"tag-association","11":"tag-caritatif","12":"tag-children","13":"tag-culture","14":"tag-diner","15":"tag-divertissement","16":"tag-enfants","17":"tag-entertainment","18":"tag-fr","19":"tag-france","20":"tag-people","21":"tag-sida","22":"tag-spectacle"},"share_on_mastodon":{"url":"https:\/\/pubeurope.com\/@fr\/114486753544776767","error":""},"_links":{"self":[{"href":"https:\/\/www.europesays.com\/fr\/wp-json\/wp\/v2\/posts\/90739","targetHints":{"allow":["GET"]}}],"collection":[{"href":"https:\/\/www.europesays.com\/fr\/wp-json\/wp\/v2\/posts"}],"about":[{"href":"https:\/\/www.europesays.com\/fr\/wp-json\/wp\/v2\/types\/post"}],"author":[{"embeddable":true,"href":"https:\/\/www.europesays.com\/fr\/wp-json\/wp\/v2\/users\/2"}],"replies":[{"embeddable":true,"href":"https:\/\/www.europesays.com\/fr\/wp-json\/wp\/v2\/comments?post=90739"}],"version-history":[{"count":0,"href":"https:\/\/www.europesays.com\/fr\/wp-json\/wp\/v2\/posts\/90739\/revisions"}],"wp:featuredmedia":[{"embeddable":true,"href":"https:\/\/www.europesays.com\/fr\/wp-json\/wp\/v2\/media\/90740"}],"wp:attachment":[{"href":"https:\/\/www.europesays.com\/fr\/wp-json\/wp\/v2\/media?parent=90739"}],"wp:term":[{"taxonomy":"category","embeddable":true,"href":"https:\/\/www.europesays.com\/fr\/wp-json\/wp\/v2\/categories?post=90739"},{"taxonomy":"post_tag","embeddable":true,"href":"https:\/\/www.europesays.com\/fr\/wp-json\/wp\/v2\/tags?post=90739"}],"curies":[{"name":"wp","href":"https:\/\/api.w.org\/{rel}","templated":true}]}}