{"id":90745,"date":"2025-05-11T02:09:19","date_gmt":"2025-05-11T02:09:19","guid":{"rendered":"https:\/\/www.europesays.com\/fr\/90745\/"},"modified":"2025-05-11T02:09:19","modified_gmt":"2025-05-11T02:09:19","slug":"sheila-vous-recommande-cette-serie-qui-lui-donne-envie-de-chevaux-et-de-cow-boys","status":"publish","type":"post","link":"https:\/\/www.europesays.com\/fr\/90745\/","title":{"rendered":"Sheila vous recommande cette s\u00e9rie qui lui donne envie \u201cde chevaux et de cow-boys\u201d"},"content":{"rendered":"<p>En pleine promotion pour la sortie de son nouvel album intitul\u00e9 \u00c0 l&rsquo;avenir, qui sort le 4 avril 2025, Sheila a accord\u00e9 une interview exclusive \u00e0 T\u00e9l\u00e9-Loisirs. La chanteuse nous a notamment r\u00e9v\u00e9l\u00e9 son coup de coeur pour une s\u00e9rie dont elle est totalement accro.<\/p>\n<p>Les ic\u00f4nes des y\u00e9y\u00e9s ne sont pas \u00e9ternelles, h\u00e9las ! Alors que <a href=\"https:\/\/www.programme-tv.net\/news\/people\/354830-la-chanteuse-francoise-hardy-est-morte-a-80-ans\/\" data-api-deeplink=\"teleloisirs:\/\/news\/354830\" rel=\"nofollow noopener\" target=\"_blank\">Fran\u00e7oise Hardy nous a malheureusement quitt\u00e9s le 11 juin 2024 \u00e0 l&rsquo;\u00e2ge de 80 ans<\/a>, de son c\u00f4t\u00e9, Sylvie Vartan a fait ses adieux \u00e0 la sc\u00e8ne avec <a href=\"https:\/\/www.programme-tv.net\/news\/musique\/369960-david-hallyday-ilona-smet-les-proches-de-sylvie-vartan-dans-ses-bras-sur-scene-pour-son-dernier-concert\/\" data-api-deeplink=\"teleloisirs:\/\/news\/369960\" rel=\"nofollow noopener\" target=\"_blank\">un dernier concert le 26 janvier 2025<\/a>. Mais la bonne nouvelle, c&rsquo;est que leur consoeur Sheila, elle, est de retour avec un nouvel album intitul\u00e9 \u00c0 l&rsquo;avenir, qui sort le 4 avril 2025. <a href=\"https:\/\/https:\/\/www.programme-tv.net\/\/news\/people\/372095-je-fais-du-sport-3-fois-par-semaine-sheila-devoile-le-secret-de-sa-forme-exceptionnelle-a-79-ans\/\" rel=\"nofollow\">\u00c0 79 ans, et dans une forme exceptionnelle<\/a>, la chanteuse s&rsquo;appr\u00eate m\u00eame \u00e0 partir en tourn\u00e9e, avec notamment une date au D\u00f4me de Paris programm\u00e9e le 18 novembre 2025.<\/p>\n<p>\u00ab\u00a0J&rsquo;esp\u00e8re qu&rsquo;il va y avoir une saison 6\u00a0\u00bb : cette s\u00e9rie dont Sheila attend la suite avec impatience<\/p>\n<p>Chanteuse, Sheila s&rsquo;est \u00e9galement frott\u00e9e \u00e0 la com\u00e9die le temps d&rsquo;un sketch in\u00e9dit de Sc\u00e8nes de m\u00e9nage, programm\u00e9 \u00e0 l&rsquo;occasion de la F\u00eate de la Musique en 2024. Une exp\u00e9rience qu&rsquo;elle a ador\u00e9e; puisqu&rsquo;elle a d\u00e9clar\u00e9 que le tournage avait \u00e9t\u00e9 \u00ab\u00a0une apr\u00e8s-midi de bonheur\u00a0\u00bb. Elle a surtout appr\u00e9ci\u00e9 de donner la r\u00e9plique \u00e0 <a href=\"https:\/\/www.programme-tv.net\/news\/series-tv\/355379-gerard-hernandez-est-un-homme-absolument-charmant-sheila-sous-le-charme-de-son-partenaire-dans-scenes-de-menages\/\" data-api-deeplink=\"teleloisirs:\/\/news\/355379\" rel=\"nofollow noopener\" target=\"_blank\">G\u00e9rard Hernandez, \u00ab\u00a0un homme absolument charmant, qui est \u00e0 l\u2019oppos\u00e9 du r\u00e2leur qu\u2019il <\/a><a href=\"https:\/\/www.programme-tv.net\/news\/series-tv\/355379-gerard-hernandez-est-un-homme-absolument-charmant-sheila-sous-le-charme-de-son-partenaire-dans-scenes-de-menages\/\" data-api-deeplink=\"teleloisirs:\/\/news\/355379\" rel=\"nofollow noopener\" target=\"_blank\">interpr\u00e8te \u00e0 l\u2019\u00e9cran.\u00a0\u00bb<\/a> Et quand elle ne joue pas dans une s\u00e9rie, Sheila en regarde ! Interview\u00e9e en exclusivit\u00e9 par T\u00e9l\u00e9-Loisirs, elle nous recommande d&rsquo;ailleurs chaudement Yellowstone, d\u00e9sormais diffus\u00e9e sur Netflix. \u00ab\u00a0Moi je veux vivre dans le Montana avec les chevaux et les cow-boys\u00a0\u00bb, s&rsquo;exclame-t-elle avec enthousiasme. D&rsquo;autant qu&rsquo;elle n&rsquo;a pas regard\u00e9 que la s\u00e9rie initiale avec Kevin Costner, mais \u00e9galement les spin-off. \u00ab\u00a0J&rsquo;ai tout fait : 1883, 1923 et Yellowstone\u00a0\u00bb, confirme la chanteuse avant de lancer : \u00ab\u00a0Et j&rsquo;esp\u00e8re qu&rsquo;il va y avoir une saison 6 car je suis en manque!\u00a0\u00bb<\/p>\n<p>                        Y&rsquo;aura-t-il une saison 6 de Yellowstone ?<\/p>\n<p>Sheila risque d&rsquo;\u00eatre tr\u00e8s d\u00e9\u00e7ue car a priori, <a href=\"https:\/\/https:\/\/www.programme-tv.net\/\/news\/series-tv\/375117-yellowstone-netflix-ce-qui-vous-attend-dans-la-saison-5\/\" rel=\"nofollow\">la saison 5 de Yellowstone<\/a> a \u00e9t\u00e9 annonc\u00e9e comme \u00e9tant la derni\u00e8re. Fort heureusement, elle va pouvoir se consoler devant les nouveaux spin-off de la s\u00e9rie, \u00e0 commencer par The Madison avec <a href=\"https:\/\/https:\/\/www.programme-tv.net\/\/news\/cinema\/205654-bon-anniversaire-michelle-pfeiffer-que-devient-elle\/\" rel=\"nofollow\">l&rsquo;actrice-phare des ann\u00e9es 80 Michelle Pfeiffer<\/a> dans le r\u00f4le principal. Sont \u00e9galement annonc\u00e9es deux autres s\u00e9ries autour de l&rsquo;univers imagin\u00e9 par Taylor Sheridan : l&rsquo;une, 1944, dont on ne sait pas encore grand-chose, mais dont l&rsquo;intrigue devrait logiquement se d\u00e9rouler pendant la Seconde Guerre Mondiale, et l&rsquo;autre, Beth et Rip, dont Beth Dutton et Rip Wheeler, incarn\u00e9s respectivement par Kelly Reilly et Cole Hauser, seront les h\u00e9ros. Voil\u00e0 qui promet \u00e0 Sheila et aux nombreux fans de Yellowstone de nouvelles \u00e9motions fortes devant leur petit \u00e9cran !<\/p>\n","protected":false},"excerpt":{"rendered":"En pleine promotion pour la sortie de son nouvel album intitul\u00e9 \u00c0 l&rsquo;avenir, qui sort le 4 avril&hellip;\n","protected":false},"author":2,"featured_media":90746,"comment_status":"","ping_status":"","sticky":false,"template":"","format":"standard","meta":{"footnotes":""},"categories":[1355],"tags":[244,58,59,8644,18287,1011,27,2173,20170,1361,873,10395,10830,129],"class_list":{"0":"post-90745","1":"post","2":"type-post","3":"status-publish","4":"format-standard","5":"has-post-thumbnail","7":"category-musique","8":"tag-commentaire","9":"tag-divertissement","10":"tag-entertainment","11":"tag-exclu","12":"tag-extraits","13":"tag-fr","14":"tag-france","15":"tag-interview","16":"tag-kevin-costner","17":"tag-music","18":"tag-musique","19":"tag-pub-streaming","20":"tag-sheila","21":"tag-svod"},"share_on_mastodon":{"url":"https:\/\/pubeurope.com\/@fr\/114486769327476042","error":""},"_links":{"self":[{"href":"https:\/\/www.europesays.com\/fr\/wp-json\/wp\/v2\/posts\/90745","targetHints":{"allow":["GET"]}}],"collection":[{"href":"https:\/\/www.europesays.com\/fr\/wp-json\/wp\/v2\/posts"}],"about":[{"href":"https:\/\/www.europesays.com\/fr\/wp-json\/wp\/v2\/types\/post"}],"author":[{"embeddable":true,"href":"https:\/\/www.europesays.com\/fr\/wp-json\/wp\/v2\/users\/2"}],"replies":[{"embeddable":true,"href":"https:\/\/www.europesays.com\/fr\/wp-json\/wp\/v2\/comments?post=90745"}],"version-history":[{"count":0,"href":"https:\/\/www.europesays.com\/fr\/wp-json\/wp\/v2\/posts\/90745\/revisions"}],"wp:featuredmedia":[{"embeddable":true,"href":"https:\/\/www.europesays.com\/fr\/wp-json\/wp\/v2\/media\/90746"}],"wp:attachment":[{"href":"https:\/\/www.europesays.com\/fr\/wp-json\/wp\/v2\/media?parent=90745"}],"wp:term":[{"taxonomy":"category","embeddable":true,"href":"https:\/\/www.europesays.com\/fr\/wp-json\/wp\/v2\/categories?post=90745"},{"taxonomy":"post_tag","embeddable":true,"href":"https:\/\/www.europesays.com\/fr\/wp-json\/wp\/v2\/tags?post=90745"}],"curies":[{"name":"wp","href":"https:\/\/api.w.org\/{rel}","templated":true}]}}