{"id":90756,"date":"2025-05-11T02:16:09","date_gmt":"2025-05-11T02:16:09","guid":{"rendered":"https:\/\/www.europesays.com\/fr\/90756\/"},"modified":"2025-05-11T02:16:09","modified_gmt":"2025-05-11T02:16:09","slug":"les-occidentaux-font-bloc-a-kiev-le-kremlin-denonce-une-volonte-de-confrontation","status":"publish","type":"post","link":"https:\/\/www.europesays.com\/fr\/90756\/","title":{"rendered":"Les Occidentaux font bloc \u00e0 Kiev, le Kremlin d\u00e9nonce une volont\u00e9 de \u00ab\u00a0confrontation\u00a0\u00bb"},"content":{"rendered":"<p>Vous avez rat\u00e9 les derniers \u00e9v\u00e9nements sur la guerre en Ukraine\u00a0? <a href=\"https:\/\/www.20minutes.fr\/dossier\/20_minutes\" class=\"color-ultramarine c-link\" rel=\"nofollow noopener\" target=\"_blank\">20 Minutes<\/a> fait le point pour vous tous les soirs. Entre les d\u00e9clarations fortes, les avanc\u00e9es sur le front et le bilan des combats, voici l\u2019essentiel de ce samedi 10\u00a0mai, au 1.172e jour de la guerre.<\/p>\n<p>L\u2019info du jour<\/p>\n<p><a href=\"https:\/\/www.20minutes.fr\/monde\/ukraine\/\" class=\"color-ultramarine c-link\" rel=\"nofollow noopener\" target=\"_blank\">L\u2019Ukraine <\/a>et ses principaux alli\u00e9s europ\u00e9ens, de concert avec les \u00c9tats-Unis, ont propos\u00e9 samedi \u00e0 la Russie un cessez-le-feu \u00ab\u00a0complet et inconditionnel\u00a0\u00bb de 30 jours \u00e0 partir de lundi, \u00e0 l\u2019issue d\u2019une visite \u00e0 Kiev d\u2019<a href=\"https:\/\/www.20minutes.fr\/politique\/emmanuel-macron\/\" class=\"color-ultramarine c-link\" rel=\"nofollow noopener\" target=\"_blank\">Emmanuel Macron<\/a>, Friedrich Merz, Keir Starmer et Donald Tusk. Cette proposition a d\u00e9j\u00e0 \u00e9t\u00e9 formul\u00e9e \u00e0 plusieurs reprises par l\u2019Ukraine ces derni\u00e8res semaines, mais rejet\u00e9e par la Russie qui veut d\u2019abord des engagements sur ses demandes, notamment que cessent les livraisons occidentales d\u2019armes \u00e0 Kiev.<\/p>\n<\/p>\n<p>\u00ab\u00a0Nous entendons des d\u00e9clarations contradictoires de la part de l\u2019<a href=\"https:\/\/www.20minutes.fr\/dossier\/europe\" class=\"color-ultramarine c-link\" rel=\"nofollow noopener\" target=\"_blank\">Europe<\/a>. Elles sont g\u00e9n\u00e9ralement ax\u00e9es sur la confrontation plut\u00f4t que sur des tentatives visant \u00e0 ressusciter nos relations d\u2019une mani\u00e8re ou d\u2019une autre\u00a0\u00bb, a regrett\u00e9 devant la presse le porte-parole de la pr\u00e9sidence russe, Dmitri Peskov.<\/p>\n<p>La phrase du jour<\/p>\n<blockquote class=\"mx-m@xs mx-xxl@md color-ultramarine c-citation\">\n<p class=\"font-weight-regular@xs text-italic font-source-serif-pro text-l@xs c-citation__content\">\u00ab\u00a0Donald Trump perd manifestement patience avec Poutine.\u00a0\u00bb<\/p>\n<\/blockquote>\n<p>Les Occidentaux mettent la pression sur la Russie pour qu\u2019elle accepte le cessez-le-feu. Si le <a href=\"https:\/\/www.20minutes.fr\/dossier\/kremlin\" class=\"color-ultramarine c-link\" rel=\"nofollow noopener\" target=\"_blank\">Kremlin<\/a> refuse, \u00ab\u00a0il y aura alors un durcissement massif des sanctions et l\u2019aide massive \u00e0 l\u2019Ukraine se poursuivra. Sur le plan politique, bien s\u00fbr, mais aussi sur le plan financier et militaire\u00a0\u00bb, a d\u00e9clar\u00e9 le chancelier allemand Friedrich Merz. \u00ab\u00a0Nous sommes en accord avec le gouvernement am\u00e9ricain, avec Donald Trump.\u00a0\u00bb Le pr\u00e9sident am\u00e9ricain \u00ab\u00a0perd manifestement patience avec <a href=\"https:\/\/www.20minutes.fr\/monde\/vladimir_poutine\/\" class=\"color-ultramarine c-link\" rel=\"nofollow noopener\" target=\"_blank\">Poutine\u00a0<\/a>\u00bb, qui \u00ab\u00a0doit r\u00e9pondre \u00e0 cette offre\u00a0\u00bb, a-t-il ajout\u00e9 dans cette interview.<\/p>\n<p>L\u2019objet du jour<\/p>\n<p>Le t\u00e9l\u00e9phone d\u2019Emmanuel Macron. Le pr\u00e9sident ukrainien Volodymyr Zelensky et les quatre dirigeants europ\u00e9ens ont t\u00e9l\u00e9phon\u00e9 \u00e0 <a href=\"https:\/\/www.20minutes.fr\/dossier\/donald_trump\" class=\"color-ultramarine c-link\" rel=\"nofollow noopener\" target=\"_blank\">Donald Trump<\/a> pour l\u2019informer des r\u00e9sultats de leurs entretiens. Sur des photos officielles du d\u00e9placement, on peut voir les cinq hommes assis autour d\u2019une table basse avec un t\u00e9l\u00e9phone portable allum\u00e9 dans le palais pr\u00e9sidentiel \u00e0 Kiev. Ils ont utilis\u00e9 le portable d\u2019Emmanuel Macron pour cet appel, a indiqu\u00e9 \u00e0 l\u2019AFP un responsable qui \u00e9tait pr\u00e9sent dans la salle.<\/p>\n<p>La tendance du jour<\/p>\n<p>L\u2019\u00e9lection du pape <a href=\"https:\/\/www.20minutes.fr\/monde\/pape-leon-xiv\/\" class=\"color-ultramarine c-link\" rel=\"nofollow noopener\" target=\"_blank\">L\u00e9on XIV<\/a> a-t-elle lanc\u00e9 un souffle de paix sur le monde\u00a0? Outre l\u2019offre de cessez-le-feu des Occidentaux, le Pakistan et l\u2019Inde ont \u00e9galement conclu <a href=\"https:\/\/www.20minutes.fr\/monde\/4152725-20250510-conflit-entre-inde-pakistan-islamabad-new-delhi-accepte-cessez-feu-immediat\" class=\"color-ultramarine c-link\" rel=\"nofollow noopener\" target=\"_blank\">un cessez-le-feu ce samedi<\/a>. Mais cette paix est en r\u00e9alit\u00e9 fragile. Le gouvernement indien accuse d\u00e9j\u00e0 Islamabad d\u2019avoir viol\u00e9 l\u2019accord, quelques heures seulement apr\u00e8s sa proclamation, alors que le front bouge aussi en Ukraine.<\/p>\n<p><a href=\"https:\/\/www.20minutes.fr\/monde\/ukraine\/\" class=\"c-link c-btn c-btn--primary\" rel=\"nofollow noopener\" target=\"_blank\">Tous nos articles sur la guerre en Ukraine<\/a><\/p>\n<p>L\u2019Ukraine n\u2019a pas fait \u00e9tat de frappes de missiles russes de longue port\u00e9e sur ses villes depuis le d\u00e9but de cette tr\u00eave mais elle a accus\u00e9 la Russie de centaines de violations sur la ligne de front. Non loin du front dans le nord-est de l\u2019Ukraine samedi, le porte-parole de la brigade militaire ukrainienne Khartia a assur\u00e9 qu\u2019il n\u2019y avait \u00ab\u00a0pas de tr\u00eave\u00a0\u00bb et que l\u2019intensit\u00e9 des combats est \u00ab\u00a0\u00e0 peu pr\u00e8s la m\u00eame\u00a0\u00bb que d\u2019habitude, ses troupes ayant essuy\u00e9 des tirs \u00e0 l\u2019arme lourde depuis jeudi, d\u00e9but du cessez-le-feu annonc\u00e9 par Vladimir Poutine.<\/p>\n","protected":false},"excerpt":{"rendered":"Vous avez rat\u00e9 les derniers \u00e9v\u00e9nements sur la guerre en Ukraine\u00a0? 20 Minutes fait le point pour vous&hellip;\n","protected":false},"author":2,"featured_media":90757,"comment_status":"","ping_status":"","sticky":false,"template":"","format":"standard","meta":{"footnotes":""},"categories":[5],"tags":[47,11,1073,1011,27,131,14,2581,4997,74,12,135,134,28],"class_list":{"0":"post-90756","1":"post","2":"type-post","3":"status-publish","4":"format-standard","5":"has-post-thumbnail","7":"category-international","8":"tag-actualite","9":"tag-actualites","10":"tag-emmanuel-macron","11":"tag-fr","12":"tag-france","13":"tag-guerre-en-ukraine","14":"tag-international","15":"tag-keir-starmer","16":"tag-kiev-kyiv","17":"tag-monde","18":"tag-news","19":"tag-vladimir-poutine","20":"tag-volodymyr-zelensky","21":"tag-world"},"share_on_mastodon":{"url":"https:\/\/pubeurope.com\/@fr\/114486796915788356","error":""},"_links":{"self":[{"href":"https:\/\/www.europesays.com\/fr\/wp-json\/wp\/v2\/posts\/90756","targetHints":{"allow":["GET"]}}],"collection":[{"href":"https:\/\/www.europesays.com\/fr\/wp-json\/wp\/v2\/posts"}],"about":[{"href":"https:\/\/www.europesays.com\/fr\/wp-json\/wp\/v2\/types\/post"}],"author":[{"embeddable":true,"href":"https:\/\/www.europesays.com\/fr\/wp-json\/wp\/v2\/users\/2"}],"replies":[{"embeddable":true,"href":"https:\/\/www.europesays.com\/fr\/wp-json\/wp\/v2\/comments?post=90756"}],"version-history":[{"count":0,"href":"https:\/\/www.europesays.com\/fr\/wp-json\/wp\/v2\/posts\/90756\/revisions"}],"wp:featuredmedia":[{"embeddable":true,"href":"https:\/\/www.europesays.com\/fr\/wp-json\/wp\/v2\/media\/90757"}],"wp:attachment":[{"href":"https:\/\/www.europesays.com\/fr\/wp-json\/wp\/v2\/media?parent=90756"}],"wp:term":[{"taxonomy":"category","embeddable":true,"href":"https:\/\/www.europesays.com\/fr\/wp-json\/wp\/v2\/categories?post=90756"},{"taxonomy":"post_tag","embeddable":true,"href":"https:\/\/www.europesays.com\/fr\/wp-json\/wp\/v2\/tags?post=90756"}],"curies":[{"name":"wp","href":"https:\/\/api.w.org\/{rel}","templated":true}]}}