{"id":907603,"date":"2026-05-03T01:04:14","date_gmt":"2026-05-03T01:04:14","guid":{"rendered":"https:\/\/www.europesays.com\/fr\/907603\/"},"modified":"2026-05-03T01:04:14","modified_gmt":"2026-05-03T01:04:14","slug":"doug-ford-recoit-un-diplome-honorifique-dune-universite-americaine","status":"publish","type":"post","link":"https:\/\/www.europesays.com\/fr\/907603\/","title":{"rendered":"Doug Ford re\u00e7oit un dipl\u00f4me honorifique d&rsquo;une universit\u00e9 am\u00e9ricaine"},"content":{"rendered":"<p>Le premier ministre de l\u2019Ontario, Doug Ford, s\u2019est vu d\u00e9cerner samedi un doctorat honorifique par une universit\u00e9 am\u00e9ricaine.<\/p>\n<p>V\u00eatu d\u2019une toge et d\u2019un mortier noirs, M.\u00a0Ford est mont\u00e9 sur sc\u00e8ne \u00e0 l\u2019universit\u00e9 d\u2019\u00c9tat de Saginaw Valley, dans le Michigan, pour recevoir un doctorat en lettres.<\/p>\n<p>Dans un discours de remise des dipl\u00f4mes qui a abord\u00e9 le diff\u00e9rend commercial en cours entre le Canada et les \u00c9tats-Unis, M.\u00a0Ford a reconnu que les dipl\u00f4m\u00e9s pr\u00e9sents se demandaient peut-\u00eatre pourquoi un politicien canadien se pr\u00e9sentait devant eux. <\/p>\n<p>Le premier ministre a expliqu\u00e9 aux \u00e9tudiants du Michigan qu\u2019il avait pass\u00e9 des ann\u00e9es \u00e0 vivre et \u00e0 travailler aux \u00c9tats-Unis pour aider \u00e0 d\u00e9velopper l\u2019entreprise familiale et a salu\u00e9 \u00abplus de 200\u00a0ans\u00bb de coop\u00e9ration entre le Canada et les \u00c9tats-Unis. <\/p>\n<p>Apr\u00e8s avoir \u00e9voqu\u00e9 sa carri\u00e8re dans les affaires et la politique, mentionnant notamment son passage au conseil municipal de Toronto aux c\u00f4t\u00e9s de son fr\u00e8re Rob, et apr\u00e8s avoir, une fois de plus, donn\u00e9 son num\u00e9ro de t\u00e9l\u00e9phone, M.\u00a0Ford a abord\u00e9 le sujet du commerce.<\/p>\n<p>Il a salu\u00e9 les liens \u00e9troits entre l\u2019Ontario et le Michigan dans le secteur de la construction automobile, mais a soutenu que ce partenariat avait \u00e9t\u00e9 mis \u00e0 l\u2019\u00e9preuve par \u00ables droits de douane et les guerres commerciales\u00bb.<\/p>\n<p>Le premier ministre a repris une citation de l\u2019ancien pr\u00e9sident am\u00e9ricain Ronald Reagan, qui figurait dans une publicit\u00e9 contre les droits de douane diffus\u00e9e par l\u2019Ontario sur les march\u00e9s am\u00e9ricains \u00e0 la fin de l\u2019ann\u00e9e derni\u00e8re. On a reproch\u00e9 \u00e0 cette publicit\u00e9 d\u2019avoir interrompu les n\u00e9gociations commerciales entre le Canada et les \u00c9tats-Unis.<\/p>\n<p>\u00abLes march\u00e9s se r\u00e9tr\u00e9cissent et s\u2019effondrent; les entreprises et les industries ferment; et des millions de personnes perdent leur emploi\u00bb, a soutenu M.\u00a0Ford, faisant \u00e9cho \u00e0 Reagan, dans une critique des politiques protectionnistes.<\/p>\n<p>\u00abC\u2019est ce que nous risquons avec les \u00c9tats-Unis et le Canada si nous ne recommen\u00e7ons pas \u00e0 travailler ensemble\u00bb, a d\u00e9clar\u00e9 le premier ministre ontarien. <\/p>\n<p>M.\u00a0Ford a conclu par un message adress\u00e9 aux dipl\u00f4m\u00e9s, les exhortant \u00e0 ne jamais oublier l\u2019importance du travail d\u2019\u00e9quipe, des relations et de la loyaut\u00e9.<\/p>\n<p>\u00abCe sont ces qualit\u00e9s qui vous m\u00e8neront au succ\u00e8s, tout comme elles ont permis \u00e0 nos deux grands pays de prosp\u00e9rer\u00bb, a-t-il affirm\u00e9.<\/p>\n<p>Le pr\u00e9sident de l\u2019universit\u00e9, George Grant Jr., a qualifi\u00e9 le premier ministre d\u2019ami et l\u2019a remerci\u00e9 d\u2019avoir favoris\u00e9 des relations solides dans la r\u00e9gion des Grands Lacs, des deux c\u00f4t\u00e9s de la fronti\u00e8re. <\/p>\n<p>M.\u00a0Ford s\u2019est positionn\u00e9 comme un fervent opposant aux droits de douane am\u00e9ricains et un critique du pr\u00e9sident am\u00e9ricain Donald Trump. <\/p>\n<p>Certains journalistes et commentateurs l\u2019ont surnomm\u00e9 \u00abCapitaine Canada\u00bb alors qu\u2019il s\u2019en prenait aux \u00c9tats-Unis avec des mesures de r\u00e9torsion et plaidait en faveur de la coop\u00e9ration canado-am\u00e9ricaine dans une s\u00e9rie d\u2019entrevues sur des cha\u00eenes d\u2019information am\u00e9ricaines. <\/p>\n<p>Le premier ministre ontarien s\u2019est notamment illustr\u00e9 en retirant les alcools am\u00e9ricains des rayons de la LCBO quelques jours apr\u00e8s l\u2019entr\u00e9e en vigueur des droits de douane am\u00e9ricains et en portant une casquette \u00abLe Canada n\u2019est pas \u00e0 vendre\u00bb lors d\u2019une r\u00e9union \u00e0 Ottawa, alors que M.\u00a0Trump mena\u00e7ait d\u2019annexer le pays.<\/p>\n<p>Les politiques anti-droits de douane de M.\u00a0Ford ont \u00e9galement vis\u00e9 le Michigan, o\u00f9 se trouve l\u2019universit\u00e9 qui lui d\u00e9cerne dor\u00e9navant un dipl\u00f4me, lorsqu\u2019il a impos\u00e9 des droits de douane de 25\u00a0% sur toutes les exportations d\u2019\u00e9lectricit\u00e9 vers les \u00c9tats-Unis. <\/p>\n<p>Ce droit de douane a \u00e9t\u00e9 suspendu le lendemain, l\u2019Ontario ayant per\u00e7u 260\u00a0000\u00a0$ gr\u00e2ce \u00e0 cette mesure qui, selon lui, aurait affect\u00e9 1,5\u00a0million de foyers et d\u2019entreprises dans le Michigan, le Minnesota et l\u2019\u00c9tat de New York.<\/p>\n<p>L\u2019universit\u00e9 d\u2019\u00c9tat de Saginaw Valley est une universit\u00e9 publique situ\u00e9e \u00e0 University Centre, dans le Michigan, fond\u00e9e en 1963.<\/p>\n","protected":false},"excerpt":{"rendered":"Le premier ministre de l\u2019Ontario, Doug Ford, s\u2019est vu d\u00e9cerner samedi un doctorat honorifique par une universit\u00e9 am\u00e9ricaine.&hellip;\n","protected":false},"author":2,"featured_media":907604,"comment_status":"","ping_status":"","sticky":false,"template":"","format":"standard","meta":{"footnotes":"","_share_on_mastodon":"0"},"categories":[1589],"tags":[11,73,1866,4574,4575,97049,4576,12,1864,1865,1863,308],"class_list":["post-907603","post","type-post","status-publish","format-standard","has-post-thumbnail","category-etats-unis","tag-actualites","tag-etats-unis","tag-etats-unis-damerique","tag-https-lactualite-com-sujet-affaires","tag-https-lactualite-com-sujet-economie","tag-https-lactualite-com-sujet-media","tag-https-lactualite-com-sujet-politique","tag-news","tag-united-states","tag-united-states-of-america","tag-us","tag-usa"],"share_on_mastodon":{"url":"https:\/\/pubeurope.com\/@fr\/116507959017804877","error":""},"_links":{"self":[{"href":"https:\/\/www.europesays.com\/fr\/wp-json\/wp\/v2\/posts\/907603","targetHints":{"allow":["GET"]}}],"collection":[{"href":"https:\/\/www.europesays.com\/fr\/wp-json\/wp\/v2\/posts"}],"about":[{"href":"https:\/\/www.europesays.com\/fr\/wp-json\/wp\/v2\/types\/post"}],"author":[{"embeddable":true,"href":"https:\/\/www.europesays.com\/fr\/wp-json\/wp\/v2\/users\/2"}],"replies":[{"embeddable":true,"href":"https:\/\/www.europesays.com\/fr\/wp-json\/wp\/v2\/comments?post=907603"}],"version-history":[{"count":0,"href":"https:\/\/www.europesays.com\/fr\/wp-json\/wp\/v2\/posts\/907603\/revisions"}],"wp:featuredmedia":[{"embeddable":true,"href":"https:\/\/www.europesays.com\/fr\/wp-json\/wp\/v2\/media\/907604"}],"wp:attachment":[{"href":"https:\/\/www.europesays.com\/fr\/wp-json\/wp\/v2\/media?parent=907603"}],"wp:term":[{"taxonomy":"category","embeddable":true,"href":"https:\/\/www.europesays.com\/fr\/wp-json\/wp\/v2\/categories?post=907603"},{"taxonomy":"post_tag","embeddable":true,"href":"https:\/\/www.europesays.com\/fr\/wp-json\/wp\/v2\/tags?post=907603"}],"curies":[{"name":"wp","href":"https:\/\/api.w.org\/{rel}","templated":true}]}}