{"id":907623,"date":"2026-05-03T01:20:17","date_gmt":"2026-05-03T01:20:17","guid":{"rendered":"https:\/\/www.europesays.com\/fr\/907623\/"},"modified":"2026-05-03T01:20:17","modified_gmt":"2026-05-03T01:20:17","slug":"entretien-je-preferais-tourner-la-page-coralie-demay-explique-pourquoi-elle-a-pris-sa-retraite-sportive","status":"publish","type":"post","link":"https:\/\/www.europesays.com\/fr\/907623\/","title":{"rendered":"ENTRETIEN. \u00ab\u00a0Je pr\u00e9f\u00e9rais tourner la page\u00a0\u00bb\u00a0: Coralie Demay explique pourquoi elle a pris sa retraite sportive"},"content":{"rendered":"<p>Une page se tourne pour Coralie Demay. La Morbihannaise de 33\u00a0ans, sans contrat depuis le d\u00e9but de la saison, a annonc\u00e9, samedi 2\u00a0mai, mettre un terme \u00e0 sa carri\u00e8re de cycliste professionnelle. En contacts avanc\u00e9s avec la nouvelle \u00e9quipe Ma Petite Entreprise, l\u2019Elvinoise a finalement d\u00e9cid\u00e9 de raccrocher le v\u00e9lo. Elle explique pourquoi. Entretien.<\/p>\n<p><strong>Coralie, pourquoi avoir d\u00e9cid\u00e9 de mettre un terme \u00e0 votre carri\u00e8re\u00a0?<\/strong><\/p>\n<p>Je n\u2019avais toujours pas de contrat malgr\u00e9 quelques pistes s\u00e9rieuses. J\u2019attendais que \u00e7a se mette en route cette ann\u00e9e mais on est d\u00e9j\u00e0 d\u00e9but mai. Je ne voulais pas attendre toute l\u2019ann\u00e9e pour trouver une \u00e9quipe pour les championnats de France et le Tour de France. Si je n\u2019avais pas de contrat maintenant, je ne voyais pas comment j\u2019aurais pu \u00eatre op\u00e9rationnel. Je ne m\u2019entra\u00eenais plus comme une cycliste pro, j\u2019attendais d\u2019avoir un contrat. Le fait que cela n\u2019arrive pas officiellement, je pr\u00e9f\u00e9rais tourner la page et passer \u00e0 ma vie d\u2019apr\u00e8s.<\/p>\n<p><strong>L\u2019attente a d\u00fb \u00eatre longue depuis janvier\u2026<\/strong><\/p>\n<p>Oui, apr\u00e8s je l\u2019ai accept\u00e9e. Je sentais que je n\u2019\u00e9tais pas encore finie. J\u2019avais envie de performer. J\u2019ai aussi fait le choix de ne pas accepter de petits contrats. Je ne voulais pas aller n\u2019importe o\u00f9. J\u2019ai refus\u00e9 des \u00e9quipes. Je voulais attendre et voir si je pouvais rentrer dans l\u2019\u00e9quipe avec laquelle je discutais\u00a0(Ma Petite Entreprise). Mais comme \u00e7a ne se faisait pas, j\u2019ai envie de dire que c\u2019\u00e9tait le&#8230;<\/p>\n","protected":false},"excerpt":{"rendered":"Une page se tourne pour Coralie Demay. La Morbihannaise de 33\u00a0ans, sans contrat depuis le d\u00e9but de la&hellip;\n","protected":false},"author":2,"featured_media":907624,"comment_status":"","ping_status":"","sticky":false,"template":"","format":"standard","meta":{"footnotes":"","_share_on_mastodon":"0"},"categories":[1411],"tags":[1154,207,86042,1011,27,87417,22567,91947,1781,3729,8061,14972,517,60,3165],"class_list":["post-907623","post","type-post","status-publish","format-standard","has-post-thumbnail","category-cyclisme","tag-cycling","tag-cyclisme","tag-elven","tag-fr","tag-france","tag-groupama-fdj-united","tag-locmine","tag-locmine-saint-colomban","tag-lorient","tag-morbihan","tag-piste","tag-ploermel","tag-sport","tag-sports","tag-vannes"],"share_on_mastodon":{"url":"https:\/\/pubeurope.com\/@fr\/116508021685958077","error":""},"_links":{"self":[{"href":"https:\/\/www.europesays.com\/fr\/wp-json\/wp\/v2\/posts\/907623","targetHints":{"allow":["GET"]}}],"collection":[{"href":"https:\/\/www.europesays.com\/fr\/wp-json\/wp\/v2\/posts"}],"about":[{"href":"https:\/\/www.europesays.com\/fr\/wp-json\/wp\/v2\/types\/post"}],"author":[{"embeddable":true,"href":"https:\/\/www.europesays.com\/fr\/wp-json\/wp\/v2\/users\/2"}],"replies":[{"embeddable":true,"href":"https:\/\/www.europesays.com\/fr\/wp-json\/wp\/v2\/comments?post=907623"}],"version-history":[{"count":0,"href":"https:\/\/www.europesays.com\/fr\/wp-json\/wp\/v2\/posts\/907623\/revisions"}],"wp:featuredmedia":[{"embeddable":true,"href":"https:\/\/www.europesays.com\/fr\/wp-json\/wp\/v2\/media\/907624"}],"wp:attachment":[{"href":"https:\/\/www.europesays.com\/fr\/wp-json\/wp\/v2\/media?parent=907623"}],"wp:term":[{"taxonomy":"category","embeddable":true,"href":"https:\/\/www.europesays.com\/fr\/wp-json\/wp\/v2\/categories?post=907623"},{"taxonomy":"post_tag","embeddable":true,"href":"https:\/\/www.europesays.com\/fr\/wp-json\/wp\/v2\/tags?post=907623"}],"curies":[{"name":"wp","href":"https:\/\/api.w.org\/{rel}","templated":true}]}}