{"id":90794,"date":"2025-05-11T02:43:14","date_gmt":"2025-05-11T02:43:14","guid":{"rendered":"https:\/\/www.europesays.com\/fr\/90794\/"},"modified":"2025-05-11T02:43:14","modified_gmt":"2025-05-11T02:43:14","slug":"rugby-top-14-rct","status":"publish","type":"post","link":"https:\/\/www.europesays.com\/fr\/90794\/","title":{"rendered":"Rugby &#8211; Top 14 : RCT"},"content":{"rendered":"<p>Une mar\u00e9e rouge a envahi Marseille ce samedi. Entre les plages de l&rsquo;escale Bor\u00e9ly et l&rsquo;avenue du Prado, supporters toulonnais et toulousains se m\u00e9langeaient sous le soleil de la capitale phoc\u00e9enne au son de la Banda Vinoix. M\u00eame l&rsquo;initiation au rugby fauteuil dans le cadre de son projet solidaire \u00ab\u00a0Ruck N Roule\u00a0\u00bb a mis tout le monde d&rsquo;accord. C&rsquo;\u00e9tait vraiment jour de f\u00eate. <a href=\"https:\/\/www.laprovence.com\/article\/sports\/25911687478774\/rugby-top-14-un-air-de-revanche-et-un-velodrome-record-pour-toulon-toulouse\" target=\"_blank\" rel=\"noopener\">Dans les tribunes de l&rsquo;Orange V\u00e9lodrome avant le coup d&rsquo;envoi<\/a>, difficile de faire le distinguo entre les deux tribus m\u00eame si, au fil des minutes et de la d\u00e9monstration toulousaines, le virage Sud a pris le dessus sur le peuple toulonnais.<\/p>\n<p>Une couleur rouge, v\u00e9ritable fil conducteur d&rsquo;une soir\u00e9e noire pour le RCT o\u00f9 l&rsquo;expulsion de Baptiste Serin aura \u00e9t\u00e9 lourde de cons\u00e9quences. Parce que derri\u00e8re, les hommes de Pierre Mignoni ont pris la mar\u00e9e. D\u00e9j\u00e0, le demi de m\u00eal\u00e9e varois \u00e9tait parti se reposer 10 minutes apr\u00e8s un premier jaune d\u00e8s la 9e minute en \u00e9croulant volontairement un maul.<\/p>\n<p>Trente minutes plus tard alors que les Toulonnais \u00e9taient revenus de l&rsquo;enfer en recollant au score (13-14), le natif de La Teste-de-Buch se faisait rattraper par la patrouille et notamment l&rsquo;\u0153il avis\u00e9 de M. Rozier avec l&rsquo;aide la vid\u00e9o, sur une faute d&rsquo;antijeu au sol, en jouant au pied un ballon dans un ruck.<\/p>\n<p>D&rsquo;\u00e9normes errements d\u00e9fensifs<\/p>\n<p>Sanction imm\u00e9diate juste avant la pause avec un carton rouge fatal qui ne laissait pr\u00e9sager rien de bon pour la suite. Toulon payait cash son indiscipline avec trois cartons (dont ce rouge) en premi\u00e8re p\u00e9riode.<\/p>\n<p>Cette premi\u00e8re expulsion de la carri\u00e8re du ma\u00eetre \u00e0 jouer varois d\u00e9sorganisait compl\u00e8tement tout le syst\u00e8me mis en place par Pierre Mingoni. La suite devenait un v\u00e9ritable supplice avec des trous b\u00e9ants dans la d\u00e9fense du RCT. Il n&rsquo;en valait pas plus pour que le rouleau compresseur toulousain n&rsquo;\u00e9crase cette rencontre avec ma\u00eetrise et un banc XXL. Ce rouge a vraiment chang\u00e9 la donne m\u00eame si ce n&rsquo;est pas la seule explication pour justifier les \u00e9normes errements d\u00e9fensifs. Toulon va devoir dig\u00e9rer cette gifle et faire sans Baptiste Serin lors de son prochain d\u00e9placement \u00e0 Pau.<\/p>\n","protected":false},"excerpt":{"rendered":"Une mar\u00e9e rouge a envahi Marseille ce samedi. Entre les plages de l&rsquo;escale Bor\u00e9ly et l&rsquo;avenue du Prado,&hellip;\n","protected":false},"author":2,"featured_media":90795,"comment_status":"","ping_status":"","sticky":false,"template":"","format":"standard","meta":{"footnotes":""},"categories":[2816],"tags":[17,1111,11,7288,1777,674,1011,27,12,2680,3461,25,7289,479,20174,60,3030,2312],"class_list":{"0":"post-90794","1":"post","2":"type-post","3":"status-publish","4":"format-standard","5":"has-post-thumbnail","7":"category-toulouse","8":"tag-17","9":"tag-actu","10":"tag-actualites","11":"tag-carton","12":"tag-eu","13":"tag-europe","14":"tag-fr","15":"tag-france","16":"tag-news","17":"tag-occitanie","18":"tag-rct","19":"tag-republique-francaise","20":"tag-rouge","21":"tag-rugby","22":"tag-serin","23":"tag-sports","24":"tag-top","25":"tag-toulouse"},"share_on_mastodon":{"url":"https:\/\/pubeurope.com\/@fr\/114486902970398309","error":""},"_links":{"self":[{"href":"https:\/\/www.europesays.com\/fr\/wp-json\/wp\/v2\/posts\/90794","targetHints":{"allow":["GET"]}}],"collection":[{"href":"https:\/\/www.europesays.com\/fr\/wp-json\/wp\/v2\/posts"}],"about":[{"href":"https:\/\/www.europesays.com\/fr\/wp-json\/wp\/v2\/types\/post"}],"author":[{"embeddable":true,"href":"https:\/\/www.europesays.com\/fr\/wp-json\/wp\/v2\/users\/2"}],"replies":[{"embeddable":true,"href":"https:\/\/www.europesays.com\/fr\/wp-json\/wp\/v2\/comments?post=90794"}],"version-history":[{"count":0,"href":"https:\/\/www.europesays.com\/fr\/wp-json\/wp\/v2\/posts\/90794\/revisions"}],"wp:featuredmedia":[{"embeddable":true,"href":"https:\/\/www.europesays.com\/fr\/wp-json\/wp\/v2\/media\/90795"}],"wp:attachment":[{"href":"https:\/\/www.europesays.com\/fr\/wp-json\/wp\/v2\/media?parent=90794"}],"wp:term":[{"taxonomy":"category","embeddable":true,"href":"https:\/\/www.europesays.com\/fr\/wp-json\/wp\/v2\/categories?post=90794"},{"taxonomy":"post_tag","embeddable":true,"href":"https:\/\/www.europesays.com\/fr\/wp-json\/wp\/v2\/tags?post=90794"}],"curies":[{"name":"wp","href":"https:\/\/api.w.org\/{rel}","templated":true}]}}