{"id":90800,"date":"2025-05-11T02:48:17","date_gmt":"2025-05-11T02:48:17","guid":{"rendered":"https:\/\/www.europesays.com\/fr\/90800\/"},"modified":"2025-05-11T02:48:17","modified_gmt":"2025-05-11T02:48:17","slug":"le-ministre-de-la-sante-en-deplacement-a-mions-ce-samedi","status":"publish","type":"post","link":"https:\/\/www.europesays.com\/fr\/90800\/","title":{"rendered":"le ministre de la Sant\u00e9 en d\u00e9placement \u00e0 Mions ce samedi"},"content":{"rendered":"<p itemprop=\"description\"><strong>Yannick Neuder, ministre de la Sant\u00e9 et de l\u2019Acc\u00e8s aux soins, va se rendre \u00e0 Mions (Rh\u00f4ne) pour inaugurer une nouvelle maison de sant\u00e9.<\/strong><\/p>\n<p>Ce samedi 10 mai, le ministre charg\u00e9 de la Sant\u00e9 et de l\u2019Acc\u00e8s aux soins, Yannick Neuder, sera en d\u00e9placement dans le Rh\u00f4ne. Plus pr\u00e9cis\u00e9ment, le membre du gouvernement Bayrou se rendra dans la commune de Mions, situ\u00e9e au sud-est de Lyon. Ce n\u2019est pas la premi\u00e8re fois qu\u2019il vient dans le secteur. En janvier dernier, l\u2019homme de 56 ans avait visiter les Hospices Civils de Lyon.<\/p>\n<p>L\u2019objectif de ce d\u00e9placement sera d\u2019inaugurer la maison de sant\u00e9 de Mions, implant\u00e9e dans la rue du 11 novembre. Une visite des locaux s\u2019effectuera \u00e0 partir de 14h. Apr\u00e8s cela, le ministre \u00e9changera avec les professionnels de sant\u00e9 de la ville.<\/p>\n<p>Pour cl\u00f4turer sa venue dans l\u2019Est lyonnais, Yannick Neuder signera la charte des Incubateurs de Sant\u00e9 Solidaire du d\u00e9partement du Rh\u00f4ne \u00ab\u00a0pour soutenir l\u2019innovation en sant\u00e9 solidaire\u00a0\u00bb, peut-on lire dans le communiqu\u00e9 publi\u00e9 par le minist\u00e8re.<\/p>\n","protected":false},"excerpt":{"rendered":"Yannick Neuder, ministre de la Sant\u00e9 et de l\u2019Acc\u00e8s aux soins, va se rendre \u00e0 Mions (Rh\u00f4ne) pour&hellip;\n","protected":false},"author":2,"featured_media":90801,"comment_status":"","ping_status":"","sticky":false,"template":"","format":"standard","meta":{"footnotes":""},"categories":[1889],"tags":[1111,11,2813,2190,2430,1109,251,1112,2811,1777,674,118,1011,27,1922,1110,1114,2428,2810,12,241,316,25,2812,517,800],"class_list":{"0":"post-90800","1":"post","2":"type-post","3":"status-publish","4":"format-standard","5":"has-post-thumbnail","7":"category-lyon","8":"tag-actu","9":"tag-actualites","10":"tag-article","11":"tag-asvel","12":"tag-auvergne-rhone-alpes","13":"tag-breves","14":"tag-culture","15":"tag-depeches","16":"tag-economique","17":"tag-eu","18":"tag-europe","19":"tag-faits-divers","20":"tag-fr","21":"tag-france","22":"tag-info","23":"tag-informations","24":"tag-infos","25":"tag-lyon","26":"tag-lyonmag","27":"tag-news","28":"tag-ol","29":"tag-politique","30":"tag-republique-francaise","31":"tag-sociale","32":"tag-sport","33":"tag-transports"},"share_on_mastodon":{"url":"https:\/\/pubeurope.com\/@fr\/114486922673797929","error":""},"_links":{"self":[{"href":"https:\/\/www.europesays.com\/fr\/wp-json\/wp\/v2\/posts\/90800","targetHints":{"allow":["GET"]}}],"collection":[{"href":"https:\/\/www.europesays.com\/fr\/wp-json\/wp\/v2\/posts"}],"about":[{"href":"https:\/\/www.europesays.com\/fr\/wp-json\/wp\/v2\/types\/post"}],"author":[{"embeddable":true,"href":"https:\/\/www.europesays.com\/fr\/wp-json\/wp\/v2\/users\/2"}],"replies":[{"embeddable":true,"href":"https:\/\/www.europesays.com\/fr\/wp-json\/wp\/v2\/comments?post=90800"}],"version-history":[{"count":0,"href":"https:\/\/www.europesays.com\/fr\/wp-json\/wp\/v2\/posts\/90800\/revisions"}],"wp:featuredmedia":[{"embeddable":true,"href":"https:\/\/www.europesays.com\/fr\/wp-json\/wp\/v2\/media\/90801"}],"wp:attachment":[{"href":"https:\/\/www.europesays.com\/fr\/wp-json\/wp\/v2\/media?parent=90800"}],"wp:term":[{"taxonomy":"category","embeddable":true,"href":"https:\/\/www.europesays.com\/fr\/wp-json\/wp\/v2\/categories?post=90800"},{"taxonomy":"post_tag","embeddable":true,"href":"https:\/\/www.europesays.com\/fr\/wp-json\/wp\/v2\/tags?post=90800"}],"curies":[{"name":"wp","href":"https:\/\/api.w.org\/{rel}","templated":true}]}}