{"id":90808,"date":"2025-05-11T02:54:18","date_gmt":"2025-05-11T02:54:18","guid":{"rendered":"https:\/\/www.europesays.com\/fr\/90808\/"},"modified":"2025-05-11T02:54:18","modified_gmt":"2025-05-11T02:54:18","slug":"un-festival-du-centre-pompidou-de-paris-delocalise-dans-loise-tout-est-gratuit","status":"publish","type":"post","link":"https:\/\/www.europesays.com\/fr\/90808\/","title":{"rendered":"Un festival du Centre Pompidou de Paris d\u00e9localis\u00e9 dans l&rsquo;Oise, tout est gratuit"},"content":{"rendered":"<p>            Par<br \/>\n        <strong><br \/>\n            <a href=\"https:\/\/actu.fr\/auteur\/adrien-deschepper\" title=\"Consulter tous les articles de Adrien Deschepper\" target=\"_blank\" rel=\"noopener\">Adrien Deschepper<\/a><br \/>\n        <\/strong><\/p>\n<p>        Publi\u00e9 le<\/p>\n<p>            10 mai 2025 \u00e0 17h44        <\/p>\n<p>Rouvert depuis quelques semaines, le Quadrilat\u00e8re de <strong>Beauvais<\/strong>, dans l\u2019<a href=\"http:\/\/actu.fr\/oise\/\" target=\"_blank\" rel=\"noopener\">Oise<\/a>, accueillera un grand festival habituellement organis\u00e9 au <strong>Centre Pompidou<\/strong> de Paris. Le centre national d\u2019art et de culture a r\u00e9cemment <a href=\"https:\/\/actu.fr\/ile-de-france\/paris_75056\/un-saut-dans-le-vide-a-paris-la-fermeture-du-centre-pompidou-angoisse-les-commercants-du-quartier_62353032.html\" target=\"_blank\" rel=\"noopener\">ferm\u00e9 ses portes pour cinq ann\u00e9es de travaux<\/a>. Alors forc\u00e9ment, tout ce qui s\u2019y d\u00e9roulait \u00e0 l\u2019int\u00e9rieur est chamboul\u00e9.<\/p>\n<p class=\" wall-content\">C\u2019est le cas notamment du <strong>festival de l\u2019image en mouvement<\/strong> \u00ab\u00a0Hors Pistes\u00a0\u00bb, qui a d\u00fb revoir ses plans. Et c\u2019est bel et bien l\u2019Oise qui l\u2019accueillera, exceptionnellement cette ann\u00e9e, du 17 mai au 15 juin 2025, dans <a href=\"https:\/\/actu.fr\/hauts-de-france\/beauvais_60057\/des-vestiges-d-il-y-a-1-800-ans-devoiles-avant-leur-ouverture-dans-l-oise-une-experience-inedite_62362648.html\" target=\"_blank\" rel=\"noopener\">le centre d\u2019art de Beauvais<\/a> mais \u00e9galement dans la commune de <strong>Hermes<\/strong>.<\/p>\n<p>Expositions, spectacles, cin\u00e9ma et concert<\/p>\n<p class=\" wall-content\">Se voulant itin\u00e9rant, ce rendez-vous circulera ces cinq prochaines ann\u00e9es \u00e0 travers diff\u00e9rentes r\u00e9gions \u00ab\u00a0en portant une attention particuli\u00e8re aux enjeux de la cr\u00e9ation en milieu rural\u00a0\u00bb.\u00a0<\/p>\n<p class=\" wall-content\">Un \u00e9v\u00e8nement pluridisciplinaire <strong>enti\u00e8rement gratuit pour les visiteurs<\/strong>, rebaptis\u00e9 pour l\u2019occasion \u00ab\u00a0Hors Champs\u00a0\u00bb, lors duquel se m\u00ealeront expositions, spectacles, projections de courts-m\u00e9trages et concert. A Beauvais et Hermes, cette premi\u00e8re \u00e9dition s\u2019intitulera \u00ab\u00a0Et si on s\u2019envolait ?\u00a0\u00bb<\/p>\n<p>Le programme du festival<\/p>\n<p>&#8211; Samedi 17 mai : inauguration du festival \u00e0 Hermes et au Quadrilat\u00e8re.<br \/>&#8211; Du 17 mai au 15 juin : exposition d\u2019\u0153uvres des artistes Dominique Blais, Thibaut Brunet, Pauline Delwaulle, Ga\u00eblle Foray, S\u00e9verine Hubart, Camille Llobet et Sabrina Ratt\u00e9 au c\u0153ur du village \u00e0 Hermes et au Quadrilat\u00e8re de Beauvais.<br \/>&#8211; Du 18 au 22 mai \u00e0 Hermes et du 1er au 5 juin au Quadrilat\u00e8re : d\u00e9couvrez la curieuse installation de la Compagnie G\u00e1ubi et prenez voix au spectacle qui m\u00eale corde lisse et cr\u00e9ation sonore.<br \/>&#8211; Samedi 24 mai \u00e0 14h30 : Un expos\u00e9 en trois \u00e9clipses performance de Gr\u00e9gory Buchert &#8211; auditorium du Quadrilat\u00e8re.<br \/>&#8211; Dimanche 25 mai \u00e0 17h : projection du film Heureux comme Lazzaro d\u2019Alice Rohrwacher pr\u00e9sent\u00e9 par l\u2019\u00e9quipe du Centre Pompidou &#8211; auditorium du Quadrilat\u00e8re.<br \/>&#8211; Samedi 7 juin \u00e0 17h : concert en ext\u00e9rieur de Baptiste W. Hamon \u2013 place de l\u2019\u00e9glise \u00e0 Hermes.<br \/>&#8211; Samedi 14 juin \u00e0 la tomb\u00e9e de la nuit : cin\u00e9ma en plein air avec une programmations de courts et moyens m\u00e9trages : Les myst\u00e9rieuses aventures de Claude Conseil de Marie-Lola Terver et Paul Jousselin, Mulette de Lara Hirzel et Attention brouillard d\u2019Alice Brygo et Lousie Hallou.<\/p>\n<p>Vid\u00e9os : en ce moment sur Actu\u00ab\u00a0Dans des lieux inattendus\u00a0\u00bb<\/p>\n<p class=\" wall-content\">Ce festival \u00ab\u00a0explorera le m\u00e9lange troublant entre le r\u00e9el et l\u2019imaginaire, invitant \u00e0 d\u00e9celer dans la routine des villages et des campagnes des espaces o\u00f9 l\u2019extraordinaire s\u2019introduit pour s\u2019envoler vers d\u2019autres r\u00e9cits\u00a0\u00bb, pr\u00e9sente le Centre Pompidou.<\/p>\n<p class=\" wall-content\">\n<blockquote class=\"ac-article-quote wall-content\">\n<p>En \u00e9cho \u00e0 son titre \u00ab\u00a0Et si on s\u2019envolait ?\u00a0\u00bb, Hors Pistes \/ Hors Champs invite \u00e0 porter un regard neuf sur le territoire, en r\u00e9v\u00e9lant les passerelles entre le r\u00e9el et l\u2019imaginaire, les paysages ruraux et les r\u00e9cits fantastiques.<\/p>\n<p>    <strong>Le Quadrilat\u00e8re &#8211; Centre d&rsquo;art de Beauvais<\/strong>\n            <\/p><\/blockquote>\n<p class=\" wall-content\">La premi\u00e8re journ\u00e9e de ce festival d\u00e9butera avec l\u2019arriv\u00e9e d\u2019une artiste en kayak, sur la rivi\u00e8re du Th\u00e9rain, \u00e0 Hermes, <a href=\"https:\/\/actu.fr\/hauts-de-france\/hermes_60313\/le-pere-noel-defile-en-kayak-la-tradition-insolite-a-succes-de-cette-commune-de-l-oise_61988265.html\" target=\"_blank\" rel=\"noopener\">commune o\u00f9 cette pratique est une vraie religion<\/a>. Voulant s\u2019immiscer \u00ab\u00a0dans des lieux inattendus\u00a0\u00bb, il s\u2019invitera ensuite dans une ancienne \u00e9cole, un club de kayak ou encore dans une vieille maison de village.<\/p>\n<p>      <img   decoding=\"async\" loading=\"lazy\" src=\"https:\/\/www.europesays.com\/fr\/wp-content\/uploads\/2025\/05\/hermes-festival-hors-champs-centre-pompidou-960x640.jpeg\" alt=\"Hermes est une commune de 2 500 habitants, situ\u00e9e \u00e0 une quinzaine de kilom\u00e8tres de Beauvais. Elle est travers\u00e9e par la rivi\u00e8re du Th\u00e9rain.\" width=\"960\" height=\"640\"\/><br \/>\n    Hermes est une commune de 2 500 habitants, situ\u00e9e \u00e0 une quinzaine de kilom\u00e8tres de Beauvais. Elle est travers\u00e9e par la rivi\u00e8re du Th\u00e9rain. (\u00a9Adrien Deschepper \/ actu Oise)<\/p>\n<p class=\" wall-content\">Deux s\u00e9ances de films de patrimoine auront lieu au Quadrilat\u00e8re, les samedi 17 et dimanche 25 mai prochains, tandis que Hermes accueillera deux s\u00e9ances \u00e0 destination des \u00e9coles.<\/p>\n<blockquote class=\"ac-article-quote wall-content\">\n<p>Cultiver le sentiment que l\u2019art est un bien commun nous semble aujourd\u2019hui essentiel, et ne peut se faire qu\u2019au plus proche des habitants et de leurs lieux de vie. C\u2019est un grand honneur de le faire avec le Centre Pompidou via le Festival Hors Pistes\/Hors Champs, avec qui nous partageons l\u2019attention aux \u00e9chos du monde et l\u2019envie de proposer, ici, une exp\u00e9rience plurielle et d\u00e9cloisonn\u00e9e de la cr\u00e9ation contemporaine.<\/p>\n<p>    <strong>Lucy Hofbauer<\/strong><br \/>\n        Directrice du Quadrilat\u00e8re \u2013 Centre d\u2019art de Beauvais    <\/p><\/blockquote>\n<p class=\" wall-content\">Une s\u00e9ance en plein air viendra ensuite clore le festival, toujours \u00e0 Hermes, le samedi 14 juin, \u00e0 la tomb\u00e9e de la nuit. Trois courts-m\u00e9trages \u00ab\u00a0pour s\u2019aventurer dans la fantaisie, s\u2019\u00e9loigner du lieu commun et toucher inlassablement\u00a0\u00bb seront diffus\u00e9s.<\/p>\n<p class=\" wall-content\">Durant ce festival, une compagnie, une artiste circassienne et une performeuse sonore viendront \u00e9galement proposer des spectacles vivants \u00e0 Beauvais et Hermes.\u00a0<\/p>\n<p class=\" wall-content\">Suivez toute l\u2019actualit\u00e9 de vos villes et m\u00e9dias favoris en vous inscrivant \u00e0 <a href=\"https:\/\/moncompte.actu.fr\" title=\"D\u00e9couvez Mon Actu\" rel=\"nofollow noopener\" data-trk=\"{&quot;cta&quot;:{&quot;action&quot;:&quot;https:\\\/\\\/moncompte.actu.fr&quot;,&quot;category&quot;:&quot;mon compte&quot;,&quot;from&quot;:&quot;article footer&quot;,&quot;name&quot;:&quot;Mon actu&quot;,&quot;type&quot;:&quot;cta&quot;}}\" target=\"_blank\">Mon Actu<\/a>.<\/p>\n","protected":false},"excerpt":{"rendered":"Par Adrien Deschepper Publi\u00e9 le 10 mai 2025 \u00e0 17h44 Rouvert depuis quelques semaines, le Quadrilat\u00e8re de Beauvais,&hellip;\n","protected":false},"author":2,"featured_media":90809,"comment_status":"","ping_status":"","sticky":false,"template":"","format":"standard","meta":{"footnotes":""},"categories":[1888],"tags":[11,1777,674,1011,27,7364,12,626,25,104],"class_list":{"0":"post-90808","1":"post","2":"type-post","3":"status-publish","4":"format-standard","5":"has-post-thumbnail","7":"category-paris","8":"tag-actualites","9":"tag-eu","10":"tag-europe","11":"tag-fr","12":"tag-france","13":"tag-loise","14":"tag-news","15":"tag-paris","16":"tag-republique-francaise","17":"tag-societe"},"share_on_mastodon":{"url":"https:\/\/pubeurope.com\/@fr\/114486946303569655","error":""},"_links":{"self":[{"href":"https:\/\/www.europesays.com\/fr\/wp-json\/wp\/v2\/posts\/90808","targetHints":{"allow":["GET"]}}],"collection":[{"href":"https:\/\/www.europesays.com\/fr\/wp-json\/wp\/v2\/posts"}],"about":[{"href":"https:\/\/www.europesays.com\/fr\/wp-json\/wp\/v2\/types\/post"}],"author":[{"embeddable":true,"href":"https:\/\/www.europesays.com\/fr\/wp-json\/wp\/v2\/users\/2"}],"replies":[{"embeddable":true,"href":"https:\/\/www.europesays.com\/fr\/wp-json\/wp\/v2\/comments?post=90808"}],"version-history":[{"count":0,"href":"https:\/\/www.europesays.com\/fr\/wp-json\/wp\/v2\/posts\/90808\/revisions"}],"wp:featuredmedia":[{"embeddable":true,"href":"https:\/\/www.europesays.com\/fr\/wp-json\/wp\/v2\/media\/90809"}],"wp:attachment":[{"href":"https:\/\/www.europesays.com\/fr\/wp-json\/wp\/v2\/media?parent=90808"}],"wp:term":[{"taxonomy":"category","embeddable":true,"href":"https:\/\/www.europesays.com\/fr\/wp-json\/wp\/v2\/categories?post=90808"},{"taxonomy":"post_tag","embeddable":true,"href":"https:\/\/www.europesays.com\/fr\/wp-json\/wp\/v2\/tags?post=90808"}],"curies":[{"name":"wp","href":"https:\/\/api.w.org\/{rel}","templated":true}]}}