{"id":90812,"date":"2025-05-11T02:56:11","date_gmt":"2025-05-11T02:56:11","guid":{"rendered":"https:\/\/www.europesays.com\/fr\/90812\/"},"modified":"2025-05-11T02:56:11","modified_gmt":"2025-05-11T02:56:11","slug":"vladimir-poutine-propose-des-negociations-directes-avec-lukraine-a-istanbul-le-15-mai","status":"publish","type":"post","link":"https:\/\/www.europesays.com\/fr\/90812\/","title":{"rendered":"Vladimir Poutine propose des n\u00e9gociations directes avec l&rsquo;Ukraine \u00e0 Istanbul le 15 mai"},"content":{"rendered":"<p>Le pr\u00e9sident russe estime que ces discussions devraient porter sur \u00ables causes profondes du conflit\u00bb en cours depuis plus de trois ans.<\/p>\n<p class=\"fig-paragraph\">Le pr\u00e9sident russe<a href=\"http:\/\/www.lefigaro.fr\/international\/a-moscou-vladimir-poutine-met-en-scene-la-fin-de-son-isolement-lors-de-la-grande-parade-de-la-victoire-20250509\" data-fig-type=\"Article\" data-gtm-custom-categorie=\"navigation\" data-gtm-custom-action=\"crossclick\" data-gtm-custom-label=\"Contextuel\" data-gtm-event=\"customEventSPE\" data-fig-domain=\"LEFIGARO\" target=\"_blank\" rel=\"noopener\">\u00a0Vladimir Poutine<\/a>\u00a0a propos\u00e9 dimanche des n\u00e9gociations \u00abdirectes\u00bb et \u00absans condition pr\u00e9alable\u00bb entre\u00a0<a href=\"http:\/\/www.lefigaro.fr\/international\/dossier\/tensions-entre-la-russie-et-l-ukraine-tout-comprendre-a-la-menace-d-une-invasion-russe\" data-fig-type=\"Topic\" data-gtm-custom-categorie=\"navigation\" data-gtm-custom-action=\"crossclick\" data-gtm-custom-label=\"Contextuel\" data-gtm-event=\"customEventSPE\" data-fig-domain=\"LEFIGARO\" target=\"_blank\" rel=\"noopener\">la Russie et l&rsquo;Ukraine<\/a>\u00a0le 15 mai \u00e0 Istanbul, repoussant \u00e0 de telles discussions la possibilit\u00e9 d&rsquo;instaurer un cessez-le-feu malgr\u00e9\u00a0<a href=\"http:\/\/www.lefigaro.fr\/international\/macron-merz-starmer-et-tusk-a-kiev-pour-afficher-l-unite-de-l-union-europeenne-derriere-l-ukraine-20250510\" data-fig-type=\"Article\" data-gtm-custom-categorie=\"navigation\" data-gtm-custom-action=\"crossclick\" data-gtm-custom-label=\"Contextuel\" data-gtm-event=\"customEventSPE\" data-fig-domain=\"LEFIGARO\" target=\"_blank\" rel=\"noopener\">l&rsquo;ultimatum lanc\u00e9 par les Occidentaux<\/a>.<\/p>\n<p class=\"fig-paragraph\">Dans une rare d\u00e9monstration d\u2019unit\u00e9 occidentale, l\u2019Ukraine et ses alli\u00e9s europ\u00e9ens ont adress\u00e9 samedi un ultimatum \u00e0 Moscou pour accepter un cessez-le-feu \u00abcomplet et inconditionnel\u00bb de 30 jours \u00e0 partir de lundi, faute de quoi Moscou s\u2019exposerait \u00e0 de nouvelles \u00absanctions massives\u00bb.<\/p>\n<p class=\"fig-paragraph\">Sans \u00e9voquer directement cette proposition, le pr\u00e9sident russe a reproch\u00e9 aux Europ\u00e9ens de traiter la Russie \u00abde mani\u00e8re grossi\u00e8re et \u00e0 l\u2019aide d\u2019ultimatums\u00bb et a estim\u00e9 que l\u2019instauration d\u2019une tr\u00eave devrait s\u2019inscrire dans des discussions \u00abdirectes\u00bb plus larges sur le conflit en cours depuis plus de trois ans.<\/p>\n<p>\u00abLa Russie est pr\u00eate \u00e0 des n\u00e9gociations\u00bb<\/p>\n<p class=\"fig-paragraph\">\u00abLa Russie est pr\u00eate \u00e0 des n\u00e9gociations sans aucune condition pr\u00e9alable (&#8230;.). Nous proposons de commencer d\u00e8s jeudi prochain, le 15 mai, \u00e0 Istanbul\u00bb, a d\u00e9clar\u00e9 M. Poutine dans une d\u00e9claration \u00e0 la presse, en pr\u00e9sence de journalistes de l\u2019AFP, tard dans la nuit au Kremlin, pr\u00e9cisant qu\u2019il s\u2019entretiendrait dans les heures qui viennent avec le pr\u00e9sident turc Recep Tayyip Erdogan. Il a ajout\u00e9 que ces discussions devraient porter sur \u00ables causes profondes du conflit\u00bb.<\/p>\n<p class=\"fig-paragraph\">\u00abNous n\u2019excluons pas qu\u2019au cours de ces n\u00e9gociations, il soit possible de se mettre d\u2019accord sur de nouveaux cessez-le-feu, un nouveau cessez-le-feu, v\u00e9ritable, qui serait respect\u00e9 non seulement par la Russie mais aussi par la partie ukrainienne, ce qui serait le premier pas vers une paix durable \u00e0 long terme\u00bb, a-t-il ajout\u00e9.<\/p>\n<p>Sanctions \u00abmassives et coordonn\u00e9es\u00bb<\/p>\n<p class=\"fig-paragraph\">L\u2019offensive massive lanc\u00e9e par la Russie en f\u00e9vrier 2022 a fait des dizaines de milliers de morts et la Russie occupe actuellement 20% du territoire ukrainien. Alors que les cartes ont \u00e9t\u00e9 rebattues par le retour \u00e0 la Maison Blanche de Donald Trump, qui a entam\u00e9 un rapprochement avec Vladimir Poutine et assure vouloir mettre fin au conflit, Moscou a rejet\u00e9 jusqu\u2019\u00e0 pr\u00e9sent les appels au cessez-le-feu. Le Kremlin s\u2019est content\u00e9 de d\u00e9cr\u00e9ter unilat\u00e9ralement une tr\u00eave de trois jours pour les comm\u00e9morations des 80 ans de la victoire sur l\u2019Allemagne nazie, qui s\u2019est achev\u00e9e dans la nuit de samedi \u00e0 dimanche.<\/p>\n<p class=\"fig-paragraph\">L\u2019Ukraine n\u2019a pas fait \u00e9tat de frappes de missiles russes de longue port\u00e9e sur ses villes pendant cette tr\u00eave mais elle a accus\u00e9 la Russie de centaines de violations sur la ligne de front. Apr\u00e8s un appel t\u00e9l\u00e9phonique avec Donald Trump jeudi, le pr\u00e9sident ukrainien Volodymyr Zelensky avait assur\u00e9 que l\u2019Ukraine \u00e9tait \u00abpr\u00eate\u00bb \u00e0 mener \u00abtous formats de n\u00e9gociations\u00bb avec Moscou. \u00abMais pour que cela arrive, il faut que la Russie montre qu\u2019elle veut s\u00e9rieusement terminer la guerre, en commen\u00e7ant par un cessez-le-feu complet et sans conditions\u00bb, avait-t-il poursuivi.<\/p>\n<p class=\"fig-paragraph\">M. Zelensky a re\u00e7u samedi le soutien de ses alli\u00e9s \u00e0 l\u2019occasion d\u2019une visite \u00e0 Kiev des dirigeants fran\u00e7ais Emmanuel Macron, allemand Friedrich Merz, britannique Keir Starmer et polonais Donald Tusk. Selon le pr\u00e9sident fran\u00e7ais, une vingtaine de pays membres d\u2019une \u00abcoalition des volontaires\u00bb de soutiens \u00e0 l\u2019Ukraine, qui ont \u00e9chang\u00e9 par visioconf\u00e9rence avec les dirigeants r\u00e9unis \u00e0 Kiev autour de l\u2019Ukrainien Volodymyr Zelensky, ont d\u00e9cid\u00e9 de soutenir un cessez-le-feu \u00abde 30 jours\u00bb avec une surveillance assur\u00e9e principalement par les \u00c9tats-Unis d\u2019Am\u00e9rique et \u00e0 laquelle \u00abtous les Europ\u00e9ens contribueront\u00bb.<\/p>\n<p class=\"fig-paragraph\">Si la Russie refuse ce cessez-le-feu ou l\u2019accepte mais le viole, il a \u00e9t\u00e9 convenu que \u00abdes sanctions massives seraient pr\u00e9par\u00e9es et coordonn\u00e9es entre Europ\u00e9ens et Am\u00e9ricains\u00bb, a-t-il pr\u00e9cis\u00e9.<\/p>\n","protected":false},"excerpt":{"rendered":"Le pr\u00e9sident russe estime que ces discussions devraient porter sur \u00ables causes profondes du conflit\u00bb en cours depuis&hellip;\n","protected":false},"author":2,"featured_media":90813,"comment_status":"","ping_status":"","sticky":false,"template":"","format":"standard","meta":{"footnotes":""},"categories":[1591],"tags":[259,11,260,1887,3482,14,261,12,262,3497,1885,1886,132,135],"class_list":{"0":"post-90812","1":"post","2":"type-post","3":"status-publish","4":"format-standard","5":"has-post-thumbnail","7":"category-russie","8":"tag-actualite-internationale","9":"tag-actualites","10":"tag-affaires-etrangeres","11":"tag-federation-de-russie","12":"tag-guerre-russie-ukraine","13":"tag-international","14":"tag-ministere-des-affaires-etrangeres","15":"tag-news","16":"tag-politique-etrangere","17":"tag-recep-tayyip-erdogan","18":"tag-russia","19":"tag-russian-federation","20":"tag-russie","21":"tag-vladimir-poutine"},"share_on_mastodon":{"url":"https:\/\/pubeurope.com\/@fr\/114486954117593576","error":""},"_links":{"self":[{"href":"https:\/\/www.europesays.com\/fr\/wp-json\/wp\/v2\/posts\/90812","targetHints":{"allow":["GET"]}}],"collection":[{"href":"https:\/\/www.europesays.com\/fr\/wp-json\/wp\/v2\/posts"}],"about":[{"href":"https:\/\/www.europesays.com\/fr\/wp-json\/wp\/v2\/types\/post"}],"author":[{"embeddable":true,"href":"https:\/\/www.europesays.com\/fr\/wp-json\/wp\/v2\/users\/2"}],"replies":[{"embeddable":true,"href":"https:\/\/www.europesays.com\/fr\/wp-json\/wp\/v2\/comments?post=90812"}],"version-history":[{"count":0,"href":"https:\/\/www.europesays.com\/fr\/wp-json\/wp\/v2\/posts\/90812\/revisions"}],"wp:featuredmedia":[{"embeddable":true,"href":"https:\/\/www.europesays.com\/fr\/wp-json\/wp\/v2\/media\/90813"}],"wp:attachment":[{"href":"https:\/\/www.europesays.com\/fr\/wp-json\/wp\/v2\/media?parent=90812"}],"wp:term":[{"taxonomy":"category","embeddable":true,"href":"https:\/\/www.europesays.com\/fr\/wp-json\/wp\/v2\/categories?post=90812"},{"taxonomy":"post_tag","embeddable":true,"href":"https:\/\/www.europesays.com\/fr\/wp-json\/wp\/v2\/tags?post=90812"}],"curies":[{"name":"wp","href":"https:\/\/api.w.org\/{rel}","templated":true}]}}