{"id":90814,"date":"2025-05-11T02:57:11","date_gmt":"2025-05-11T02:57:11","guid":{"rendered":"https:\/\/www.europesays.com\/fr\/90814\/"},"modified":"2025-05-11T02:57:11","modified_gmt":"2025-05-11T02:57:11","slug":"poutine-propose-des-negociations-directes-avec-lukraine-mais-ignore-lappel-au-cessez-le-feu-11-05-2025-a-0406","status":"publish","type":"post","link":"https:\/\/www.europesays.com\/fr\/90814\/","title":{"rendered":"Poutine propose des n\u00e9gociations directes avec l&rsquo;Ukraine mais ignore l&rsquo;appel au cessez-le-feu &#8211; 11\/05\/2025 \u00e0 04:06"},"content":{"rendered":"<p>        <img fetchpriority=\"high\" decoding=\"async\" src=\"https:\/\/www.europesays.com\/fr\/wp-content\/uploads\/2025\/05\/b2df1d538244a39883c2ddaa869c94be-760x506.jpg\" alt=\"Le pr\u00e9sident russe Vladimir Poutine, le 10 mai 2025 \u00e0 Moscou ( AFP \/ Angelos Tzortzinis )\" loading=\"eager\" width=\"760\" height=\"506\" style=\"max-width: 100%!important; height: auto;\"\/><\/p>\n<p class=\"c-image-news__legend\">Le pr\u00e9sident russe Vladimir Poutine, le 10 mai 2025 \u00e0 Moscou ( AFP \/ Angelos Tzortzinis )<\/p>\n<p>\n Le pr\u00e9sident russe Vladimir Poutine a propos\u00e9 dimanche des n\u00e9gociations \u00ab\u00a0directes\u00a0\u00bb et \u00ab\u00a0sans condition pr\u00e9alable\u00a0\u00bb entre la Russie et l&rsquo;Ukraine d\u00e8s jeudi \u00e0 Istanbul, repoussant \u00e0 de telles discussions toute possibilit\u00e9 d&rsquo;instaurer le cessez-le-feu exig\u00e9 par les alli\u00e9s de Kiev.\n<\/p>\n<p>\n Dans une rare d\u00e9monstration d&rsquo;unit\u00e9 occidentale, l&rsquo;Ukraine et ses alli\u00e9s europ\u00e9ens, de concert avec les Etats-Unis, ont adress\u00e9 samedi un ultimatum \u00e0 Moscou pour accepter un cessez-le-feu \u00ab\u00a0complet et inconditionnel\u00a0\u00bb de 30 jours \u00e0 partir de lundi, faute de quoi la Russie s&rsquo;exposerait \u00e0 de nouvelles \u00ab\u00a0sanctions massives\u00a0\u00bb.\n<\/p>\n<p>\n Sans \u00e9voquer directement cette proposition, le pr\u00e9sident russe a reproch\u00e9 aux Europ\u00e9ens de traiter la Russie \u00ab\u00a0de mani\u00e8re grossi\u00e8re et \u00e0 l&rsquo;aide d&rsquo;ultimatums\u00a0\u00bb et a estim\u00e9 que l&rsquo;instauration d&rsquo;une tr\u00eave devrait s&rsquo;inscrire dans des discussions \u00ab\u00a0directes\u00a0\u00bb avec Kiev.\n<\/p>\n<p>\n \u00ab\u00a0La Russie est pr\u00eate \u00e0 des n\u00e9gociations sans aucune condition pr\u00e9alable (&#8230;.). Nous proposons de commencer d\u00e8s jeudi prochain, le 15 mai, \u00e0 Istanbul\u00a0\u00bb, a d\u00e9clar\u00e9 M. Poutine dans une d\u00e9claration \u00e0 la presse, en pr\u00e9sence de journalistes de l&rsquo;AFP, tard dans la nuit au Kremlin, pr\u00e9cisant qu&rsquo;il s&rsquo;entretiendrait dans les heures qui viennent avec le pr\u00e9sident turc Recep Tayyip Erdogan.\n<\/p>\n<p>\n Ce dernier, en contact r\u00e9gulier avec son homologue russe, a plusieurs fois propos\u00e9 d&rsquo;accueillir des pourparlers de paix.\n<\/p>\n<p>\n La Turquie, membre de l&rsquo;Otan, avait jou\u00e9 un r\u00f4le de m\u00e9diation en 2022 pour la conclusion d&rsquo;un accord permettant l&rsquo;exportation de c\u00e9r\u00e9ales ukrainiennes par la mer Noire, dont la Russie avait par la suite claqu\u00e9 la porte.\n<\/p>\n<p>\n Vladimir Poutine a averti que des discussions devraient porter sur \u00ab\u00a0les causes profondes du conflit\u00a0\u00bb &#8211; qu&rsquo;il a qualifi\u00e9 de \u00ab\u00a0guerre\u00a0\u00bb bien que ce terme soit rejet\u00e9 par les autorit\u00e9s russes &#8211; \u00ab\u00a0dans une perspective historique\u00a0\u00bb.\n<\/p>\n<p>\n \u00ab\u00a0Nous n&rsquo;excluons pas qu&rsquo;au cours de ces n\u00e9gociations, il soit possible de se mettre d&rsquo;accord sur de nouveaux cessez-le-feu\u00a0\u00bb, a-t-il ajout\u00e9, accusant Kiev d&rsquo;avoir viol\u00e9 \u00e0 de multiples reprises de pr\u00e9c\u00e9dentes tr\u00eaves ou moratoires sur les frappes sur les installations \u00e9nerg\u00e9tiques.\n<\/p>\n<p> &#8211; Sanctions \u00ab\u00a0massives et coordonn\u00e9es\u00a0\u00bb &#8211;<\/p>\n<p>\n L&rsquo;offensive massive lanc\u00e9e par la Russie en f\u00e9vrier 2022 a fait des dizaines de milliers de morts et la Russie occupe 20% du territoire ukrainien.\n<\/p>\n<p>\n Alors que les cartes ont \u00e9t\u00e9 rebattues par le retour \u00e0 la Maison Blanche de Donald Trump, qui a entam\u00e9 un rapprochement avec Vladimir Poutine, Moscou a rejet\u00e9 jusqu&rsquo;\u00e0 pr\u00e9sent les appels au cessez-le-feu.\n<\/p>\n<p>\n Le Kremlin s&rsquo;est content\u00e9 de d\u00e9cr\u00e9ter unilat\u00e9ralement une tr\u00eave de trois jours pour les comm\u00e9morations des 80 ans de la victoire sur l&rsquo;Allemagne nazie, qui s&rsquo;est achev\u00e9e dans la nuit de samedi \u00e0 dimanche.\n<\/p>\n<p>\n L&rsquo;Ukraine n&rsquo;a pas fait \u00e9tat de frappes de missiles russes de longue port\u00e9e sur ses villes pendant cette tr\u00eave mais elle a accus\u00e9 la Russie de centaines de violations sur la ligne de front.\n<\/p>\n<p>\n Apr\u00e8s un appel avec Donald Trump jeudi, le pr\u00e9sident ukrainien Volodymyr Zelensky avait assur\u00e9 que son pays \u00e9tait \u00ab\u00a0pr\u00eat\u00a0\u00bb \u00e0 mener \u00ab\u00a0tous formats de n\u00e9gociations\u00a0\u00bb avec Moscou, mais que la Russie devrait instaurer d&rsquo;abord un cessez-le-feu.\n<\/p>\n<p>\n M. Zelensky a re\u00e7u samedi le soutien de ses alli\u00e9s \u00e0 l&rsquo;occasion d&rsquo;une visite \u00e0 Kiev des dirigeants fran\u00e7ais Emmanuel Macron, allemand Friedrich Merz, britannique Keir Starmer et polonais Donald Tusk.\n<\/p>\n<p>        <img decoding=\"async\" src=\"https:\/\/www.europesays.com\/fr\/wp-content\/uploads\/2025\/05\/be799d60c0235185c2ec89eefee574ce-760x516.jpg\" alt=\"De gauche \u00e0 droite: le pr\u00e9sident fran\u00e7ais Emmanuel Macron, le chancelier allemand Friedrich Merz, le pr\u00e9sident ukrainien Volodymyr Zelensky, le Premier ministre polonais Donald Tusk et le Premier ministre britannique Keir Starmer, le 10 mai 2025 \u00e0 Kiev ( AFP \/ Genya SAVILOV )\" loading=\"eager\" width=\"760\" height=\"516\" style=\"max-width: 100%!important; height: auto;\"\/><\/p>\n<p class=\"c-image-news__legend\">De gauche \u00e0 droite: le pr\u00e9sident fran\u00e7ais Emmanuel Macron, le chancelier allemand Friedrich Merz, le pr\u00e9sident ukrainien Volodymyr Zelensky, le Premier ministre polonais Donald Tusk et le Premier ministre britannique Keir Starmer, le 10 mai 2025 \u00e0 Kiev ( AFP \/ Genya SAVILOV )<\/p>\n<p>\n Selon le pr\u00e9sident fran\u00e7ais, une vingtaine de pays membres d&rsquo;une \u00ab\u00a0coalition des volontaires\u00a0\u00bb de soutiens \u00e0 l&rsquo;Ukraine, qui ont \u00e9chang\u00e9 par visioconf\u00e9rence \u00e0 Kiev avec les dirigeants autour de  M. Zelensky, ont \u00ab\u00a0d\u00e9cid\u00e9 de soutenir un cessez-le-feu\u00a0\u00bb de 30 jours, \u00ab\u00a0avec une surveillance assur\u00e9e principalement par les Etats-Unis d&rsquo;Am\u00e9rique\u00a0\u00bb et \u00e0 laquelle \u00ab\u00a0tous les Europ\u00e9ens contribueront\u00a0\u00bb.\n<\/p>\n<p>\n Si la Russie refuse ce cessez-le-feu ou l&rsquo;accepte mais le viole, il a \u00e9t\u00e9 convenu que \u00ab\u00a0des sanctions massives seraient pr\u00e9par\u00e9es et coordonn\u00e9es entre Europ\u00e9ens et Am\u00e9ricains\u00a0\u00bb, a-t-il pr\u00e9cis\u00e9.\n<\/p>\n<p> &#8211; Aide militaire &#8211;<\/p>\n<p>\n Volodymyr Zelensky et les quatre Europ\u00e9ens ont t\u00e9l\u00e9phon\u00e9 \u00e0 Donald Trump pour l&rsquo;informer des r\u00e9sultats de leurs entretiens.\n<\/p>\n<p>        <img decoding=\"async\" src=\"https:\/\/www.europesays.com\/fr\/wp-content\/uploads\/2025\/05\/df7c7a022155fb2967aa07931d7a05c7-760x507.jpg\" alt=\"Le pr\u00e9sident am\u00e9ricain Donald Trump dans le Bureau ovale, \u00e0 la Maison Blanche, le 8 mai 2025 \u00e0 Washington ( AFP \/ Jim WATSON )\" loading=\"eager\" width=\"760\" height=\"507\" style=\"max-width: 100%!important; height: auto;\"\/><\/p>\n<p class=\"c-image-news__legend\">Le pr\u00e9sident am\u00e9ricain Donald Trump dans le Bureau ovale, \u00e0 la Maison Blanche, le 8 mai 2025 \u00e0 Washington ( AFP \/ Jim WATSON )<\/p>\n<p>\n Friedrich Merz a \u00e9voqu\u00e9 la poursuite d&rsquo;une \u00ab\u00a0aide massive\u00a0\u00bb \u00e0 Kiev faute de r\u00e9action du Kremlin et estim\u00e9 que la guerre russe en Ukraine \u00ab\u00a0vise \u00e0 d\u00e9truire l&rsquo;ordre politique europ\u00e9en tout entier\u00a0\u00bb.\n<\/p>\n<p>\n Sur la cha\u00eene am\u00e9ricaine ABC vendredi soir, le porte-parole du Kremlin, Dmitri Peskov, avait averti qu&rsquo;un cessez-le-feu devrait \u00eatre pr\u00e9c\u00e9d\u00e9 d&rsquo;un arr\u00eat des livraisons d&rsquo;armes occidentales.\n<\/p>\n<p>\n \u00ab\u00a0Manoeuvre dilatoire\u00a0\u00bb, a r\u00e9pliqu\u00e9 Emmanuel Macron.\n<\/p>\n<p>\n Sur le terrain, dans la nuit de samedi \u00e0 dimanche, apr\u00e8s l&rsquo;expiration de la tr\u00eave d\u00e9cr\u00e9t\u00e9e par Moscou, des alertes a\u00e9riennes ont retenti dans de nombreuses r\u00e9gions ukrainiennes, dont \u00e0 Kiev.\n<\/p>\n<p>\n Non loin du front dans le nord-est du pays, le porte-parole de la brigade militaire Khartia a assur\u00e9 \u00e0 l&rsquo;AFP qu&rsquo;il n&rsquo;y avait \u00ab\u00a0pas de tr\u00eave\u00a0\u00bb et que l&rsquo;intensit\u00e9 des combats \u00e9tait rest\u00e9e \u00ab\u00a0\u00e0 peu pr\u00e8s la m\u00eame\u00a0\u00bb que d&rsquo;habitude, ses troupes ayant essuy\u00e9 des tirs \u00e0 l&rsquo;arme lourde depuis jeudi, d\u00e9but du cessez-le-feu de trois jours d\u00e9cr\u00e9t\u00e9 par Moscou.\n<\/p>\n<p>\n L&rsquo;ambassade am\u00e9ricaine en Ukraine a mis en garde vendredi contre le risque d&rsquo;une importante \u00ab\u00a0attaque a\u00e9rienne\u00a0\u00bb russe ces prochains jours.<\/p>\n","protected":false},"excerpt":{"rendered":"Le pr\u00e9sident russe Vladimir Poutine, le 10 mai 2025 \u00e0 Moscou ( AFP \/ Angelos Tzortzinis ) Le&hellip;\n","protected":false},"author":2,"featured_media":90815,"comment_status":"","ping_status":"","sticky":false,"template":"","format":"standard","meta":{"footnotes":""},"categories":[1590],"tags":[400,11,398,408,405,1777,674,403,402,399,404,12,401,406,220,407],"class_list":{"0":"post-90814","1":"post","2":"type-post","3":"status-publish","4":"format-standard","5":"has-post-thumbnail","7":"category-ukraine","8":"tag-action-cac-40","9":"tag-actualites","10":"tag-bourse-de-paris","11":"tag-boursorama","12":"tag-cotations","13":"tag-eu","14":"tag-europe","15":"tag-indices-devises","16":"tag-investir","17":"tag-investissement","18":"tag-marche-boursier","19":"tag-news","20":"tag-sicav","21":"tag-trackers","22":"tag-ukraine","23":"tag-warrants"},"share_on_mastodon":{"url":"https:\/\/pubeurope.com\/@fr\/114486958118927200","error":""},"_links":{"self":[{"href":"https:\/\/www.europesays.com\/fr\/wp-json\/wp\/v2\/posts\/90814","targetHints":{"allow":["GET"]}}],"collection":[{"href":"https:\/\/www.europesays.com\/fr\/wp-json\/wp\/v2\/posts"}],"about":[{"href":"https:\/\/www.europesays.com\/fr\/wp-json\/wp\/v2\/types\/post"}],"author":[{"embeddable":true,"href":"https:\/\/www.europesays.com\/fr\/wp-json\/wp\/v2\/users\/2"}],"replies":[{"embeddable":true,"href":"https:\/\/www.europesays.com\/fr\/wp-json\/wp\/v2\/comments?post=90814"}],"version-history":[{"count":0,"href":"https:\/\/www.europesays.com\/fr\/wp-json\/wp\/v2\/posts\/90814\/revisions"}],"wp:featuredmedia":[{"embeddable":true,"href":"https:\/\/www.europesays.com\/fr\/wp-json\/wp\/v2\/media\/90815"}],"wp:attachment":[{"href":"https:\/\/www.europesays.com\/fr\/wp-json\/wp\/v2\/media?parent=90814"}],"wp:term":[{"taxonomy":"category","embeddable":true,"href":"https:\/\/www.europesays.com\/fr\/wp-json\/wp\/v2\/categories?post=90814"},{"taxonomy":"post_tag","embeddable":true,"href":"https:\/\/www.europesays.com\/fr\/wp-json\/wp\/v2\/tags?post=90814"}],"curies":[{"name":"wp","href":"https:\/\/api.w.org\/{rel}","templated":true}]}}