{"id":90820,"date":"2025-05-11T03:00:18","date_gmt":"2025-05-11T03:00:18","guid":{"rendered":"https:\/\/www.europesays.com\/fr\/90820\/"},"modified":"2025-05-11T03:00:18","modified_gmt":"2025-05-11T03:00:18","slug":"cetait-quoi-laccord-ami-ami-avec-lallemagne","status":"publish","type":"post","link":"https:\/\/www.europesays.com\/fr\/90820\/","title":{"rendered":"C\u2019\u00e9tait quoi l\u2019accord ami-ami avec l\u2019Allemagne ?"},"content":{"rendered":"<p><strong>COOp\u00c9RATION &#8211; Alors que la France et la Pologne vont signer un trait\u00e9 d\u2019amiti\u00e9 historique, permettant une meilleure coop\u00e9ration sur les questions de s\u00e9curit\u00e9 et de d\u00e9fense notamment, revenons sur l\u2019accord du m\u00eame type sign\u00e9 entre la France et l\u2019Allemagne en 2019<\/strong><\/p>\n<p>Ce vendredi 9 mai 2025 restera dans l\u2019Histoire comme le jour de la signature du trait\u00e9 d\u2019amiti\u00e9 franco-polonaise, \u00e0 Nancy. Ax\u00e9 notamment sur les questions de s\u00e9curit\u00e9 et de d\u00e9fense, mais aussi d\u2019autres domaines, ce trait\u00e9 historique ressemble comme deux gouttes d\u2019eau \u00e0 celui sign\u00e9 avec l\u2019Allemagne en 2019.<\/p>\n<p>Un air de d\u00e9j\u00e0-vu avec le trait\u00e9 d&rsquo;amiti\u00e9 franco-allemand<\/p>\n<p>Il y a six ans, le Pr\u00e9sident Emmanuel Macron et la Chanceli\u00e8re de la R\u00e9publique f\u00e9d\u00e9rale d\u2019Allemagne, <a href=\"https:\/\/www.20minutes.fr\/dossier\/angela_merkel?at_medium=RSS+feed&amp;at_campaign=ynews&amp;utm_source=yahoo&amp;utm_medium=rss&amp;utm_campaign=news_feed&amp;utm_content=in_article_link\" rel=\"nofollow noopener\" target=\"_blank\" data-ylk=\"slk:Angela Merkel;elm:context_link;itc:0;sec:content-canvas\" class=\"link \">Angela Merkel<\/a> ont sign\u00e9 un nouveau trait\u00e9 de coop\u00e9ration et d\u2019int\u00e9gration franco-allemand. Au sein de la salle du couronnement de l\u2019h\u00f4tel de ville d\u2019Aix-la-Chapelle, ce trait\u00e9 s\u2019appuyait sur le socle fondateur du Trait\u00e9 de l\u2019\u00c9lys\u00e9e de 1963, capital dans la r\u00e9conciliation historique entre la France et l\u2019Allemagne.<\/p>\n<p>Les deux pays signaient alors un accord visant \u00e0 les pr\u00e9parer aux d\u00e9fis du XXIe si\u00e8cle. Le trait\u00e9 d\u2019Aix-la-Chapelle avait permis de renforcer des liens d\u00e9j\u00e0 \u00e9troits entre l\u2019Allemagne et la France, comme par exemple en mati\u00e8re de politique \u00e9conomique, de politique \u00e9trang\u00e8re et de s\u00e9curit\u00e9, de l\u2019\u00e9ducation et de la culture, de la recherche et de la technologie, du climat et de l\u2019environnement, ainsi que dans la coop\u00e9ration entre les r\u00e9gions frontali\u00e8res et les soci\u00e9t\u00e9s civiles. La France et l\u2019Allemagne s\u2019\u00e9taient ainsi engag\u00e9es en faveur de la s\u00e9curit\u00e9 et de la prosp\u00e9rit\u00e9 de leurs citoyens, pour une <a href=\"https:\/\/www.20minutes.fr\/dossier\/europe?at_medium=RSS+feed&amp;at_campaign=ynews&amp;utm_source=yahoo&amp;utm_medium=rss&amp;utm_campaign=news_feed&amp;utm_content=in_article_link\" rel=\"nofollow noopener\" target=\"_blank\" data-ylk=\"slk:Europe;elm:context_link;itc:0;sec:content-canvas\" class=\"link \">Europe<\/a> plus souveraine, unie et d\u00e9mocratique.<\/p>\n<p>D\u2019ailleurs, la France a \u00e9galement nou\u00e9 des accords de ce type avec l(&#8230;)<\/p>\n<p><a href=\"https:\/\/www.20minutes.fr\/societe\/4151877-20250509-traite-amitie-france-pologne-quoi-accord-ami-ami-allemagne?at_medium=RSS+feed&amp;at_campaign=ynews&amp;utm_source=yahoo&amp;utm_medium=rss&amp;utm_campaign=news_feed&amp;utm_content=read_more_link\" rel=\"nofollow noopener\" target=\"_blank\" data-ylk=\"slk:Lire la suite sur 20minutes;elm:context_link;itc:0;sec:content-canvas\" class=\"link \">Lire la suite sur 20minutes<\/a><\/p>\n<p>\u00c0 lire aussi :<br \/><a href=\"https:\/\/www.20minutes.fr\/monde\/4094797-20240605-russie-maintenant-vladimir-poutine-veut-faire-ami-ami-talibans?at_medium=RSS+feed&amp;at_campaign=ynews&amp;utm_source=yahoo&amp;utm_medium=rss&amp;utm_campaign=news_feed&amp;utm_content=related_content_link\" rel=\"nofollow noopener\" target=\"_blank\" data-ylk=\"slk:Russie : Poutine fait ami-ami avec les talibans et jure qu\u2019il n\u2019attaquera pas l\u2019Otan;elm:context_link;itc:0;sec:content-canvas\" class=\"link \">Russie : Poutine fait ami-ami avec les talibans et jure qu\u2019il n\u2019attaquera pas l\u2019Otan<\/a><br \/><a href=\"https:\/\/www.20minutes.fr\/monde\/4152505-20250508-election-pape-leon-xiv-vague-reactions-diplomatiques-travers-monde?at_medium=RSS+feed&amp;at_campaign=ynews&amp;utm_source=yahoo&amp;utm_medium=rss&amp;utm_campaign=news_feed&amp;utm_content=related_content_link\" rel=\"nofollow noopener\" target=\"_blank\" data-ylk=\"slk:Election du pape L\u00e9on XIV : Vague de r\u00e9actions diplomatiques \u00e0 travers le monde;elm:context_link;itc:0;sec:content-canvas\" class=\"link \">Election du pape L\u00e9on XIV : Vague de r\u00e9actions diplomatiques \u00e0 travers le monde<\/a><\/p>\n","protected":false},"excerpt":{"rendered":"COOp\u00c9RATION &#8211; Alors que la France et la Pologne vont signer un trait\u00e9 d\u2019amiti\u00e9 historique, permettant une meilleure&hellip;\n","protected":false},"author":2,"featured_media":90821,"comment_status":"","ping_status":"","sticky":false,"template":"","format":"standard","meta":{"footnotes":""},"categories":[1587],"tags":[11,672,6388,1804,1805,1803,1777,674,27,1801,3442,12,1802,20177,20176],"class_list":{"0":"post-90820","1":"post","2":"type-post","3":"status-publish","4":"format-standard","5":"has-post-thumbnail","7":"category-allemagne","8":"tag-actualites","9":"tag-allemagne","10":"tag-angela-merkel","11":"tag-bundesrepublik-deutschland","12":"tag-de","13":"tag-deutschland","14":"tag-eu","15":"tag-europe","16":"tag-france","17":"tag-germany","18":"tag-lallemagne","19":"tag-news","20":"tag-republique-federale-dallemagne","21":"tag-traite-de-cooperation","22":"tag-traite-de-lelysee"},"share_on_mastodon":{"url":"https:\/\/pubeurope.com\/@fr\/114486969879172437","error":""},"_links":{"self":[{"href":"https:\/\/www.europesays.com\/fr\/wp-json\/wp\/v2\/posts\/90820","targetHints":{"allow":["GET"]}}],"collection":[{"href":"https:\/\/www.europesays.com\/fr\/wp-json\/wp\/v2\/posts"}],"about":[{"href":"https:\/\/www.europesays.com\/fr\/wp-json\/wp\/v2\/types\/post"}],"author":[{"embeddable":true,"href":"https:\/\/www.europesays.com\/fr\/wp-json\/wp\/v2\/users\/2"}],"replies":[{"embeddable":true,"href":"https:\/\/www.europesays.com\/fr\/wp-json\/wp\/v2\/comments?post=90820"}],"version-history":[{"count":0,"href":"https:\/\/www.europesays.com\/fr\/wp-json\/wp\/v2\/posts\/90820\/revisions"}],"wp:featuredmedia":[{"embeddable":true,"href":"https:\/\/www.europesays.com\/fr\/wp-json\/wp\/v2\/media\/90821"}],"wp:attachment":[{"href":"https:\/\/www.europesays.com\/fr\/wp-json\/wp\/v2\/media?parent=90820"}],"wp:term":[{"taxonomy":"category","embeddable":true,"href":"https:\/\/www.europesays.com\/fr\/wp-json\/wp\/v2\/categories?post=90820"},{"taxonomy":"post_tag","embeddable":true,"href":"https:\/\/www.europesays.com\/fr\/wp-json\/wp\/v2\/tags?post=90820"}],"curies":[{"name":"wp","href":"https:\/\/api.w.org\/{rel}","templated":true}]}}