{"id":90855,"date":"2025-05-11T03:22:14","date_gmt":"2025-05-11T03:22:14","guid":{"rendered":"https:\/\/www.europesays.com\/fr\/90855\/"},"modified":"2025-05-11T03:22:14","modified_gmt":"2025-05-11T03:22:14","slug":"ol-textor-a-recu-un-accueil-particulier-des-supporters","status":"publish","type":"post","link":"https:\/\/www.europesays.com\/fr\/90855\/","title":{"rendered":"OL : Textor a re\u00e7u un accueil particulier des supporters"},"content":{"rendered":"<p>                            <img width=\"770\" height=\"433\" src=\"https:\/\/www.europesays.com\/fr\/wp-content\/uploads\/2025\/04\/AFP__20240711__AGIF635382__v1__HighRes__Brazilian2024VitoriaXBotafogo-770x433.jpg\" class=\"attachment-article size-article wp-post-image\" alt=\"John Textor, propri\u00e9taire de l'OL et patron d'Eagle Football\" decoding=\"async\" fetchpriority=\"high\"  \/><\/p>\n<p>John Textor, propri\u00e9taire de l\u2019OL et patron d\u2019Eagle Football (Photo by Jhony Pinho \/ AGIF \/ AGIF via AFP)<\/p>\n<p>Dans le viseur des supporters de l\u2019OL depuis quelques jours, John Textor a \u00e9t\u00e9 accueilli par des sifflets et une banderole au stade Louis II.<\/p>\n<p>Dans <a href=\"https:\/\/www.olympique-et-lyonnais.com\/les-lyon-1950-sinquietent-de-la-situation-de-lol-et-interpellent-textor,361377.html\" rel=\"nofollow noopener\" target=\"_blank\">leur communiqu\u00e9<\/a> en marge du d\u00e9placement de l\u2019<strong>OL<\/strong> \u00e0 <strong>Monaco<\/strong>, les Lyon 1950 n\u2019avaient pas manqu\u00e9 de pointer les trop nombreuses absences de John <strong>Textor<\/strong> entre Rh\u00f4ne et Sa\u00f4ne. Ce samedi, le pr\u00e9sident lyonnais \u00e9tait bien pr\u00e9sent au stade Louis II pour soutenir Paulo <strong><a href=\"https:\/\/www.olympique-et-lyonnais.com\/ol-critique-fonseca-adopte-une-communication-pour-la-moins-surprenante,361344.html\" rel=\"nofollow noopener\" target=\"_blank\">Fonseca<\/a><\/strong> et ses joueurs dans le choc contre Monaco <a href=\"https:\/\/www.olympique-et-lyonnais.com\/lol-perd-a-monaco-2-0-et-peut-sen-mordre-les-doigts,361404.html\" rel=\"nofollow noopener\" target=\"_blank\">(d\u00e9faite 2-1)<\/a>. Cette venue dans la Principaut\u00e9 devrait s\u2019accompagner d\u2019une longue pr\u00e9sence \u00e0 Lyon afin de parler r\u00e9organisation, mais aussi de l\u2019avenir financier. En attendant, <strong>Textor<\/strong> n\u2019a pas manqu\u00e9 d\u2019aller \u00e0 la rencontre des supporters lyonnais en marge du match \u00e0 la sortie de l\u2019h\u00f4tel des joueurs. Pas forc\u00e9ment de v\u00e9h\u00e9mence dans les paroles, mais la crainte d\u2019une r\u00e9trogradation avec beaucoup de fans interpellant l\u2019Am\u00e9ricain avec \u00ab\u00a0pas de Ligue 2\u00a0\u00bb.<\/p>\n<p>Des sifflets au moment de passer devant le parcage<\/p>\n<p>L\u2019ambiance a \u00e9t\u00e9 bien diff\u00e9rente au stade Louis II et le parcage bien garni des supporters lyonnais. Avec l\u2019architecture atypique du stade mon\u00e9gasque, le propri\u00e9taire am\u00e9ricain a d\u00fb passer devant eux en compagnie de Michael <strong>Gerlinger<\/strong> et ce furent avant tout des sifflets qui ont accompagn\u00e9 ses pas. Une mise en bouche pour amener ce qui allait se passer avant le match. Les supporters ont d\u00e9ploy\u00e9 une banderole faisant r\u00e9f\u00e9rence au <a href=\"https:\/\/www.olympique-et-lyonnais.com\/ligue-1-labrune-vraiment-a-lorigine-du-rabibochage-entre-al-khelaifi-et-textor,361240.html\" rel=\"nofollow noopener\" target=\"_blank\">rabibochage<\/a> entre John <strong>Textor<\/strong> et Nasser <strong>Al-Khela\u00effi<\/strong>. Un message tr\u00e8s lourd de sens : \u00ab\u00a0JT : quand tu parlais de bourse, on ne pensait pas \u00e0 celle de Nasser\u00a0\u00bb\u2026<\/p>\n<p><img loading=\"lazy\" decoding=\"async\" width=\"600\" height=\"400\" src=\"https:\/\/www.europesays.com\/fr\/wp-content\/uploads\/2025\/05\/AFP__20250510__468P3G9__v1__HighRes__FblFraLigue1MonacoLyon-600x400.jpg\" alt=\"La banderole des supporters de l'OL contre John Textor\" class=\"wp-image-361415\" style=\"width:650px;height:auto\"  \/>La banderole des supporters de l&rsquo;OL contre John Textor (Photo by CLEMENT MAHOUDEAU \/ AFP)        <\/p>\n<p>\t\t\t\t\t<a href=\"https:\/\/www.olympique-et-lyonnais.com\/lol-perd-a-monaco-2-0-et-peut-sen-mordre-les-doigts,361404.html\" title=\"L\u2019OL perd \u00e0 Monaco (2-0) et peut s\u2019en mordre les doigts\" rel=\"nofollow noopener\" target=\"_blank\"><img loading=\"lazy\" width=\"580\" height=\"326\" src=\"https:\/\/www.europesays.com\/fr\/wp-content\/uploads\/2025\/05\/AFP__20250510__468L72V__v1__HighRes__FblFraLigue1MonacoLyon-580x326.jpg\" class=\"attachment-actularge size-actularge wp-post-image\" alt=\"Nemanja Matic face \u00e0 Denis Zakaria lors de Monaco - OL\" decoding=\"async\"  \/>\t\t\t\t\t<\/a><\/p>\n","protected":false},"excerpt":{"rendered":"John Textor, propri\u00e9taire de l\u2019OL et patron d\u2019Eagle Football (Photo by Jhony Pinho \/ AGIF \/ AGIF via&hellip;\n","protected":false},"author":2,"featured_media":1285,"comment_status":"","ping_status":"","sticky":false,"template":"","format":"standard","meta":{"footnotes":""},"categories":[9],"tags":[1011,27,66,241,978,60],"class_list":{"0":"post-90855","1":"post","2":"type-post","3":"status-publish","4":"format-standard","5":"has-post-thumbnail","7":"category-sports","8":"tag-fr","9":"tag-france","10":"tag-ligue-1","11":"tag-ol","12":"tag-olympique-lyonnais","13":"tag-sports"},"share_on_mastodon":{"url":"https:\/\/pubeurope.com\/@fr\/114487056485099926","error":""},"_links":{"self":[{"href":"https:\/\/www.europesays.com\/fr\/wp-json\/wp\/v2\/posts\/90855","targetHints":{"allow":["GET"]}}],"collection":[{"href":"https:\/\/www.europesays.com\/fr\/wp-json\/wp\/v2\/posts"}],"about":[{"href":"https:\/\/www.europesays.com\/fr\/wp-json\/wp\/v2\/types\/post"}],"author":[{"embeddable":true,"href":"https:\/\/www.europesays.com\/fr\/wp-json\/wp\/v2\/users\/2"}],"replies":[{"embeddable":true,"href":"https:\/\/www.europesays.com\/fr\/wp-json\/wp\/v2\/comments?post=90855"}],"version-history":[{"count":0,"href":"https:\/\/www.europesays.com\/fr\/wp-json\/wp\/v2\/posts\/90855\/revisions"}],"wp:featuredmedia":[{"embeddable":true,"href":"https:\/\/www.europesays.com\/fr\/wp-json\/wp\/v2\/media\/1285"}],"wp:attachment":[{"href":"https:\/\/www.europesays.com\/fr\/wp-json\/wp\/v2\/media?parent=90855"}],"wp:term":[{"taxonomy":"category","embeddable":true,"href":"https:\/\/www.europesays.com\/fr\/wp-json\/wp\/v2\/categories?post=90855"},{"taxonomy":"post_tag","embeddable":true,"href":"https:\/\/www.europesays.com\/fr\/wp-json\/wp\/v2\/tags?post=90855"}],"curies":[{"name":"wp","href":"https:\/\/api.w.org\/{rel}","templated":true}]}}