{"id":90864,"date":"2025-05-11T03:27:10","date_gmt":"2025-05-11T03:27:10","guid":{"rendered":"https:\/\/www.europesays.com\/fr\/90864\/"},"modified":"2025-05-11T03:27:10","modified_gmt":"2025-05-11T03:27:10","slug":"traite-et-esclavage-pourquoi-le-premier-ministre-a-choisi-brest","status":"publish","type":"post","link":"https:\/\/www.europesays.com\/fr\/90864\/","title":{"rendered":"Traite et esclavage\u00a0: pourquoi le Premier ministre a choisi Brest"},"content":{"rendered":"<p>C\u2019est une date anniversaire depuis 2006, cinq ans apr\u00e8s la loi Taubira ayant reconnu l\u2019esclavage et la traite n\u00e9gri\u00e8re comme crime contre l\u2019humanit\u00e9. Tous les 10 mai, la R\u00e9publique comm\u00e9more \u00ab\u00a0les m\u00e9moires de la traite, de l\u2018esclavage et de leurs abolitions\u00a0\u00bb. Pourquoi Brest en 2025\u00a0?<\/p>\n<p>Seules sept \u00ab\u00a0exp\u00e9ditions n\u00e9gri\u00e8res\u00a0\u00bb au d\u00e9part de Brest<\/p>\n<p>La raison est d\u2019abord politique. Depuis l\u2019an dernier, d\u00e9cision a \u00e9t\u00e9 prise de d\u00e9centraliser l\u2019\u00e9v\u00e9nement qui se d\u00e9roulait habituellement dans les jardins du Luxembourg, \u00e0 Paris. Apr\u00e8s La Rochelle l\u2019an pass\u00e9, Brest a \u00e9t\u00e9 sollicit\u00e9e et a \u00ab\u00a0tout de suite\u00a0\u00bb accept\u00e9 la proposition.<\/p>\n<p>Pourquoi cette ville d\u2019abord connue pour son port militaire quatre fois centenaire (l\u2019an prochain), comme l\u2019a rappel\u00e9, ce samedi, son maire, Fran\u00e7ois Cuillandre, et qui \u00ab\u00a0n\u2019est pas comparable \u00e0 celle des nombreux ports fran\u00e7ais qui ont, au cours des si\u00e8cles, tir\u00e9 profit commercial de l\u2019esclavage\u00a0\u00bb\u00a0? Au XVIIIe si\u00e8cle, en plein essor de ce commerce sans nom, sur 3\u00a0321 \u00ab\u00a0exp\u00e9ditions n\u00e9gri\u00e8res\u00a0\u00bb d\u00e9clench\u00e9es depuis les ports fran\u00e7ais, \u00ab\u00a0seules sept prirent le d\u00e9part de la cit\u00e9 du Ponant\u00a0\u00bb, a d\u2019ailleurs relev\u00e9 le Premier ministre Fran\u00e7ois Bayrou.<\/p>\n<p>Nantes, devant Saint-Malo et Lorient<\/p>\n<p>Bien loin derri\u00e8re Nantes (1\u00a0744 exp\u00e9ditions), Le Havre (451), La Rochelle (448) et Bordeaux (419) ou encore Saint-Malo (218 exp\u00e9ditions) et Lorient (137). Comme Vannes, Morlaix et Saint-Brieuc, Brest figure au bas de ce sinistre tableau. Mais la ville a \u00e9galement \u00e9t\u00e9 associ\u00e9e \u00e0 plusieurs pages de cette sombre partie de l\u2019Histoire fran\u00e7aise, a relev\u00e9 Jean-Marc Ayrault, ancien maire de Nantes et ancien Premier ministre, aujourd\u2019hui pr\u00e9sident de la Fondation pour la m\u00e9moire de l\u2018esclavage. C\u2019est \u00e0 Brest que la monarchie fit installer un \u00ab\u00a0d\u00e9p\u00f4t des noirs\u00a0\u00bb, en 1777, o\u00f9 \u00e9taient provisoirement enferm\u00e9s les esclaves arrivant sur le continent. C\u2019est aussi ici qu\u2019arrivaient les indemnit\u00e9s, \u00ab\u00a0des tonnes de pi\u00e8ces d\u2019or et d\u2019argent, vers\u00e9es par le peuple ha\u00eftien pour le prix de sa libert\u00e9\u00a0\u00bb. C\u2019est encore \u00e0 Brest, dans les casernes de Lamb\u00e9zellec-Pontan\u00e9zen (les actuelles casernes de gendarmerie mobile) que furent d\u00e9port\u00e9s pr\u00e8s de 1\u00a0500 Antillais, dont beaucoup p\u00e9rirent ici, en 1802 et 1803, quand Napol\u00e9on Bonaparte r\u00e9tablit l\u2019esclavage, huit ans apr\u00e8s son abolition.<\/p>\n<p>256 chercheurs et 67 doctorants<\/p>\n<p>\u00ab\u00a0\u00c0 l\u2019heure o\u00f9, partout sur la plan\u00e8te, les autocrates menacent les chercheurs et les libert\u00e9s acad\u00e9miques, remettent en cause l\u2019ordre international fond\u00e9 sur le droit et manipulent l\u2019Histoire pour servir leurs funestes desseins, la France a plus que besoin de ces moments de m\u00e9moire qui nous rappellent ce que nous sommes\u00a0: une nation de libert\u00e9, un pays de diversit\u00e9s pr\u00e9sent sur cinq continents\u00a0\u00bb, a conclu Jean-Marc Ayrault. Un devoir de m\u00e9moire qu\u2019alimentent encore actuellement 256 chercheurs et 67 doctorants, a indiqu\u00e9 le Premier ministre.<\/p>\n","protected":false},"excerpt":{"rendered":"C\u2019est une date anniversaire depuis 2006, cinq ans apr\u00e8s la loi Taubira ayant reconnu l\u2019esclavage et la traite&hellip;\n","protected":false},"author":2,"featured_media":90865,"comment_status":"","ping_status":"","sticky":false,"template":"","format":"standard","meta":{"footnotes":""},"categories":[4],"tags":[11,3450,829,765,1011,27,431,12,3363,25],"class_list":{"0":"post-90864","1":"post","2":"type-post","3":"status-publish","4":"format-standard","5":"has-post-thumbnail","7":"category-france","8":"tag-actualites","9":"tag-brest","10":"tag-bretagne","11":"tag-en-continu","12":"tag-fr","13":"tag-france","14":"tag-francois-bayrou","15":"tag-news","16":"tag-premier-ministre","17":"tag-republique-francaise"},"share_on_mastodon":{"url":"https:\/\/pubeurope.com\/@fr\/114487076060206414","error":""},"_links":{"self":[{"href":"https:\/\/www.europesays.com\/fr\/wp-json\/wp\/v2\/posts\/90864","targetHints":{"allow":["GET"]}}],"collection":[{"href":"https:\/\/www.europesays.com\/fr\/wp-json\/wp\/v2\/posts"}],"about":[{"href":"https:\/\/www.europesays.com\/fr\/wp-json\/wp\/v2\/types\/post"}],"author":[{"embeddable":true,"href":"https:\/\/www.europesays.com\/fr\/wp-json\/wp\/v2\/users\/2"}],"replies":[{"embeddable":true,"href":"https:\/\/www.europesays.com\/fr\/wp-json\/wp\/v2\/comments?post=90864"}],"version-history":[{"count":0,"href":"https:\/\/www.europesays.com\/fr\/wp-json\/wp\/v2\/posts\/90864\/revisions"}],"wp:featuredmedia":[{"embeddable":true,"href":"https:\/\/www.europesays.com\/fr\/wp-json\/wp\/v2\/media\/90865"}],"wp:attachment":[{"href":"https:\/\/www.europesays.com\/fr\/wp-json\/wp\/v2\/media?parent=90864"}],"wp:term":[{"taxonomy":"category","embeddable":true,"href":"https:\/\/www.europesays.com\/fr\/wp-json\/wp\/v2\/categories?post=90864"},{"taxonomy":"post_tag","embeddable":true,"href":"https:\/\/www.europesays.com\/fr\/wp-json\/wp\/v2\/tags?post=90864"}],"curies":[{"name":"wp","href":"https:\/\/api.w.org\/{rel}","templated":true}]}}