{"id":90868,"date":"2025-05-11T03:29:28","date_gmt":"2025-05-11T03:29:28","guid":{"rendered":"https:\/\/www.europesays.com\/fr\/90868\/"},"modified":"2025-05-11T03:29:28","modified_gmt":"2025-05-11T03:29:28","slug":"on-riait-on-sembrassait-lair-semblait-plus-leger-cetait-la-paix","status":"publish","type":"post","link":"https:\/\/www.europesays.com\/fr\/90868\/","title":{"rendered":"\u00ab\u00a0On riait, on s\u2019embrassait. L\u2019air semblait plus l\u00e9ger. C\u2019\u00e9tait la paix\u00a0!\ufeff\u00a0\u00bb"},"content":{"rendered":"<p>\u00ab \u00c0 l\u2019\u00e9poque, j\u2019avais 20 ans. Malgr\u00e9 la guerre et les privations, on est encore un peu inconscient \u00e0 cet \u00e2ge \u00bb, se rem\u00e9more Jeanne Soulier qui f\u00eatera en fin d\u2019ann\u00e9e ses 101 ans. Elle se souvient tr\u00e8s bien de l\u2019acte de capitulation de l\u2019Allemagne nazie, sign\u00e9 le 8 mai 1945 \u00e0 Berlin et marquant la fin des combats de la Seconde Guerre mondiale en Europe. \u00ab Il y avait la foule en liesse dans les rues, les drapeaux, les chants et les farandoles. On riait, on s\u2019embrassait. L\u2019air&#8230;<\/p>\n","protected":false},"excerpt":{"rendered":"\u00ab \u00c0 l\u2019\u00e9poque, j\u2019avais 20 ans. Malgr\u00e9 la guerre et les privations, on est encore un peu inconscient&hellip;\n","protected":false},"author":2,"featured_media":90869,"comment_status":"","ping_status":"","sticky":false,"template":"","format":"standard","meta":{"footnotes":""},"categories":[9653],"tags":[1111,11,2430,7539,1777,674,1011,27,937,12,25,4001,7538,104],"class_list":{"0":"post-90868","1":"post","2":"type-post","3":"status-publish","4":"format-standard","5":"has-post-thumbnail","7":"category-saint-etienne","8":"tag-actu","9":"tag-actualites","10":"tag-auvergne-rhone-alpes","11":"tag-edition-loire-sud","12":"tag-eu","13":"tag-europe","14":"tag-fr","15":"tag-france","16":"tag-histoire","17":"tag-news","18":"tag-republique-francaise","19":"tag-saint-etienne","20":"tag-saint-etienne-ville","21":"tag-societe"},"share_on_mastodon":{"url":"https:\/\/pubeurope.com\/@fr\/114487083926484908","error":""},"_links":{"self":[{"href":"https:\/\/www.europesays.com\/fr\/wp-json\/wp\/v2\/posts\/90868","targetHints":{"allow":["GET"]}}],"collection":[{"href":"https:\/\/www.europesays.com\/fr\/wp-json\/wp\/v2\/posts"}],"about":[{"href":"https:\/\/www.europesays.com\/fr\/wp-json\/wp\/v2\/types\/post"}],"author":[{"embeddable":true,"href":"https:\/\/www.europesays.com\/fr\/wp-json\/wp\/v2\/users\/2"}],"replies":[{"embeddable":true,"href":"https:\/\/www.europesays.com\/fr\/wp-json\/wp\/v2\/comments?post=90868"}],"version-history":[{"count":0,"href":"https:\/\/www.europesays.com\/fr\/wp-json\/wp\/v2\/posts\/90868\/revisions"}],"wp:featuredmedia":[{"embeddable":true,"href":"https:\/\/www.europesays.com\/fr\/wp-json\/wp\/v2\/media\/90869"}],"wp:attachment":[{"href":"https:\/\/www.europesays.com\/fr\/wp-json\/wp\/v2\/media?parent=90868"}],"wp:term":[{"taxonomy":"category","embeddable":true,"href":"https:\/\/www.europesays.com\/fr\/wp-json\/wp\/v2\/categories?post=90868"},{"taxonomy":"post_tag","embeddable":true,"href":"https:\/\/www.europesays.com\/fr\/wp-json\/wp\/v2\/tags?post=90868"}],"curies":[{"name":"wp","href":"https:\/\/api.w.org\/{rel}","templated":true}]}}