{"id":908853,"date":"2026-05-03T16:41:45","date_gmt":"2026-05-03T16:41:45","guid":{"rendered":"https:\/\/www.europesays.com\/fr\/908853\/"},"modified":"2026-05-03T16:41:45","modified_gmt":"2026-05-03T16:41:45","slug":"ligue-1-nice-reste-dans-le-bon-etat-desprit-apprecie-claude-puel-apres-le-nul-contre-lens","status":"publish","type":"post","link":"https:\/\/www.europesays.com\/fr\/908853\/","title":{"rendered":"Ligue 1 : Nice \u00abreste dans le bon \u00e9tat d&rsquo;esprit\u00bb, appr\u00e9cie Claude Puel apr\u00e8s le nul contre Lens"},"content":{"rendered":"<p>\n    L\u2019entra\u00eeneur de l\u2019OGC Nice Claude Puel a soulign\u00e9 \u00able bon \u00e9tat d\u2019esprit\u00bb et \u00abla solidarit\u00e9\u00bb de ses joueurs apr\u00e8s le match nul arrach\u00e9 samedi face au RC Lens (1-1), deuxi\u00e8me du championnat.<\/p>\n<p class=\"fig-paragraph\">Claude Puel, l&rsquo;entra\u00eeneur de\u00a0<a href=\"http:\/\/www.lefigaro.fr\/sports\/football\/ligue-1\/ligue-1-frustre-par-nice-lens-reste-a-distance-du-psg-20260502\" data-fig-type=\"NewsFlash\" data-gtm-custom-categorie=\"navigation\" data-gtm-custom-action=\"crossclick\" data-gtm-custom-label=\"Contextuel\" data-gtm-event=\"customEventSPE\" data-fig-domain=\"LEFIGARO\" rel=\"nofollow noopener\" target=\"_blank\">Nice, qui a pris un point contre Lens (1-1)\u00a0samedi soir lors de la 32e journ\u00e9e<\/a>, a appr\u00e9ci\u00e9 \u00able bon \u00e9tat d&rsquo;esprit de son \u00e9quipe\u00bb depuis quelques matches. \u00abCe point, on est all\u00e9 le chercher encore une fois. \u00c7a fait plusieurs matches o\u00f9 on arrive \u00e0 revenir (&#8230;). Mais on reste dans le bon \u00e9tat d&rsquo;esprit, avec beaucoup de solidarit\u00e9\u00bb.<\/p>\n<p class=\"fig-paragraph\">\u00abPerdre deux joueurs majeurs du groupe comme Jonathan Clauss (genou, NDLR) et Elye Wahi (cuisse, NDLR) aussi proche du match aurait pu l&rsquo;impacter. Mais on voit la r\u00e9action. Et si on avance depuis plusieurs semaines, c&rsquo;est parce qu&rsquo;il y a une grosse coh\u00e9sion\u00bb, a poursuivi le coach ni\u00e7ois. Contre Lens, son \u00e9quipe a mis \u00abun ton suppl\u00e9mentaire au niveau du jeu\u00bb avec \u00abdes ressorties de balle int\u00e9ressantes\u00bb. \u00abOn n&rsquo;a pas r\u00e9ussi \u00e0 aller jusqu&rsquo;au bout. Ce n&rsquo;est qu&rsquo;un point, mais on va le prendre\u00bb, a-t-il ajout\u00e9.<\/p>\n<p>                                            <a class=\"fig-a11y-skip\" href=\"#fig-a11y-skip-main-inarticle\" is=\"fig-a11y-skip\" data-trigger-mode=\"visible-once\"><br \/>\n    Passer la publicit\u00e9<br \/>\n<\/a>            <\/p>\n<p class=\"fig-paragraph\">En revanche, il a peu aim\u00e9 le but encaiss\u00e9, qui \u00abfait mal parce qu\u2019on n&rsquo;a pas eu les bonnes couvertures et la bonne r\u00e9activit\u00e9\u00bb. \u00abOn est compl\u00e8tement fautifs\u00bb, a-t-il assum\u00e9. Pour lui, cette rencontre n&rsquo;avait \u00abaucune corr\u00e9lation avec le match de Coupe (finale le 22 mai, NDLR)\u00bb. \u00abPeut-\u00eatre que pour Lens, ce match avait plus \u00e9t\u00e9 pr\u00e9par\u00e9 dans une perspective d&rsquo;affrontement par rapport \u00e0 la Coupe. Mais pour nous, ce n&rsquo;\u00e9tait pas du tout le cas\u00bb, a assur\u00e9 Claude Puel.<\/p>\n","protected":false},"excerpt":{"rendered":"L\u2019entra\u00eeneur de l\u2019OGC Nice Claude Puel a soulign\u00e9 \u00able bon \u00e9tat d\u2019esprit\u00bb et \u00abla solidarit\u00e9\u00bb de ses joueurs&hellip;\n","protected":false},"author":2,"featured_media":908854,"comment_status":"","ping_status":"","sticky":false,"template":"","format":"standard","meta":{"footnotes":"","_share_on_mastodon":"0"},"categories":[2819],"tags":[1111,11,73688,1777,674,1011,27,12,2401,2268,882,2264,25],"class_list":["post-908853","post","type-post","status-publish","format-standard","has-post-thumbnail","category-nice","tag-actu","tag-actualites","tag-claude-puel","tag-eu","tag-europe","tag-fr","tag-france","tag-news","tag-nice","tag-ogc-nice","tag-provence-alpes-cote-dazur","tag-rc-lens","tag-republique-francaise"],"share_on_mastodon":{"url":"https:\/\/pubeurope.com\/@fr\/116511643165141908","error":""},"_links":{"self":[{"href":"https:\/\/www.europesays.com\/fr\/wp-json\/wp\/v2\/posts\/908853","targetHints":{"allow":["GET"]}}],"collection":[{"href":"https:\/\/www.europesays.com\/fr\/wp-json\/wp\/v2\/posts"}],"about":[{"href":"https:\/\/www.europesays.com\/fr\/wp-json\/wp\/v2\/types\/post"}],"author":[{"embeddable":true,"href":"https:\/\/www.europesays.com\/fr\/wp-json\/wp\/v2\/users\/2"}],"replies":[{"embeddable":true,"href":"https:\/\/www.europesays.com\/fr\/wp-json\/wp\/v2\/comments?post=908853"}],"version-history":[{"count":0,"href":"https:\/\/www.europesays.com\/fr\/wp-json\/wp\/v2\/posts\/908853\/revisions"}],"wp:featuredmedia":[{"embeddable":true,"href":"https:\/\/www.europesays.com\/fr\/wp-json\/wp\/v2\/media\/908854"}],"wp:attachment":[{"href":"https:\/\/www.europesays.com\/fr\/wp-json\/wp\/v2\/media?parent=908853"}],"wp:term":[{"taxonomy":"category","embeddable":true,"href":"https:\/\/www.europesays.com\/fr\/wp-json\/wp\/v2\/categories?post=908853"},{"taxonomy":"post_tag","embeddable":true,"href":"https:\/\/www.europesays.com\/fr\/wp-json\/wp\/v2\/tags?post=908853"}],"curies":[{"name":"wp","href":"https:\/\/api.w.org\/{rel}","templated":true}]}}