{"id":90888,"date":"2025-05-11T03:43:40","date_gmt":"2025-05-11T03:43:40","guid":{"rendered":"https:\/\/www.europesays.com\/fr\/90888\/"},"modified":"2025-05-11T03:43:40","modified_gmt":"2025-05-11T03:43:40","slug":"eschau-un-pilote-de-quad-blesse-dans-un-accident","status":"publish","type":"post","link":"https:\/\/www.europesays.com\/fr\/90888\/","title":{"rendered":"Eschau. Un pilote de quad bless\u00e9 dans un accident"},"content":{"rendered":"<p>Le conducteur d&rsquo;un quad a perdu le contr\u00f4le de son engin ce vendredi 9 mai peu avant midi, au niveau de la bretelle d&rsquo;acc\u00e8s \u00e0 la M353 \u00e0 Eschau, en direction du pont Pfimlin.<\/p>\n<p>Le pilote a \u00e9t\u00e9 pris en charge par les sapeurs-pompiers. L\u00e9g\u00e8rement bless\u00e9, il a \u00e9t\u00e9 transport\u00e9 au CHU de Hautepierre \u00e0 Strasbourg.<\/p>\n<p>Les CRS de l&rsquo;autoroute ont constat\u00e9 que l&rsquo;homme \u00e9tait alcoolis\u00e9. L&rsquo;enqu\u00eate devra d\u00e9terminer si son engin \u00e9tait homologu\u00e9 pour circuler sur la voie publique.<\/p>\n","protected":false},"excerpt":{"rendered":"Le conducteur d&rsquo;un quad a perdu le contr\u00f4le de son engin ce vendredi 9 mai peu avant midi,&hellip;\n","protected":false},"author":2,"featured_media":90889,"comment_status":"","ping_status":"","sticky":false,"template":"","format":"standard","meta":{"footnotes":""},"categories":[2820],"tags":[119,1111,11,2649,2880,4373,1777,674,274,107,1011,27,775,12,25,640],"class_list":{"0":"post-90888","1":"post","2":"type-post","3":"status-publish","4":"format-standard","5":"has-post-thumbnail","7":"category-strasbourg","8":"tag-accident","9":"tag-actu","10":"tag-actualites","11":"tag-bas-rhin","12":"tag-edition-strasbourg","13":"tag-eschau","14":"tag-eu","15":"tag-europe","16":"tag-faits-divers-justice","17":"tag-fil-info","18":"tag-fr","19":"tag-france","20":"tag-grand-est","21":"tag-news","22":"tag-republique-francaise","23":"tag-strasbourg"},"share_on_mastodon":{"url":"https:\/\/pubeurope.com\/@fr\/114487138920645027","error":""},"_links":{"self":[{"href":"https:\/\/www.europesays.com\/fr\/wp-json\/wp\/v2\/posts\/90888","targetHints":{"allow":["GET"]}}],"collection":[{"href":"https:\/\/www.europesays.com\/fr\/wp-json\/wp\/v2\/posts"}],"about":[{"href":"https:\/\/www.europesays.com\/fr\/wp-json\/wp\/v2\/types\/post"}],"author":[{"embeddable":true,"href":"https:\/\/www.europesays.com\/fr\/wp-json\/wp\/v2\/users\/2"}],"replies":[{"embeddable":true,"href":"https:\/\/www.europesays.com\/fr\/wp-json\/wp\/v2\/comments?post=90888"}],"version-history":[{"count":0,"href":"https:\/\/www.europesays.com\/fr\/wp-json\/wp\/v2\/posts\/90888\/revisions"}],"wp:featuredmedia":[{"embeddable":true,"href":"https:\/\/www.europesays.com\/fr\/wp-json\/wp\/v2\/media\/90889"}],"wp:attachment":[{"href":"https:\/\/www.europesays.com\/fr\/wp-json\/wp\/v2\/media?parent=90888"}],"wp:term":[{"taxonomy":"category","embeddable":true,"href":"https:\/\/www.europesays.com\/fr\/wp-json\/wp\/v2\/categories?post=90888"},{"taxonomy":"post_tag","embeddable":true,"href":"https:\/\/www.europesays.com\/fr\/wp-json\/wp\/v2\/tags?post=90888"}],"curies":[{"name":"wp","href":"https:\/\/api.w.org\/{rel}","templated":true}]}}