{"id":908984,"date":"2026-05-03T18:07:17","date_gmt":"2026-05-03T18:07:17","guid":{"rendered":"https:\/\/www.europesays.com\/fr\/908984\/"},"modified":"2026-05-03T18:07:17","modified_gmt":"2026-05-03T18:07:17","slug":"gaston-defferre-et-la-mer-lappel-du-large","status":"publish","type":"post","link":"https:\/\/www.europesays.com\/fr\/908984\/","title":{"rendered":"Gaston Defferre et la mer, \u00ab\u00a0l\u2019appel du large\u00a0\u00bb"},"content":{"rendered":"<p>Un maire de la mer. Quarante ans apr\u00e8s la mort de Gaston Defferre, les am\u00e9nagements qu\u2019il a initi\u00e9s le long du pourtour marseillais, de la Pointe-Rouge \u00e0 <a href=\"https:\/\/www.laprovence.com\/article\/region\/9667736807004914\/projet-de-data-center-et-d-entrepot-logistique-a-l-estaque-les-habitants-reclament-de-nouvelles-etudes\" target=\"_blank\" rel=\"nofollow noopener\">L\u2019Estaque<\/a>, y sont toujours bien ancr\u00e9s. Il s\u2019\u00e9tait int\u00e9ress\u00e9 au d\u00e9veloppement de la plaisance, d\u00e8s son premier mandat (1953-59). En cela, il a \u00e9t\u00e9 un pr\u00e9curseur, multipliant les projets au fur et \u00e0 mesure du temps. C\u2019est sous son impulsion que furent cr\u00e9\u00e9es, voici plus de cinquante ans, les plages du Prado. On lui doit aussi le nouveau port de la Pointe-Rouge pour lequel ce maire b\u00e2tisseur, \u00e9galement fondateur du centre municipal de voile sur la base du <a href=\"https:\/\/www.laprovence.com\/article\/region\/10199808622164\/jai-a-nouveau-confiance-en-moi-a-marseille-lactivite-physique-comme-parcours-de-soins\" target=\"_blank\" rel=\"nofollow noopener\">Roucas Blanc<\/a> et de son extension \u00e0 Corbi\u00e8res, avait toutefois envisag\u00e9 une plus ample superficie \u00e0 l\u2019origine des travaux.<\/p>\n<p>\u00ab\u00a0Gaston Defferre a tout de suite compris qu\u2019il fallait permettre aux Marseillais et aux gens de la r\u00e9gion d\u2019avoir acc\u00e8s \u00e0 la mer afin qu\u2019ils puissent pratiquer la plaisance et le nautisme en g\u00e9n\u00e9ral\u00a0\u00bb, expose F\u00e9lix Aubry de La No\u00eb. Cet ancien navigateur \u00e9m\u00e9rite (il a particip\u00e9 notamment \u00e0 la Coupe de l\u2019America en\u00a01970 avant de gagner la course Los Angeles-Tahiti avec \u00c9ric Tabarly sur Pen Duick III en\u00a01973) \u00e9tait \u00e9galement journaliste au Proven\u00e7al (1974-97) comme&#8230;<\/p>\n","protected":false},"excerpt":{"rendered":"Un maire de la mer. Quarante ans apr\u00e8s la mort de Gaston Defferre, les am\u00e9nagements qu\u2019il a initi\u00e9s&hellip;\n","protected":false},"author":2,"featured_media":908985,"comment_status":"","ping_status":"","sticky":false,"template":"","format":"standard","meta":{"footnotes":"","_share_on_mastodon":"0"},"categories":[2814],"tags":[5734,1111,11,46037,1777,674,1011,27,18626,30132,3790,884,6127,12,882,16,25],"class_list":["post-908984","post","type-post","status-publish","format-standard","has-post-thumbnail","category-marseille","tag-5734","tag-actu","tag-actualites","tag-defferre","tag-eu","tag-europe","tag-fr","tag-france","tag-gaston","tag-lappel","tag-large","tag-marseille","tag-mer","tag-news","tag-provence-alpes-cote-dazur","tag-region","tag-republique-francaise"],"share_on_mastodon":{"url":"https:\/\/pubeurope.com\/@fr\/116511981436989657","error":""},"_links":{"self":[{"href":"https:\/\/www.europesays.com\/fr\/wp-json\/wp\/v2\/posts\/908984","targetHints":{"allow":["GET"]}}],"collection":[{"href":"https:\/\/www.europesays.com\/fr\/wp-json\/wp\/v2\/posts"}],"about":[{"href":"https:\/\/www.europesays.com\/fr\/wp-json\/wp\/v2\/types\/post"}],"author":[{"embeddable":true,"href":"https:\/\/www.europesays.com\/fr\/wp-json\/wp\/v2\/users\/2"}],"replies":[{"embeddable":true,"href":"https:\/\/www.europesays.com\/fr\/wp-json\/wp\/v2\/comments?post=908984"}],"version-history":[{"count":0,"href":"https:\/\/www.europesays.com\/fr\/wp-json\/wp\/v2\/posts\/908984\/revisions"}],"wp:featuredmedia":[{"embeddable":true,"href":"https:\/\/www.europesays.com\/fr\/wp-json\/wp\/v2\/media\/908985"}],"wp:attachment":[{"href":"https:\/\/www.europesays.com\/fr\/wp-json\/wp\/v2\/media?parent=908984"}],"wp:term":[{"taxonomy":"category","embeddable":true,"href":"https:\/\/www.europesays.com\/fr\/wp-json\/wp\/v2\/categories?post=908984"},{"taxonomy":"post_tag","embeddable":true,"href":"https:\/\/www.europesays.com\/fr\/wp-json\/wp\/v2\/tags?post=908984"}],"curies":[{"name":"wp","href":"https:\/\/api.w.org\/{rel}","templated":true}]}}