{"id":909105,"date":"2026-05-03T19:31:55","date_gmt":"2026-05-03T19:31:55","guid":{"rendered":"https:\/\/www.europesays.com\/fr\/909105\/"},"modified":"2026-05-03T19:31:55","modified_gmt":"2026-05-03T19:31:55","slug":"metropole-de-lyon-les-jeunes-amoureux-doullins-convoyaient-toutes-les-deux-nuits-argent-et-drogue","status":"publish","type":"post","link":"https:\/\/www.europesays.com\/fr\/909105\/","title":{"rendered":"M\u00e9tropole de Lyon. Les jeunes amoureux d\u2019Oullins convoyaient toutes les deux nuits argent et drogue"},"content":{"rendered":"<p>Pris dans une spirale, tous deux sont \u00e0 l\u2019image de ces jeunes gens confront\u00e9s \u00e0 la r\u00e9ussite par l\u2019argent, des v\u00eatements et des sacs de luxe, qui inondent les r\u00e9seaux sociaux. Par leur r\u00f4le, tous deux contribuaient au trafic de stup\u00e9fiants qui bousille tant de vies\u200a\u00bb, r\u00e9sume Marion Decherf, vice-procureure de la R\u00e9publique de Vienne. Face \u00e0 elle, une jeune femme et son petit ami qui semblent assomm\u00e9s par&#8230;<\/p>\n","protected":false},"excerpt":{"rendered":"Pris dans une spirale, tous deux sont \u00e0 l\u2019image de ces jeunes gens confront\u00e9s \u00e0 la r\u00e9ussite par&hellip;\n","protected":false},"author":2,"featured_media":909106,"comment_status":"","ping_status":"","sticky":false,"template":"","format":"standard","meta":{"footnotes":"","_share_on_mastodon":"0"},"categories":[1889],"tags":[1111,11,2430,3153,3154,1777,674,274,1011,27,2428,12,15665,25,2429,133],"class_list":["post-909105","post","type-post","status-publish","format-standard","has-post-thumbnail","category-lyon","tag-actu","tag-actualites","tag-auvergne-rhone-alpes","tag-edition-ouest-lyonnais","tag-edition-sud-lyonnais","tag-eu","tag-europe","tag-faits-divers-justice","tag-fr","tag-france","tag-lyon","tag-news","tag-oullins-pierre-benite","tag-republique-francaise","tag-rhone","tag-video"],"share_on_mastodon":{"url":"https:\/\/pubeurope.com\/@fr\/116512315559484166","error":""},"_links":{"self":[{"href":"https:\/\/www.europesays.com\/fr\/wp-json\/wp\/v2\/posts\/909105","targetHints":{"allow":["GET"]}}],"collection":[{"href":"https:\/\/www.europesays.com\/fr\/wp-json\/wp\/v2\/posts"}],"about":[{"href":"https:\/\/www.europesays.com\/fr\/wp-json\/wp\/v2\/types\/post"}],"author":[{"embeddable":true,"href":"https:\/\/www.europesays.com\/fr\/wp-json\/wp\/v2\/users\/2"}],"replies":[{"embeddable":true,"href":"https:\/\/www.europesays.com\/fr\/wp-json\/wp\/v2\/comments?post=909105"}],"version-history":[{"count":0,"href":"https:\/\/www.europesays.com\/fr\/wp-json\/wp\/v2\/posts\/909105\/revisions"}],"wp:featuredmedia":[{"embeddable":true,"href":"https:\/\/www.europesays.com\/fr\/wp-json\/wp\/v2\/media\/909106"}],"wp:attachment":[{"href":"https:\/\/www.europesays.com\/fr\/wp-json\/wp\/v2\/media?parent=909105"}],"wp:term":[{"taxonomy":"category","embeddable":true,"href":"https:\/\/www.europesays.com\/fr\/wp-json\/wp\/v2\/categories?post=909105"},{"taxonomy":"post_tag","embeddable":true,"href":"https:\/\/www.europesays.com\/fr\/wp-json\/wp\/v2\/tags?post=909105"}],"curies":[{"name":"wp","href":"https:\/\/api.w.org\/{rel}","templated":true}]}}