{"id":90914,"date":"2025-05-11T04:00:08","date_gmt":"2025-05-11T04:00:08","guid":{"rendered":"https:\/\/www.europesays.com\/fr\/90914\/"},"modified":"2025-05-11T04:00:08","modified_gmt":"2025-05-11T04:00:08","slug":"la-qualite-de-lair-progresse-en-france","status":"publish","type":"post","link":"https:\/\/www.europesays.com\/fr\/90914\/","title":{"rendered":"La qualit\u00e9 de l\u2019air progresse en France"},"content":{"rendered":"<p>La sant\u00e9 environnementale s&rsquo;impose \u00e0 l&rsquo;agenda politique de demain\u2009 : le gouvernement organise un \u00ab\u202fRoquelaure* de la qualit\u00e9 de l&rsquo;air\u202f\u00bb. <a href=\"https:\/\/www.latribune.fr\/la-tribune-dimanche\/dimanche-eco\/agnes-pannier-runacher-ministre-de-la-transition-ecologique-mon-obsession-c-est-de-maintenir-le-prix-de-l-eau-a-un-niveau-soutenable-1021208.html\" rel=\"nofollow noopener\" target=\"_blank\">Agn\u00e8s Pannier-Runacher<\/a> (ministre de la Transition \u00e9cologique), <a href=\"https:\/\/www.latribune.fr\/la-tribune-dimanche\/politique\/francois-rebsamen-j-ai-pris-l-engagement-d-inscrire-l-autonomie-de-la-corse-dans-la-constitution-1018406.html\" rel=\"nofollow noopener\" target=\"_blank\">Fran\u00e7ois Rebsamen<\/a> (Am\u00e9nagement du territoire) et <a href=\"https:\/\/www.latribune.fr\/la-tribune-dimanche\/politique\/yannick-neuder-ministre-de-la-sante-nous-allons-former-plus-de-medecins-au-plus-pres-des-territoires-1023578.html\" rel=\"nofollow noopener\" target=\"_blank\">Yannick Neuder<\/a> (Sant\u00e9) recevront des \u00e9lus locaux, en premi\u00e8re ligne face \u00e0 leur population. Il leur sera pr\u00e9sent\u00e9 les derni\u00e8res donn\u00e9es sur <a href=\"https:\/\/www.latribune.fr\/climat\/le-cout-astronomique-de-la-pollution-en-france-1017037.html\" rel=\"nofollow noopener\" target=\"_blank\">la pollution de l&rsquo;air<\/a>.<\/p>\n<p>Surprise\u2009 : la part li\u00e9e au dioxyde d&rsquo;azote, gaz \u00e9mis par la combustion et pour moiti\u00e9 par le secteur des <a href=\"https:\/\/www.latribune.fr\/entreprises-finance\/services\/transport-logistique\/financement-des-transports-francois-bayrou-n-apporte-aucune-solution-concrete-1024268.html\" rel=\"nofollow noopener\" target=\"_blank\">transports<\/a>, a baiss\u00e9 de 31\u202f% en sept ans. \u00ab\u202fCes bons r\u00e9sultats ne tombent pas du ciel, assure<a href=\"https:\/\/www.latribune.fr\/la-tribune-dimanche\/planete\/agnes-pannier-runacher-s-adapter-ce-n-est-pas-renoncer-1012672.html\" rel=\"nofollow noopener\" target=\"_blank\"> Agn\u00e8s Pannier-Runacher<\/a> \u00e0 La Tribune Dimanche. Ils sont le fruit d&rsquo;une politique d\u00e9termin\u00e9e depuis 2017 pour r\u00e9duire toutes les sources de pollution dans l&rsquo;air des grandes agglom\u00e9rations.\u202f\u00bb<\/p>\n","protected":false},"excerpt":{"rendered":"La sant\u00e9 environnementale s&rsquo;impose \u00e0 l&rsquo;agenda politique de demain\u2009 : le gouvernement organise un \u00ab\u202fRoquelaure* de la qualit\u00e9&hellip;\n","protected":false},"author":2,"featured_media":90915,"comment_status":"","ping_status":"","sticky":false,"template":"","format":"standard","meta":{"footnotes":""},"categories":[1592],"tags":[17,1111,11,1777,674,1011,27,662,16456,3102,12,626,20186,20185,25],"class_list":{"0":"post-90914","1":"post","2":"type-post","3":"status-publish","4":"format-standard","5":"has-post-thumbnail","7":"category-ile-de-france","8":"tag-17","9":"tag-actu","10":"tag-actualites","11":"tag-eu","12":"tag-europe","13":"tag-fr","14":"tag-france","15":"tag-ile-de-france","16":"tag-lair","17":"tag-la-tribune-dimanche","18":"tag-news","19":"tag-paris","20":"tag-progresse","21":"tag-qualite","22":"tag-republique-francaise"},"share_on_mastodon":{"url":"https:\/\/pubeurope.com\/@fr\/114487206683778669","error":""},"_links":{"self":[{"href":"https:\/\/www.europesays.com\/fr\/wp-json\/wp\/v2\/posts\/90914","targetHints":{"allow":["GET"]}}],"collection":[{"href":"https:\/\/www.europesays.com\/fr\/wp-json\/wp\/v2\/posts"}],"about":[{"href":"https:\/\/www.europesays.com\/fr\/wp-json\/wp\/v2\/types\/post"}],"author":[{"embeddable":true,"href":"https:\/\/www.europesays.com\/fr\/wp-json\/wp\/v2\/users\/2"}],"replies":[{"embeddable":true,"href":"https:\/\/www.europesays.com\/fr\/wp-json\/wp\/v2\/comments?post=90914"}],"version-history":[{"count":0,"href":"https:\/\/www.europesays.com\/fr\/wp-json\/wp\/v2\/posts\/90914\/revisions"}],"wp:featuredmedia":[{"embeddable":true,"href":"https:\/\/www.europesays.com\/fr\/wp-json\/wp\/v2\/media\/90915"}],"wp:attachment":[{"href":"https:\/\/www.europesays.com\/fr\/wp-json\/wp\/v2\/media?parent=90914"}],"wp:term":[{"taxonomy":"category","embeddable":true,"href":"https:\/\/www.europesays.com\/fr\/wp-json\/wp\/v2\/categories?post=90914"},{"taxonomy":"post_tag","embeddable":true,"href":"https:\/\/www.europesays.com\/fr\/wp-json\/wp\/v2\/tags?post=90914"}],"curies":[{"name":"wp","href":"https:\/\/api.w.org\/{rel}","templated":true}]}}