{"id":90926,"date":"2025-05-11T04:06:10","date_gmt":"2025-05-11T04:06:10","guid":{"rendered":"https:\/\/www.europesays.com\/fr\/90926\/"},"modified":"2025-05-11T04:06:10","modified_gmt":"2025-05-11T04:06:10","slug":"les-refugies-ukrainiens-cibles-de-la-campagne-presidentielle-en-pologne","status":"publish","type":"post","link":"https:\/\/www.europesays.com\/fr\/90926\/","title":{"rendered":"Les r\u00e9fugi\u00e9s ukrainiens, cibles de la campagne pr\u00e9sidentielle en Pologne"},"content":{"rendered":"<p>\u00c0 huit jours du premier tour, la campagne \u00e9lectorale se durcit en Pologne. Jeudi 8 mai, en cette fin d&rsquo;apr\u00e8s-midi, ils sont des centaines \u00e0 s&rsquo;\u00eatre rassembl\u00e9s sur la place principale de Wejherowo, petite ville de 45.000\u202fhabitants situ\u00e9e dans le nord du pays. Tous sont venus assister \u00e0 l&rsquo;un des derniers meetings de Slawomir Mentzen, le candidat soutenu par <a href=\"https:\/\/konfederacja.pl\/\" target=\"_blank\" rel=\"noopener\">la coalition conservatrice Konfederacja<\/a>.<\/p>\n<p>Le leader d&rsquo;extr\u00eame droite, qui milite notamment pour que son pays sorte de l&rsquo;Union europ\u00e9enne, attaque bille en t\u00eate \u2009: \u00ab\u202fLes Ukrainiens en Pologne devront s&rsquo;aligner sur la loi, la culture, la langue et les int\u00e9r\u00eats polonais, lance-t\u2011il \u00e0 l&rsquo;assistance. Ici, c&rsquo;est chez nous, pas chez eux\u2009 !\u202f\u00bb Dans la foule, Dariusz applaudit. \u00ab\u202fJe n&rsquo;ai pas de probl\u00e8me avec les Ukrainiens mais je suis contre le fait qu&rsquo;ils restent ici pour profiter\u202f\u00bb, ass\u00e8ne le jeune homme de 28\u202fans.<\/p>\n","protected":false},"excerpt":{"rendered":"\u00c0 huit jours du premier tour, la campagne \u00e9lectorale se durcit en Pologne. Jeudi 8 mai, en cette&hellip;\n","protected":false},"author":2,"featured_media":90927,"comment_status":"","ping_status":"","sticky":false,"template":"","format":"standard","meta":{"footnotes":""},"categories":[1590],"tags":[17,11,3226,20187,1777,674,3102,151,12,2437,3766,2495,220,10884],"class_list":{"0":"post-90926","1":"post","2":"type-post","3":"status-publish","4":"format-standard","5":"has-post-thumbnail","7":"category-ukraine","8":"tag-17","9":"tag-actualites","10":"tag-campagne","11":"tag-cibles","12":"tag-eu","13":"tag-europe","14":"tag-la-tribune-dimanche","15":"tag-les","16":"tag-news","17":"tag-pologne","18":"tag-presidentielle","19":"tag-refugies","20":"tag-ukraine","21":"tag-ukrainiens"},"share_on_mastodon":{"url":"https:\/\/pubeurope.com\/@fr\/114487229399758583","error":""},"_links":{"self":[{"href":"https:\/\/www.europesays.com\/fr\/wp-json\/wp\/v2\/posts\/90926","targetHints":{"allow":["GET"]}}],"collection":[{"href":"https:\/\/www.europesays.com\/fr\/wp-json\/wp\/v2\/posts"}],"about":[{"href":"https:\/\/www.europesays.com\/fr\/wp-json\/wp\/v2\/types\/post"}],"author":[{"embeddable":true,"href":"https:\/\/www.europesays.com\/fr\/wp-json\/wp\/v2\/users\/2"}],"replies":[{"embeddable":true,"href":"https:\/\/www.europesays.com\/fr\/wp-json\/wp\/v2\/comments?post=90926"}],"version-history":[{"count":0,"href":"https:\/\/www.europesays.com\/fr\/wp-json\/wp\/v2\/posts\/90926\/revisions"}],"wp:featuredmedia":[{"embeddable":true,"href":"https:\/\/www.europesays.com\/fr\/wp-json\/wp\/v2\/media\/90927"}],"wp:attachment":[{"href":"https:\/\/www.europesays.com\/fr\/wp-json\/wp\/v2\/media?parent=90926"}],"wp:term":[{"taxonomy":"category","embeddable":true,"href":"https:\/\/www.europesays.com\/fr\/wp-json\/wp\/v2\/categories?post=90926"},{"taxonomy":"post_tag","embeddable":true,"href":"https:\/\/www.europesays.com\/fr\/wp-json\/wp\/v2\/tags?post=90926"}],"curies":[{"name":"wp","href":"https:\/\/api.w.org\/{rel}","templated":true}]}}