{"id":90928,"date":"2025-05-11T04:07:11","date_gmt":"2025-05-11T04:07:11","guid":{"rendered":"https:\/\/www.europesays.com\/fr\/90928\/"},"modified":"2025-05-11T04:07:11","modified_gmt":"2025-05-11T04:07:11","slug":"un-nouveau-cycle-de-pourparlers-irano-americains-commence-a-oman","status":"publish","type":"post","link":"https:\/\/www.europesays.com\/fr\/90928\/","title":{"rendered":"un nouveau cycle de pourparlers irano-am\u00e9ricains commence \u00e0 Oman"},"content":{"rendered":"<p>Comme lors des pr\u00e9c\u00e9dentes rencontres, la d\u00e9l\u00e9gation am\u00e9ricaine sera men\u00e9e par l\u2019\u00e9missaire pour le Moyen-Orient, Steve Witkoff, et c\u00f4t\u00e9 iranien, le chef de la diplomatie, Abbas Araghchi, dirigera les n\u00e9gociations.<\/p>\n<p class=\"fig-paragraph\">Des responsables iraniens et am\u00e9ricains doivent\u00a0<a href=\"http:\/\/www.lefigaro.fr\/international\/les-pourparlers-entre-l-iran-et-les-etats-unis-a-oman-ont-pris-fin-apres-plusieurs-heures-20250426\" data-fig-type=\"NewsFlash\" data-gtm-custom-categorie=\"navigation\" data-gtm-custom-action=\"crossclick\" data-gtm-custom-label=\"Contextuel\" data-gtm-event=\"customEventSPE\" data-fig-domain=\"LEFIGARO\" rel=\"nofollow noopener\" target=\"_blank\">se retrouver dimanche \u00e0 Oman<\/a>\u00a0pour une nouvelle s\u00e9rie de discussions autour du\u00a0<a href=\"http:\/\/www.lefigaro.fr\/international\/nucleaire-iranien-teheran-envoie-son-ministre-des-affaires-etrangeres-en-chine-pour-des-consultations-20250423\" data-fig-type=\"NewsFlash\" data-gtm-custom-categorie=\"navigation\" data-gtm-custom-action=\"crossclick\" data-gtm-custom-label=\"Contextuel\" data-gtm-event=\"customEventSPE\" data-fig-domain=\"LEFIGARO\" rel=\"nofollow noopener\" target=\"_blank\">programme nucl\u00e9aire de T\u00e9h\u00e9ran<\/a>, apr\u00e8s une opposition croissante \u00e0 l&rsquo;enrichissement de l&rsquo;uranium iranien exprim\u00e9e par des dirigeants am\u00e9ricains. L&rsquo;Iran et les \u00c9tats-Unis, qui n&rsquo;ont plus de relations diplomatiques depuis 1980, ont tenu depuis le 12 avril trois sessions de pourparlers sur l&rsquo;\u00e9pineux dossier du nucl\u00e9aire iranien sous la m\u00e9diation d&rsquo;Oman.<\/p>\n<p class=\"fig-paragraph\">Comme lors des pr\u00e9c\u00e9dentes rencontres, la d\u00e9l\u00e9gation am\u00e9ricaine sera men\u00e9e par l&rsquo;\u00e9missaire pour le Moyen-Orient, Steve Witkoff, et c\u00f4t\u00e9 iranien, le chef de la diplomatie, Abbas Araghchi, dirigera les n\u00e9gociations.<\/p>\n<p class=\"fig-paragraph\">Vendredi, M. Araghchi a fait \u00e9tat de \u00abprogr\u00e8s\u00bb dans les pr\u00e9c\u00e9dentes discussions. \u00abPlus nous avan\u00e7ons, plus nous avons besoin de consultations et d&rsquo;examens, et plus les d\u00e9l\u00e9gations ont besoin de temps pour examiner les questions soulev\u00e9es\u00bb, a-t-il indiqu\u00e9. De son c\u00f4t\u00e9, le vice-pr\u00e9sident des \u00c9tats-Unis, JD Vance, a estim\u00e9 mercredi que ces n\u00e9gociations \u00e9taient sur la \u00abbonne voie\u00bb.<\/p>\n<p>Emp\u00eacher l\u2019Iran de se doter de l\u2019arme atomique<\/p>\n<p class=\"fig-paragraph\">Les pourparlers am\u00e9ricano-iraniens visent \u00e0 conclure un nouvel accord cens\u00e9 emp\u00eacher l&rsquo;Iran de se doter de l&rsquo;arme atomique, une ambition que T\u00e9h\u00e9ran a toujours ni\u00e9 avoir, en \u00e9change d&rsquo;une lev\u00e9e des sanctions qui paralysent son \u00e9conomie. Un accord conclu en 2015 entre l&rsquo;Iran et les grandes puissances pour encadrer son programme nucl\u00e9aire en \u00e9change d&rsquo;une lev\u00e9e des sanctions internationales impos\u00e9es \u00e0 T\u00e9h\u00e9ran est devenu caduc apr\u00e8s le retrait des \u00c9tats-Unis en 2018, pendant le premier mandat du pr\u00e9sident Donald Trump.<\/p>\n<p class=\"fig-paragraph\">Les pays occidentaux au premier rang desquels les \u00c9tats-Unis soup\u00e7onnent depuis longtemps l&rsquo;Iran de chercher \u00e0 se doter de l&rsquo;arme atomique, ce que T\u00e9h\u00e9ran nie constamment, insistant sur le fait que son programme nucl\u00e9aire est destin\u00e9 \u00e0 des fins civiles.<\/p>\n<p>Le \u00abd\u00e9mant\u00e8lement\u00bb des structures nucl\u00e9aires<\/p>\n<p class=\"fig-paragraph\">L&rsquo;Iran enrichit actuellement l&rsquo;uranium \u00e0 60%, bien au-del\u00e0 de la limite de 3,67% fix\u00e9e par l&rsquo;accord de 2015, alors qu&rsquo;un taux de 90% est n\u00e9cessaire pour un usage militaire. Ses stocks de mati\u00e8re fissile sont une source d&rsquo;inqui\u00e9tude pour les puissances occidentales.<\/p>\n<p class=\"fig-paragraph\">Dans un entretien diffus\u00e9 vendredi, Steve Witkoff a d\u00e9clar\u00e9 que l&rsquo;administration Trump s&rsquo;opposerait \u00e0 tout enrichissement, apr\u00e8s avoir initialement sugg\u00e9r\u00e9 une flexibilit\u00e9 concernant le maintien par T\u00e9h\u00e9ran d&rsquo;un enrichissement \u00e0 faible \u00e9chelle de l&rsquo;uranium \u00e0 des fins civiles. \u00abCela signifie d\u00e9mant\u00e8lement, l&rsquo;interdiction de la militarisation, et que Natanz, Fordo et Ispahan &#8212; leurs trois installations d&rsquo;enrichissement &#8212; doivent \u00eatre d\u00e9mantel\u00e9es\u00bb, a-t-il d\u00e9clar\u00e9 au m\u00e9dia conservateur Breitbart News. Et M. Witkoff d&rsquo;ajouter au sujet des pourparlers: \u00abs&rsquo;ils ne sont pas productifs dimanche, ils ne continueront pas et nous devrons emprunter une autre voie\u00bb.<\/p>\n<p class=\"fig-paragraph\">Les pourparlers se d\u00e9roulent dans un contexte d&rsquo;examen minutieux des principaux aspects du programme nucl\u00e9aire de T\u00e9h\u00e9ran, en particulier son stock d&rsquo;uranium enrichi et le rythme de ses activit\u00e9s d&rsquo;enrichissement. Des gouvernements europ\u00e9ens s&rsquo;interrogent sur l&rsquo;opportunit\u00e9 de d\u00e9clencher un m\u00e9canisme pr\u00e9vu par l&rsquo;accord de 2015, qui permet de r\u00e9tablir les sanctions de l&rsquo;ONU en cas de non-respect par l&rsquo;Iran de ses engagements, une option qui expire en octobre.<\/p>\n<p class=\"fig-paragraph\">Le Premier ministre isra\u00e9lien, Benjamin Netanyahu, qui s&rsquo;oppose aux pourparlers entre l&rsquo;Iran et les \u00c9tats-Unis, a appel\u00e9 au d\u00e9mant\u00e8lement des installations nucl\u00e9aires de T\u00e9h\u00e9ran et \u00e0 l&rsquo;arr\u00eat de son programme de missiles balistiques dans le cadre d&rsquo;un accord cr\u00e9dible, selon ses dires. De son c\u00f4t\u00e9, T\u00e9h\u00e9ran insiste pour que les pourparlers portent uniquement sur la question nucl\u00e9aire et la lev\u00e9e des sanctions, excluant toute n\u00e9gociation sur l&rsquo;arsenal militaire. La r\u00e9union de dimanche \u00e0 Oman intervient quelques jours avant une tourn\u00e9e r\u00e9gionale de M. Trump, qui le conduira en Arabie saoudite, au Qatar, aux \u00c9mirats arabes unis.<\/p>\n","protected":false},"excerpt":{"rendered":"Comme lors des pr\u00e9c\u00e9dentes rencontres, la d\u00e9l\u00e9gation am\u00e9ricaine sera men\u00e9e par l\u2019\u00e9missaire pour le Moyen-Orient, Steve Witkoff, et&hellip;\n","protected":false},"author":2,"featured_media":90929,"comment_status":"","ping_status":"","sticky":false,"template":"","format":"standard","meta":{"footnotes":""},"categories":[1589],"tags":[20188,259,11,260,73,1866,14,3019,261,12,262,1864,1865,1863,308],"class_list":{"0":"post-90928","1":"post","2":"type-post","3":"status-publish","4":"format-standard","5":"has-post-thumbnail","7":"category-etats-unis","8":"tag-accord-nucleaire","9":"tag-actualite-internationale","10":"tag-actualites","11":"tag-affaires-etrangeres","12":"tag-etats-unis","13":"tag-etats-unis-damerique","14":"tag-international","15":"tag-iran","16":"tag-ministere-des-affaires-etrangeres","17":"tag-news","18":"tag-politique-etrangere","19":"tag-united-states","20":"tag-united-states-of-america","21":"tag-us","22":"tag-usa"},"share_on_mastodon":{"url":"https:\/\/pubeurope.com\/@fr\/114487233304547065","error":""},"_links":{"self":[{"href":"https:\/\/www.europesays.com\/fr\/wp-json\/wp\/v2\/posts\/90928","targetHints":{"allow":["GET"]}}],"collection":[{"href":"https:\/\/www.europesays.com\/fr\/wp-json\/wp\/v2\/posts"}],"about":[{"href":"https:\/\/www.europesays.com\/fr\/wp-json\/wp\/v2\/types\/post"}],"author":[{"embeddable":true,"href":"https:\/\/www.europesays.com\/fr\/wp-json\/wp\/v2\/users\/2"}],"replies":[{"embeddable":true,"href":"https:\/\/www.europesays.com\/fr\/wp-json\/wp\/v2\/comments?post=90928"}],"version-history":[{"count":0,"href":"https:\/\/www.europesays.com\/fr\/wp-json\/wp\/v2\/posts\/90928\/revisions"}],"wp:featuredmedia":[{"embeddable":true,"href":"https:\/\/www.europesays.com\/fr\/wp-json\/wp\/v2\/media\/90929"}],"wp:attachment":[{"href":"https:\/\/www.europesays.com\/fr\/wp-json\/wp\/v2\/media?parent=90928"}],"wp:term":[{"taxonomy":"category","embeddable":true,"href":"https:\/\/www.europesays.com\/fr\/wp-json\/wp\/v2\/categories?post=90928"},{"taxonomy":"post_tag","embeddable":true,"href":"https:\/\/www.europesays.com\/fr\/wp-json\/wp\/v2\/tags?post=90928"}],"curies":[{"name":"wp","href":"https:\/\/api.w.org\/{rel}","templated":true}]}}