{"id":9093,"date":"2025-04-08T01:19:22","date_gmt":"2025-04-08T01:19:22","guid":{"rendered":"https:\/\/www.europesays.com\/fr\/9093\/"},"modified":"2025-04-08T01:19:22","modified_gmt":"2025-04-08T01:19:22","slug":"brice-de-nice-le-pari-fou-de-jean-dujardin-devenu-un-film-culte-50-inside","status":"publish","type":"post","link":"https:\/\/www.europesays.com\/fr\/9093\/","title":{"rendered":"Brice de Nice : le pari fou de Jean Dujardin devenu un film culte &#8211; 50&prime; inside"},"content":{"rendered":"<p id=\"descriptionPanel\" aria-labelledby=\"descriptionArrow\" aria-expanded=\"false\" class=\"mr-2 line-clamp-2 pr-2.5 text-secondary overflow-visible\">De retour dans 50 mn Inside avec notre story consacr\u00e9e cette semaine \u00e0 Brice de Nice ! Le film culte, emmen\u00e9 par Jean Dujardin, ressort au cin\u00e9ma pour f\u00eater ses 20 ans. L\u2019occasion de retrouver ce surfeur blond, arrogant et d\u00e9cal\u00e9, devenu mythique avec sa r\u00e9plique culte : \u00ab J\u2019t\u2019ai cass\u00e9 ! \u00bb Mais derri\u00e8re ce personnage se cache une histoire incroyable. Celle d\u2019un sketch de 5 minutes \u00e9crit pour la t\u00e9l\u00e9vision devenu viral sur Internet. Comment ce r\u00f4le improbable a-t-il chang\u00e9 \u00e0 jamais le destin de l\u2019acteur fran\u00e7ais, jusqu\u2019\u00e0 le mener aux oscars ?<\/p>\n<p><a class=\"shrink-0\" href=\"https:\/\/www.tf1.fr\/tf1\/50-mn-inside\" target=\"_blank\" rel=\"noopener\"><img decoding=\"async\" src=\"https:\/\/www.europesays.com\/fr\/wp-content\/uploads\/2025\/04\/vignette-portrait-50-inside-isabelle-ithurburu-3ce1f0-1df558-0@1x.jpg\" width=\"138\" height=\"184\" alt=\"50' inside\" loading=\"eager\" fetchpriority=\"auto\" class=\"aspect-[3\/4] h-24 w-auto rounded-3px\"\/><\/a><\/p>\n","protected":false},"excerpt":{"rendered":"De retour dans 50 mn Inside avec notre story consacr\u00e9e cette semaine \u00e0 Brice de Nice ! Le&hellip;\n","protected":false},"author":2,"featured_media":9094,"comment_status":"","ping_status":"","sticky":false,"template":"","format":"standard","meta":{"footnotes":""},"categories":[2819],"tags":[4619,4618,1111,11,1777,674,3483,4617,1011,27,12,2401,882,25,4621,4620,4622],"class_list":{"0":"post-9093","1":"post","2":"type-post","3":"status-publish","4":"format-standard","5":"has-post-thumbnail","7":"category-nice","8":"tag-50-inside","9":"tag-50-inside-extrait","10":"tag-actu","11":"tag-actualites","12":"tag-eu","13":"tag-europe","14":"tag-extrait","15":"tag-extrait-50-inside","16":"tag-fr","17":"tag-france","18":"tag-news","19":"tag-nice","20":"tag-provence-alpes-cote-dazur","21":"tag-republique-francaise","22":"tag-streaming-50-inside","23":"tag-video-50-inside","24":"tag-video-en-streaming-50-inside"},"share_on_mastodon":{"url":"https:\/\/pubeurope.com\/@fr\/114299716417513034","error":""},"_links":{"self":[{"href":"https:\/\/www.europesays.com\/fr\/wp-json\/wp\/v2\/posts\/9093","targetHints":{"allow":["GET"]}}],"collection":[{"href":"https:\/\/www.europesays.com\/fr\/wp-json\/wp\/v2\/posts"}],"about":[{"href":"https:\/\/www.europesays.com\/fr\/wp-json\/wp\/v2\/types\/post"}],"author":[{"embeddable":true,"href":"https:\/\/www.europesays.com\/fr\/wp-json\/wp\/v2\/users\/2"}],"replies":[{"embeddable":true,"href":"https:\/\/www.europesays.com\/fr\/wp-json\/wp\/v2\/comments?post=9093"}],"version-history":[{"count":0,"href":"https:\/\/www.europesays.com\/fr\/wp-json\/wp\/v2\/posts\/9093\/revisions"}],"wp:featuredmedia":[{"embeddable":true,"href":"https:\/\/www.europesays.com\/fr\/wp-json\/wp\/v2\/media\/9094"}],"wp:attachment":[{"href":"https:\/\/www.europesays.com\/fr\/wp-json\/wp\/v2\/media?parent=9093"}],"wp:term":[{"taxonomy":"category","embeddable":true,"href":"https:\/\/www.europesays.com\/fr\/wp-json\/wp\/v2\/categories?post=9093"},{"taxonomy":"post_tag","embeddable":true,"href":"https:\/\/www.europesays.com\/fr\/wp-json\/wp\/v2\/tags?post=9093"}],"curies":[{"name":"wp","href":"https:\/\/api.w.org\/{rel}","templated":true}]}}