{"id":909354,"date":"2026-05-03T22:32:12","date_gmt":"2026-05-03T22:32:12","guid":{"rendered":"https:\/\/www.europesays.com\/fr\/909354\/"},"modified":"2026-05-03T22:32:12","modified_gmt":"2026-05-03T22:32:12","slug":"tennis-nationaux-le-tc-vannes-et-larmor-font-le-plein","status":"publish","type":"post","link":"https:\/\/www.europesays.com\/fr\/909354\/","title":{"rendered":"Tennis. Nationaux\u00a0: le TC Vannes et Larmor font le plein"},"content":{"rendered":"<p>Dimanche 3\u00a0mai avait lieu la deuxi\u00e8me journ\u00e9e des championnats nationaux par \u00e9quipes. Une deuxi\u00e8me journ\u00e9e \u00e0 l\u2019issue de laquelle <a href=\"https:\/\/www.ouest-france.fr\/sport\/tennis\/tennis-nationaux-les-vannetaises-doivent-etre-ambitieuses-ad9fbf16-3d66-11f1-b283-bbda7cee88c6\" rel=\"nofollow noopener\" target=\"_blank\">le TC Vannes, en N3F<\/a>, et Larmor, en N4M, sont en t\u00eate.<\/p>\n<p>        N3F\u00a0: TC Vannes \u2013 Franconville\u00a0: 6-0<\/p>\n<p>Vainqueures de leur premier match \u00e0 Caen\u00a0(2-4), les Vannetaises n\u2019ont fait\u00a0qu\u2019une bouch\u00e9e de Franconville.\u00a0Sup\u00e9rieures sur la feuille de match avec des classements \u00e0 leur avantage, elles n\u2019ont conc\u00e9d\u00e9 aucun set. La seule rencontre \u00e0 \u00e9galit\u00e9 de classement a vu Cl\u00e9mence Lesdos\u00a0(-2\/6) s\u2019imposer contre la num\u00e9ro\u00a01 francilienne Lucie Vagnerova\u00a0(-2\/6) sur le score sans appel de 6-1, 6-3.<\/p>\n<p>        N4M\u00a0: Bondy \u2013 Larmor\u00a0: 0-6<\/p>\n<p>Large vainqueur en banlieue parisienne, Larmor a quasiment atteint son objectif de maintien apr\u00e8s deux journ\u00e9es. Une troisi\u00e8me victoire n\u2019est pas \u00e0 exclure, d\u00e8s dimanche prochain, \u00e0 domicile face \u00e0 Bressuire.<\/p>\n","protected":false},"excerpt":{"rendered":"Dimanche 3\u00a0mai avait lieu la deuxi\u00e8me journ\u00e9e des championnats nationaux par \u00e9quipes. Une deuxi\u00e8me journ\u00e9e \u00e0 l\u2019issue de&hellip;\n","protected":false},"author":2,"featured_media":909355,"comment_status":"","ping_status":"","sticky":false,"template":"","format":"standard","meta":{"footnotes":"","_share_on_mastodon":"0"},"categories":[1415],"tags":[1011,27,93461,3729,517,60,1467,3165],"class_list":["post-909354","post","type-post","status-publish","format-standard","has-post-thumbnail","category-tennis","tag-fr","tag-france","tag-larmor-plage","tag-morbihan","tag-sport","tag-sports","tag-tennis","tag-vannes"],"share_on_mastodon":{"url":"https:\/\/pubeurope.com\/@fr\/116513023369248023","error":""},"_links":{"self":[{"href":"https:\/\/www.europesays.com\/fr\/wp-json\/wp\/v2\/posts\/909354","targetHints":{"allow":["GET"]}}],"collection":[{"href":"https:\/\/www.europesays.com\/fr\/wp-json\/wp\/v2\/posts"}],"about":[{"href":"https:\/\/www.europesays.com\/fr\/wp-json\/wp\/v2\/types\/post"}],"author":[{"embeddable":true,"href":"https:\/\/www.europesays.com\/fr\/wp-json\/wp\/v2\/users\/2"}],"replies":[{"embeddable":true,"href":"https:\/\/www.europesays.com\/fr\/wp-json\/wp\/v2\/comments?post=909354"}],"version-history":[{"count":0,"href":"https:\/\/www.europesays.com\/fr\/wp-json\/wp\/v2\/posts\/909354\/revisions"}],"wp:featuredmedia":[{"embeddable":true,"href":"https:\/\/www.europesays.com\/fr\/wp-json\/wp\/v2\/media\/909355"}],"wp:attachment":[{"href":"https:\/\/www.europesays.com\/fr\/wp-json\/wp\/v2\/media?parent=909354"}],"wp:term":[{"taxonomy":"category","embeddable":true,"href":"https:\/\/www.europesays.com\/fr\/wp-json\/wp\/v2\/categories?post=909354"},{"taxonomy":"post_tag","embeddable":true,"href":"https:\/\/www.europesays.com\/fr\/wp-json\/wp\/v2\/tags?post=909354"}],"curies":[{"name":"wp","href":"https:\/\/api.w.org\/{rel}","templated":true}]}}