{"id":90936,"date":"2025-05-11T04:11:12","date_gmt":"2025-05-11T04:11:12","guid":{"rendered":"https:\/\/www.europesays.com\/fr\/90936\/"},"modified":"2025-05-11T04:11:12","modified_gmt":"2025-05-11T04:11:12","slug":"les-albanais-votent-pour-des-legislatives-test-sur-le-chemin-de-lue-11-05-2025-a-0426","status":"publish","type":"post","link":"https:\/\/www.europesays.com\/fr\/90936\/","title":{"rendered":"Les Albanais votent pour des l\u00e9gislatives test sur le chemin de l&rsquo;UE &#8211; 11\/05\/2025 \u00e0 04:26"},"content":{"rendered":"<p>        <img fetchpriority=\"high\" decoding=\"async\" src=\"https:\/\/www.europesays.com\/fr\/wp-content\/uploads\/2025\/05\/7a16dc22da2b4988fb41ebc3b6446a41-760x507.jpg\" alt=\"Des affiches \u00e9lectorales dans une rue de Gjirokastra, en Albanie, le 7 mai 2025 ( AFP \/ Adnan Beci )\" loading=\"eager\" width=\"760\" height=\"507\" style=\"max-width: 100%!important; height: auto;\"\/><\/p>\n<p class=\"c-image-news__legend\">Des affiches \u00e9lectorales dans une rue de Gjirokastra, en Albanie, le 7 mai 2025 ( AFP \/ Adnan Beci )<\/p>\n<p>\n Les Albanais votent dimanche pour d\u00e9partager le Premier ministre et une opposition aussi large que d\u00e9termin\u00e9e \u00e0 le faire chuter, lors d&rsquo;un scrutin jug\u00e9 crucial pour les r\u00eaves europ\u00e9ens du petit pays de la p\u00e9ninsule balkanique.\n<\/p>\n<p>\n La communaut\u00e9 internationale scrute de pr\u00e8s ces \u00e9lections aux allures de test du bon fonctionnement d&rsquo;institutions fragiles apr\u00e8s une campagne acrimonieuse. La vie politique albanaise est souvent marqu\u00e9e par l&rsquo;outrance verbale et la rh\u00e9torique incendiaire.\n<\/p>\n<p>\n Plus de 2.000 observateurs \u00e9trangers et albanais sont pr\u00e9sents pour suivre le vote pr\u00e9vu entre 07H00 (05H00 GMT) et 19H00 (17H00 GMT).\n<\/p>\n<p>\n Un processus sans anicroche est d&rsquo;autant plus important que le pays, de loin le plus europhile de la r\u00e9gion, a attendu 13 ans entre son statut de candidat \u00e0 l&rsquo;adh\u00e9sion \u00e0 l&rsquo;Union europ\u00e9enne et l&rsquo;ouverture des n\u00e9gociations, en juillet 2022.\n<\/p>\n<p>\n Un d\u00e9fi s&rsquo;ajoute dimanche, avec, pour la premi\u00e8re fois, le vote de la diaspora depuis l&rsquo;\u00e9tranger. L\u2019Albanie, o\u00f9 les salaires sont bas, conna\u00eet comme ailleurs dans les Balkans l&rsquo;exode de ses habitants \u00e0 la recherche d&rsquo;opportunit\u00e9s, en particulier des jeunes et des plus \u00e9duqu\u00e9s vers des pays comme l&rsquo;Allemagne ou l&rsquo;Italie.\n<\/p>\n<p>\n Selon les donn\u00e9es officielles de la commission \u00e9lectorale centrale (CEC), pr\u00e8s de 246.000 Albanais non r\u00e9sidents en Albanie sont inscrits sur les listes \u00e9lectorales.\n<\/p>\n<p>\n Leurs bulletins, achemin\u00e9s par le transporteur international de colis et de courriers DHL Group avec qui les autorit\u00e9s ont sign\u00e9 un contrat, doivent \u00eatre renvoy\u00e9s au bureau de vote de la ville de naissance du votant. En d\u00e9but de semaine, la CEC avait \u00e9voqu\u00e9 du retard par endroits et la presse nationale des erreurs d&rsquo;adresses dans l&rsquo;acheminement de plis \u00e9lectoraux.\n<\/p>\n<p> &#8211; Duel &#8211;<\/p>\n<p>        <img decoding=\"async\" src=\"https:\/\/www.europesays.com\/fr\/wp-content\/uploads\/2025\/05\/5f61f4248e95cafc45dd8c3ff9b014ee-760x507.jpg\" alt=\"Le Premier ministre albanais Edi Rama, le 9 mai 2025 \u00e0 Tirana ( AFP \/ Adnan Beci )\" loading=\"eager\" width=\"760\" height=\"507\" style=\"max-width: 100%!important; height: auto;\"\/><\/p>\n<p class=\"c-image-news__legend\">Le Premier ministre albanais Edi Rama, le 9 mai 2025 \u00e0 Tirana ( AFP \/ Adnan Beci )<\/p>\n<p>\n Quelque 3,7 millions d&rsquo;\u00e9lecteurs sont appel\u00e9s \u00e0 choisir dimanche parmi les candidats des 40 partis en lice pour ce scrutin proportionnel et dont la campagne a \u00e9t\u00e9 brouill\u00e9e par la bataille entre Edi Rama et Sali Berisha.\n<\/p>\n<p>\n Le premier, 60 ans et leader du Parti socialiste depuis 2005, brigue un quatri\u00e8me mandat cons\u00e9cutif de Premier ministre, ce qui serait in\u00e9dit.\n<\/p>\n<p>\n Ancien leader \u00e9tudiant oppos\u00e9 au r\u00e9gime communiste qui domina le pays pendant plus de quatre d\u00e9cennies, ex-maire de Tirana et ex-ministre de la Culture, M. Rama est devenu chef du gouvernement en 2013. Sa carte majeure: la promesse d&rsquo;int\u00e9grer l&rsquo;UE \u00ab\u00a0d&rsquo;ici 2030\u00a0\u00bb.\n<\/p>\n<p>\n L&rsquo;opposition l&rsquo;accuse r\u00e9guli\u00e8rement de liens avec le crime organis\u00e9. Lui se dit pr\u00eat \u00e0 se \u00ab\u00a0retirer de la vie politique si quiconque arrive \u00e0 \u00e9tablir des liens avec la corruption ou les milieux criminels\u00a0\u00bb.\n<\/p>\n<p>\n Le second, 80 ans est une figure de la droite. Il fut le premier pr\u00e9sident non communiste d\u2019Albanie, et s&rsquo;est alli\u00e9 avec plus d&rsquo;une vingtaine d&rsquo;autres partis esp\u00e9rant parvenir ensemble \u00e0 chasser Edi Rama du pouvoir.\n<\/p>\n<p>\n M. Berisha promet \u00e0 l&rsquo;instar du pr\u00e9sident am\u00e9ricain Donald Trump la \u00ab\u00a0Great Albania\u00a0\u00bb, programme qui repose sur la relance \u00e9conomique du pays, et il s&rsquo;est assur\u00e9 pour sa campagne les services d&rsquo;un consultant am\u00e9ricain du Parti r\u00e9publicain, Chris LaCivita.\n<\/p>\n<p> &#8211; Crime organis\u00e9 &#8211;<\/p>\n<p>        <img decoding=\"async\" src=\"https:\/\/www.europesays.com\/fr\/wp-content\/uploads\/2025\/05\/7cb50527a06c6df97aef98e95ba9594d-760x506.jpg\" alt=\"Le chef de l'opposition albanaise Sali Berisha, le 15 mars 2025 \u00e0 Tirana ( AFP \/ Adnan Beci )\" loading=\"eager\" width=\"760\" height=\"506\" style=\"max-width: 100%!important; height: auto;\"\/><\/p>\n<p class=\"c-image-news__legend\">Le chef de l&rsquo;opposition albanaise Sali Berisha, le 15 mars 2025 \u00e0 Tirana ( AFP \/ Adnan Beci )<\/p>\n<p>\n D\u00e9clar\u00e9 \u00ab\u00a0persona non grata\u00a0\u00bb aux Etats-Unis et au Royaume-Uni en raison de son implication pr\u00e9sum\u00e9e dans le crime organis\u00e9 et la corruption, Sali Berisha est aussi poursuivi en Albanie pour \u00ab\u00a0corruption passive d&rsquo;un haut fonctionnaire\u00a0\u00bb.\n<\/p>\n<p>\n Les deux grands partis ont fait campagne sur l&rsquo;\u00e9conomie: retraites, salaire, infrastructure ou encore tourisme, atout du pays bord\u00e9 \u00e0 l&rsquo;ouest par l&rsquo;Adriatique.\n<\/p>\n<p>\n Pour emporter la victoire et se hisser au pouvoir pour les quatre prochaines ann\u00e9es, il faut la majorit\u00e9 des 140 si\u00e8ges de la Kuvendi, l&rsquo;Assembl\u00e9e.\n<\/p>\n<p>\n Depuis la fin du communisme au d\u00e9but des ann\u00e9es 1990, les r\u00e9sultats sont syst\u00e9matiquement contest\u00e9es par les perdants et donnent lieu \u00e0 des all\u00e9gations de fraude.\n<\/p>\n<p>\n Selon la commission \u00e9lectorale, les premiers scores des partis seront publi\u00e9s dans les deux jours suivants le scrutin.\n<\/p>\n<p>\n Soit juste avant un sommet, le 16 mai \u00e0 Tirana, de la Communaut\u00e9 politique europ\u00e9enne (structure mise sur pied en 2022 par les Vingt-Sept et qui compte 47 pays europ\u00e9ens membres et non membres de l&rsquo;UE, NDLR) pour discuter notamment s\u00e9curit\u00e9 et croissance.<\/p>\n","protected":false},"excerpt":{"rendered":"Des affiches \u00e9lectorales dans une rue de Gjirokastra, en Albanie, le 7 mai 2025 ( AFP \/ Adnan&hellip;\n","protected":false},"author":2,"featured_media":90937,"comment_status":"","ping_status":"","sticky":false,"template":"","format":"standard","meta":{"footnotes":""},"categories":[1586],"tags":[400,11,398,408,405,1777,674,1779,1011,27,403,402,399,404,12,25,401,406,1778,364,407],"class_list":{"0":"post-90936","1":"post","2":"type-post","3":"status-publish","4":"format-standard","5":"has-post-thumbnail","7":"category-europe","8":"tag-action-cac-40","9":"tag-actualites","10":"tag-bourse-de-paris","11":"tag-boursorama","12":"tag-cotations","13":"tag-eu","14":"tag-europe","15":"tag-european-union","16":"tag-fr","17":"tag-france","18":"tag-indices-devises","19":"tag-investir","20":"tag-investissement","21":"tag-marche-boursier","22":"tag-news","23":"tag-republique-francaise","24":"tag-sicav","25":"tag-trackers","26":"tag-ue","27":"tag-union-europeenne","28":"tag-warrants"},"share_on_mastodon":{"url":"https:\/\/pubeurope.com\/@fr\/114487249098568267","error":""},"_links":{"self":[{"href":"https:\/\/www.europesays.com\/fr\/wp-json\/wp\/v2\/posts\/90936","targetHints":{"allow":["GET"]}}],"collection":[{"href":"https:\/\/www.europesays.com\/fr\/wp-json\/wp\/v2\/posts"}],"about":[{"href":"https:\/\/www.europesays.com\/fr\/wp-json\/wp\/v2\/types\/post"}],"author":[{"embeddable":true,"href":"https:\/\/www.europesays.com\/fr\/wp-json\/wp\/v2\/users\/2"}],"replies":[{"embeddable":true,"href":"https:\/\/www.europesays.com\/fr\/wp-json\/wp\/v2\/comments?post=90936"}],"version-history":[{"count":0,"href":"https:\/\/www.europesays.com\/fr\/wp-json\/wp\/v2\/posts\/90936\/revisions"}],"wp:featuredmedia":[{"embeddable":true,"href":"https:\/\/www.europesays.com\/fr\/wp-json\/wp\/v2\/media\/90937"}],"wp:attachment":[{"href":"https:\/\/www.europesays.com\/fr\/wp-json\/wp\/v2\/media?parent=90936"}],"wp:term":[{"taxonomy":"category","embeddable":true,"href":"https:\/\/www.europesays.com\/fr\/wp-json\/wp\/v2\/categories?post=90936"},{"taxonomy":"post_tag","embeddable":true,"href":"https:\/\/www.europesays.com\/fr\/wp-json\/wp\/v2\/tags?post=90936"}],"curies":[{"name":"wp","href":"https:\/\/api.w.org\/{rel}","templated":true}]}}