{"id":90955,"date":"2025-05-11T04:26:08","date_gmt":"2025-05-11T04:26:08","guid":{"rendered":"https:\/\/www.europesays.com\/fr\/90955\/"},"modified":"2025-05-11T04:26:08","modified_gmt":"2025-05-11T04:26:08","slug":"interview-dans-son-nouveau-livre-michel-drucker-livre-des-secrets-de-famille-et-la-recette-de-sa-longevite","status":"publish","type":"post","link":"https:\/\/www.europesays.com\/fr\/90955\/","title":{"rendered":"Interview. Dans son nouveau livre, Michel Drucker livre des secrets de famille et la recette de sa long\u00e9vit\u00e9"},"content":{"rendered":"<p>            Par<br \/>\n        <strong><br \/>\n            <a href=\"https:\/\/actu.fr\/auteur\/isabelle-innocenti\" title=\"Consulter tous les articles de Isabelle Innocenti\" rel=\"nofollow noopener\" target=\"_blank\">Isabelle Innocenti<\/a><br \/>\n        <\/strong><\/p>\n<p>        Publi\u00e9 le<\/p>\n<p>            11 mai 2025 \u00e0 6h06        <\/p>\n<p class=\"ac-article-content__question\">Pourquoi ce livre est-il d\u00e9dicac\u00e9 \u00e0 Rebecca ?<\/p>\n<p class=\" wall-content\">Parce que c\u2019est la transmission. Rebecca, c\u2019est ma petite-fille, qui commence une carri\u00e8re de com\u00e9dienne. Elle est tomb\u00e9e dans la bassine toute petite puisque je fais de la t\u00e9l\u00e9, sa grand-m\u00e8re, <b>Dany<\/b> a \u00e9t\u00e9 longtemps com\u00e9dienne elle aussi, sa maman St\u00e9phanie est d\u00e9coratrice, <a href=\"https:\/\/actu.fr\/occitanie\/toulouse_31555\/cinema-le-melange-des-genres-mensonge-atomique_62566624.html\" rel=\"nofollow noopener\" target=\"_blank\">sa cousine L\u00e9a est com\u00e9dienne <\/a>\u00e9galement, Marie, son autre cousine fait de la t\u00e9l\u00e9 aussi, son oncle est le c\u00e9l\u00e8bre musicien <b>Jean-Michel Jarre <\/b>et que son cousin David est magicien. Comme nous, elle appartient \u00e0 une famille de saltimbanques (rires).<\/p>\n<p class=\"ac-article-content__question wall-content\">Dans ce livre, on retient que vous vouliez \u00eatre connu, reconnu, aim\u00e9. Un besoin li\u00e9 \u00e0 l\u2019enfance ?<\/p>\n<p class=\" wall-content\">On fait tous ce m\u00e9tier pour \u00eatre aim\u00e9 des gens, la seule garantie pour durer et ne pas lasser le public. J\u2019ai eu la chance de commencer ce m\u00e9tier \u00e0 22\u00a0ans. J\u2019\u00e9tais le petit jeune de l\u2019\u00e9poque. Cela fait plus de 60\u00a0ans que j\u2019ai un rapport simple, chaleureux et tr\u00e8s \u00e9mouvant avec trois g\u00e9n\u00e9rations de Fran\u00e7ais. La t\u00e9l\u00e9vision m\u2019a sauv\u00e9 puisque j\u2019ai eu une enfance compliqu\u00e9e de par ma relation avec mon p\u00e8re et que j\u2019avais sur les \u00e9paules le poids de l\u2019ill\u00e9gitimit\u00e9 des cancres. Nul ne gu\u00e9rit de son enfance et j\u2019ai fait toute cette carri\u00e8re pour montrer \u00e0 mes parents que je pouvais m\u2019en sortir en \u00e9tant<b> autodidacte<\/b>, car les seuls dipl\u00f4mes que je poss\u00e8de ce sont mes brevets de st\u00e9nodactylo et de pilote d\u2019avion. Je n\u2019ai pas \u00e9t\u00e9 dipl\u00f4m\u00e9 \u00e0 l\u2019ENA comme mon fr\u00e8re Jean, mais par contre j\u2019ai des centaines d\u2019heures d\u2019enregistrements disponibles \u00e0 l\u2019INA qui me permettront de ne pas dispara\u00eetre compl\u00e8tement et de laisser une trace.<\/p>\n<p class=\"ac-article-content__question wall-content\">Dans cet ouvrage, vous parlez de la dur\u00e9e. Avec plus de 60\u00a0ann\u00e9es d\u2019antenne, vous \u00eates un recordman ?<\/p>\n<p class=\" wall-content\">C\u2019est vrai, les gens m\u2019ont tout d\u2019abord connu reporter sportif, mes commentaires pour les<b> Coupes du Monde de football <\/b>ou les<a href=\"https:\/\/actu.fr\/tag\/jo-paris-2024\" rel=\"nofollow noopener\" target=\"_blank\"> Jeux Olympiques<\/a> entre autres, puis dans le divertissement avec \u00ab Tilt \u00bb, \u00ab Les Rendez-vous du dimanche \u00bb, \u00ab Champs-\u00c9lys\u00e9es \u00bb, \u00ab Stars 90 \u00bb, \u00ab Studio Gabriel \u00bb et depuis plus de 26\u00a0ans aux manettes de \u00ab <b>Vivement dimanche<\/b> \u00bb. Je n\u2019ai jamais cess\u00e9 d\u2019\u00eatre pr\u00e9sent, \u00e0 la t\u00e9l\u00e9 ou \u00e0 la radio. Je suis entr\u00e9 dans bon nombre de foyers et je suis devenu un membre de chaque famille.<\/p>\n<p class=\"ac-article-content__question wall-content\">Vous \u00eates \u00e0 l\u2019origine de la d\u00e9couverte de nombreux talents, mais vous d\u00e9plorez semble-t-il l\u2019ingratitude de certains artistes ?<\/p>\n<p class=\" wall-content\">Effectivement, ils oublient vite, n\u2019ont pas le devoir de m\u00e9moire envers ceux qui les ont mis dans la lumi\u00e8re. Ce que je d\u00e9cris c\u2019est surtout la fid\u00e9lit\u00e9, la reconnaissance des plus grandes stars. Ce sont des personnes comme Julio Iglesias,<a href=\"https:\/\/actu.fr\/tag\/celine-dion\" rel=\"nofollow noopener\" target=\"_blank\"> C\u00e9line Dion<\/a>, Jean-Jacques Goldman, Alain Delon et bien d\u2019autres fort heureusement. Ce m\u00e9tier m\u2019a permis de rencontrer des monstres sacr\u00e9s qui sont devenus pour certains de vrais amis.<\/p>\n<p class=\"ac-article-content__question wall-content\">On apprend \u00e9galement que vous \u00e9tiez visiteur dans les prisons ?<\/p>\n<p class=\" wall-content\">Oui, j\u2019ai commenc\u00e9 par la prison de Caen il y a quelques ann\u00e9es mais j\u2019ai toujours \u00e9t\u00e9 discret sur cette d\u00e9marche. J\u2019ai fait \u00e7a pendant deux ou trois ann\u00e9es et je me suis rendu dans six ou sept \u00e9tablissements p\u00e9nitentiaires pour parler aux d\u00e9tenus qui le souhaitaient. Cela m\u2019a \u00e9t\u00e9 tr\u00e8s utile car les prisonniers nous regardent beaucoup en cellule et c\u2019\u00e9tait int\u00e9ressant d\u2019\u00e9changer avec eux sur la vision de mon m\u00e9tier.<\/p>\n<p>Vid\u00e9os : en ce moment sur Actu<\/p>\n<p class=\" wall-content\">De m\u00eame, quand j\u2019en aurais le temps, j\u2019envisage de continuer \u00e0 rendre visite aux anciens, aux seniors qui sont trop souvent oubli\u00e9s dans les Ehpad.<\/p>\n<p class=\"ac-article-content__question wall-content\">Vous d\u00eetes aussi que vous privil\u00e9giez toujours la sobri\u00e9t\u00e9 \u00e0 la vie parisienne ?<\/p>\n<p class=\" wall-content\">C\u2019est s\u00fbr. J\u2019ai toujours fait tr\u00e8s attention \u00e0 ma sant\u00e9 et pr\u00e9f\u00e9r\u00e9 les endives au jambon, les <b>\u0153ufs \u00e0 la coque <\/b>ou la soupe en sachet (\u00e0 mes d\u00e9buts), plut\u00f4t que les sorties, le champagne, le caviar, les bo\u00eetes de nuit et les paillettes. Une vie bien r\u00e9gl\u00e9e qui me valait souvent des sarcasmes de la part de Johnny, de Gainsbourg ou de Le Luron. J\u2019ai toujours \u00e9t\u00e9 plus \u00e0 l\u2019aise avec les gens anonymes plut\u00f4t qu\u2019avec les gens c\u00e9l\u00e8bres. J\u2019ai besoin d\u2019avoir un contact tr\u00e8s fort avec le vrai public car c\u2019est lui qui fait nos carri\u00e8res. J\u2019ai toujours eu le go\u00fbt des autres.<\/p>\n<p class=\"ac-article-content__question wall-content\">Alors que vous l\u2019avez toujours mis en avant dans vos ouvrages, dans celui-ci vous \u00e9crivez \u2018Je m\u2019aper\u00e7ois que mon p\u00e8re n\u2019\u00e9tait pas si exemplaire que \u00e7a\u2019. Pouvez-vous nous expliquer ?<\/p>\n<p class=\" wall-content\">Pour moi mon p\u00e8re reste un mod\u00e8le mais c\u2019est vrai qu\u2019il r\u00e9gnait tr\u00e8s souvent une atmosph\u00e8re anxiog\u00e8ne chez nous en partie \u00e0 cause de moi et mes contre-performances scolaires. Le <b>docteur Drucker<\/b>, ses patients s\u2019en souviennent encore, \u00e9tait quelqu\u2019un de tr\u00e8s <b>col\u00e9rique,<\/b> d\u2019impatient, d\u2019exigeant avec tout le monde. \u00c0 sa d\u00e9charge, c\u2019est quelqu\u2019un qui est revenu tr\u00e8s marqu\u00e9, tr\u00e8s \u00e9prouv\u00e9 par ce qu\u2019il a v\u00e9cu pendant la guerre. Il y avait un climat explosif \u00e0 la maison lorsqu\u2019il \u00e9tait l\u00e0 car c\u2019\u00e9tait quelqu\u2019un qui<b> travaillait \u00e9norm\u00e9ment.<\/b> On ne le voyait pas beaucoup car son travail et ses malades passaient avant tout et je dis que ce n\u2019\u00e9tait pas un p\u00e8re exemplaire car il ne s\u2019est pas vraiment occup\u00e9 de nous. Seuls nos r\u00e9sultats le pr\u00e9occupaient.<\/p>\n<p class=\" wall-content\">Il m\u2019a appris \u00e0 aimer les gens, \u00e0 \u00eatre discret, \u00e0 bosser. Mes deux fr\u00e8res ont fait de grandes \u00e9tudes et lui n\u2019a jamais compris mon attirance pour la t\u00e9l\u00e9vision, un milieu abstrait tellement \u00e9loign\u00e9 de notre vie. Mon p\u00e8re est parti trop t\u00f4t sans jamais voir un \u00ab Champs-\u00c9lys\u00e9es \u00bb ou un \u00ab Vivement dimanche \u00bb et comprendre pourquoi le public me qualifiait de \u2018<b>m\u00e9decin des \u00e2mes\u2019<\/b> parce que je lui occupais l\u2019esprit, faisant oublier aux gens leurs tracas quotidiens.<\/p>\n<p class=\"ac-article-content__question wall-content\">\u00c0 la fin de l\u2019ann\u00e9e 2010, \u00e0 l\u2019occasion de la sortie de votre livre \u00ab Rappelle-moi \u00bb, vous annonciez que vous aviez d\u00e9couvert, l\u2019existence d\u2019un demi-fr\u00e8re cach\u00e9 pr\u00e9nomm\u00e9 Patrick. Nous autorisez-vous \u00e0 vous demander de ses nouvelles ?<\/p>\n<p class=\" wall-content\">Lors des obs\u00e8ques de Jean, en 2003, j\u2019avais rep\u00e9r\u00e9 un homme avec \u00ab\u00a0un vrai air de famille\u00a0\u00bb. C\u2019est apr\u00e8s avoir re\u00e7u un courrier de la m\u00e8re de ce dernier avec des photos pour preuves, que j\u2019ai r\u00e9alis\u00e9 la v\u00e9rit\u00e9. <b>Notre demi-fr\u00e8re<\/b>, ce quatri\u00e8me fils de notre p\u00e8re Abraham, \u00e9tait n\u00e9 d<b>\u2018une liaison hors mariage <\/b>avec une femme originaire de Normandie. Je l\u2019ai accueilli \u00e0 mon domicile quelques semaines apr\u00e8s l\u2019enterrement. J\u2019ai vu entrer notre p\u00e8re. Papa, tel qu\u2019il \u00e9tait \u00e0 50\u00a0ans, le m\u00eame, grand, mince, la m\u00eame silhouette, une barbe en plus. [\u2026] Et mon fr\u00e8re jumeau en quelque sorte. M\u00eames pattes d\u2019oie, m\u00eame profil au nez busqu\u00e9. Le nez des Drucker. J\u2019avais perdu un fr\u00e8re et j\u2019en retrouvais un. J\u2019ai gard\u00e9 le contact avec lui. Il est \u00e0 la retraite et vit du c\u00f4t\u00e9 de <b>Chartres <\/b>aujourd\u2019hui. Nous nous t\u00e9l\u00e9phonons, nous voyons toujours de temps en temps, mais nous voulons rester discrets. C\u2019est quelqu\u2019un qui compte dans ma vie.<\/p>\n<p class=\"ac-article-content__question wall-content\">Autre secret de famille, vous faites \u00e9galement allusion \u00e0 votre s\u0153ur Monique ?<\/p>\n<p class=\" wall-content\">Effectivement, nous n\u2019avons jamais beaucoup parl\u00e9 de notre<b> s\u0153ur a\u00een\u00e9e<\/b>,<b> Monique, <\/b>n\u00e9e quatre ans avant moi et emport\u00e9e par la mort subite du nourrisson alors qu\u2019elle n\u2019\u00e9tait qu\u2019un b\u00e9b\u00e9. Elle avait \u00e9t\u00e9 inhum\u00e9e \u00e0 l\u2019\u00e9poque \u00e0 Saint-Sever. Aujourd\u2019hui, elle repose avec notre m\u00e8re, Lola, dans le caveau familial du cimeti\u00e8re d\u2019Eygali\u00e8res, en Provence. Ma famille n\u2019est ainsi pas loin de moi.<\/p>\n<p class=\"ac-article-content__question wall-content\">Pour terminer votre ouvrage, vous rendez aussi hommage \u00e0 la femme de votre vie, Dany, sans qui, vous le dites, vous n\u2019auriez pas r\u00e9alis\u00e9 cette carri\u00e8re ?<\/p>\n<p class=\" wall-content\">C\u2019est vrai. Dans ce chapitre, je parle de nos alter ego, de celui ou celle qui est notre complice, notre confident, notre \u00e2me s\u0153ur, sans qui nous n\u2019aurions pas fait carri\u00e8re. Je donne en exemple <b>Annie Cordy <\/b>et son mari Bruno, C\u00e9line Dion et Ren\u00e9, Mireille Mathieu et Johnny Stark, <b>Pierre Perret <\/b>et Rebecca, Jacques Chirac et Bernadette, Emmanuel Macron et Brigitte, etc. On ne peut pas faire un long parcours seul et le jour o\u00f9 j\u2019ai rencontr\u00e9 Dany, cela a \u00e9t\u00e9 aussi la chance de ma vie. Nous sommes mari\u00e9s depuis 53\u00a0ans, ce qui n\u2019est pas banal dans ce m\u00e9tier, et, dans l\u2019ombre, elle a tout fait pour que je r\u00e9ussisse.<\/p>\n<p class=\"ac-article-content__question wall-content\">Vous abordez le sujet de votre fin de carri\u00e8re, comment l\u2019imaginez-vous ?<\/p>\n<p class=\" wall-content\">Je commence par me poser la question. Apr\u00e8s mes p\u00e9pins de sant\u00e9, je ne voudrais pas faire le combat de trop. Ce m\u00e9tier c\u2019est toute ma vie, je ne sais rien faire d\u2019autre. L\u2019abandonner sera une d\u00e9chirure. C\u2019est l\u00e0 toute la difficult\u00e9 car j\u2019appr\u00e9hende de passer de la<b> lumi\u00e8re \u00e0 l\u2019ombre.<\/b><\/p>\n<p class=\" wall-content\">Pour le moment, je viens d\u2019enregistrer une nouvelle \u00e9mission, en tant que producteur et animateur, qui sera diffus\u00e9e en prime time en juin et qui va s\u2019appeler \u00ab <a href=\"https:\/\/actu.fr\/loisirs-culture\/a-82-ans-michel-drucker-fait-son-grand-retour-en-prime-time-avec-une-nouvelle-emission_62528377.html\" rel=\"nofollow noopener\" target=\"_blank\">Familles, je vous aime<\/a> \u00bb. Je suis certainement le seul \u00e0 la t\u00e9l\u00e9vision \u00e0 avoir des rapports particuliers avec les artistes et leurs familles. Sur mon plateau, je vais donc les accueillir tous ensemble. <b>Gad Elmaleh,<\/b> Louis Chedid, David Hallyday, Mich\u00e8le Bernier, Anne Roumanoff ou encore G\u00e9rard Lanvin seront les premiers invit\u00e9s.<\/p>\n<p class=\" wall-content\">Ensuite, j\u2019aimerais aussi remonter sur sc\u00e8ne pour r\u00e9aliser la captation de mon dernier spectacle \u00ab De vous \u00e0 moi \u00bb, stopp\u00e9 suite \u00e0 mes probl\u00e8mes de sant\u00e9, et raconter au public le contenu de ce livre.<\/p>\n<p class=\"ac-article-content__question wall-content\">Le souhait de vos parents \u00e9tait de faire de vous des num\u00e9ros un. Vous venez de recevoir l\u2019insigne de Commandeur de la L\u00e9gion d\u2019Honneur par Emmanuel Macron. Peut-on consid\u00e9rer que la boucle est boucl\u00e9e ?<\/p>\n<p class=\" wall-content\">J\u2019ai bien \u00e9videmment beaucoup pens\u00e9 \u00e0 eux, ainsi qu\u2019\u00e0 mes fr\u00e8res Jean et Jacques, lors de cette distinction re\u00e7ue \u00e0 l\u2019\u00c9lys\u00e9e en f\u00e9vrier dernier. C\u2019est en quelque sorte la <b>revanche sur la vie du petit cancre de Vire<\/b> qui se faisait renvoyer d\u2019\u00e9tablissements scolaires en \u00e9tablissements scolaires en cherchant d\u00e9sesp\u00e9r\u00e9ment sa voie. J\u2019esp\u00e8re qu\u2019ils sont fiers de moi.<\/p>\n<p class=\" wall-content\">Suivez toute l\u2019actualit\u00e9 de vos villes et m\u00e9dias favoris en vous inscrivant \u00e0 <a href=\"https:\/\/moncompte.actu.fr\" title=\"D\u00e9couvez Mon Actu\" rel=\"nofollow noopener\" data-trk=\"{&quot;cta&quot;:{&quot;action&quot;:&quot;https:\\\/\\\/moncompte.actu.fr&quot;,&quot;category&quot;:&quot;mon compte&quot;,&quot;from&quot;:&quot;article footer&quot;,&quot;name&quot;:&quot;Mon actu&quot;,&quot;type&quot;:&quot;cta&quot;}}\" target=\"_blank\">Mon Actu<\/a>.<\/p>\n","protected":false},"excerpt":{"rendered":"Par Isabelle Innocenti Publi\u00e9 le 11 mai 2025 \u00e0 6h06 Pourquoi ce livre est-il d\u00e9dicac\u00e9 \u00e0 Rebecca ?&hellip;\n","protected":false},"author":2,"featured_media":90956,"comment_status":"","ping_status":"","sticky":false,"template":"","format":"standard","meta":{"footnotes":""},"categories":[1357],"tags":[1379,5164,58,59,1011,27,1380,1652,877],"class_list":{"0":"post-90955","1":"post","2":"type-post","3":"status-publish","4":"format-standard","5":"has-post-thumbnail","7":"category-livres","8":"tag-books","9":"tag-calvados","10":"tag-divertissement","11":"tag-entertainment","12":"tag-fr","13":"tag-france","14":"tag-livres","15":"tag-loisirs-culture","16":"tag-michel-drucker"},"share_on_mastodon":{"url":"https:\/\/pubeurope.com\/@fr\/114487308451932703","error":""},"_links":{"self":[{"href":"https:\/\/www.europesays.com\/fr\/wp-json\/wp\/v2\/posts\/90955","targetHints":{"allow":["GET"]}}],"collection":[{"href":"https:\/\/www.europesays.com\/fr\/wp-json\/wp\/v2\/posts"}],"about":[{"href":"https:\/\/www.europesays.com\/fr\/wp-json\/wp\/v2\/types\/post"}],"author":[{"embeddable":true,"href":"https:\/\/www.europesays.com\/fr\/wp-json\/wp\/v2\/users\/2"}],"replies":[{"embeddable":true,"href":"https:\/\/www.europesays.com\/fr\/wp-json\/wp\/v2\/comments?post=90955"}],"version-history":[{"count":0,"href":"https:\/\/www.europesays.com\/fr\/wp-json\/wp\/v2\/posts\/90955\/revisions"}],"wp:featuredmedia":[{"embeddable":true,"href":"https:\/\/www.europesays.com\/fr\/wp-json\/wp\/v2\/media\/90956"}],"wp:attachment":[{"href":"https:\/\/www.europesays.com\/fr\/wp-json\/wp\/v2\/media?parent=90955"}],"wp:term":[{"taxonomy":"category","embeddable":true,"href":"https:\/\/www.europesays.com\/fr\/wp-json\/wp\/v2\/categories?post=90955"},{"taxonomy":"post_tag","embeddable":true,"href":"https:\/\/www.europesays.com\/fr\/wp-json\/wp\/v2\/tags?post=90955"}],"curies":[{"name":"wp","href":"https:\/\/api.w.org\/{rel}","templated":true}]}}