{"id":90969,"date":"2025-05-11T04:34:09","date_gmt":"2025-05-11T04:34:09","guid":{"rendered":"https:\/\/www.europesays.com\/fr\/90969\/"},"modified":"2025-05-11T04:34:09","modified_gmt":"2025-05-11T04:34:09","slug":"il-est-desormais-impossible-de-refuser-son-installation","status":"publish","type":"post","link":"https:\/\/www.europesays.com\/fr\/90969\/","title":{"rendered":"il est d\u00e9sormais impossible de refuser son installation"},"content":{"rendered":"<p>            Par<br \/>\n        <strong><br \/>\n            <a href=\"https:\/\/actu.fr\/auteur\/jade-lacroix\" title=\"Consulter tous les articles de Jade Lacroix\" target=\"_blank\" rel=\"noopener\">Jade Lacroix<\/a><br \/>\n        <\/strong><\/p>\n<p>        Publi\u00e9 le<\/p>\n<p>            10 mai 2025 \u00e0 17h10        <\/p>\n<p>Une bien mauvaise nouvelle pour les r\u00e9fractaires au compteur Linky. Dans <a href=\"https:\/\/www.energie-mediateur.fr\/wp-content\/uploads\/2025\/04\/cass-1re-civ-9-avr-2025-n-23-21-311.pdf\" target=\"_blank\" rel=\"noopener\">un arr\u00eat du 9\u00a0avril 2025<\/a>, la Cour de cassation s\u2019est positionn\u00e9e pour la premi\u00e8re fois en faveur de l\u2019obligation de ne pas faire obstruction \u00e0 l\u2019installation du compteur Linky.<\/p>\n<p class=\" wall-content\">Cette d\u00e9cision de la plus haute juridiction acte le fait qu\u2019il ne sera plus possible de s\u2019opposer \u00e0 l\u2019installation de ce dispositif sur une propri\u00e9t\u00e9.<\/p>\n<p>Un arr\u00eat de la Cour de cassation<\/p>\n<p class=\" wall-content\">Lanc\u00e9 en 2015, <a href=\"https:\/\/actu.fr\/tag\/compteur-linky\" target=\"_blank\" rel=\"noopener\">le compteur Linky<\/a> permet de transmettre certaines informations de consommation \u00e0 distance. Selon Enedis, il est install\u00e9 dans 37,5\u00a0millions de foyers fran\u00e7ais. Mais certains y sont encore r\u00e9fractaires, notamment \u00e0 cause de la collecte de donn\u00e9es faite par le compteur.<\/p>\n<p class=\" wall-content\">Dans une publication sur son site <a href=\"https:\/\/www.energie-mediateur.fr\/jurisprudence\/cour-de-cassation-chambre-civile-1-9-avril-2025-23-21-311\/\" target=\"_blank\" rel=\"noopener\">le 16\u00a0avril dernier<\/a>, le m\u00e9diateur de l\u2019\u00e9nergie revient sur l\u2019arr\u00eat de la Cour de cassation \u00e0 ce sujet.<\/p>\n<p class=\" wall-content\">Deux usag\u00e8res ont refus\u00e9 l\u2019installation d\u2019un compteur Linky dans leur propri\u00e9t\u00e9. Elles ont assign\u00e9 Enedis pour emp\u00eacher cette pose, mais la cour d\u2019appel a rejet\u00e9 leur demande.<\/p>\n<p>Vid\u00e9os : en ce moment sur Actu<\/p>\n<p class=\" wall-content\">Elles ont alors d\u00e9cid\u00e9 de saisir la Cour de cassation. Pour rappel, la Cour de cassation est la plus haute juridiction de l\u2019ordre judiciaire. Elle est le dernier recours.<\/p>\n<p class=\" wall-content\">Les deux utilisatrices ont appuy\u00e9 sur le fait que \u00ab\u2009la propri\u00e9t\u00e9 est le droit de jouir et disposer des choses de la mani\u00e8re la plus absolue\u2009\u00bb et que \u00ab\u2009seule une loi peut instituer une servitude administrative grevant une propri\u00e9t\u00e9 priv\u00e9e\u2009\u00bb.\u00a0Cependant, la Cour de cassation n\u2019a pas jug\u00e9 ces motifs suffisants et a rejet\u00e9 leur pourvoi.<\/p>\n<p class=\" wall-content\">Ainsi, pour la premi\u00e8re fois, la plus haute juridiction prend parti sur l\u2019obligation de ne pas faire obstacle \u00e0 l\u2019installation du compteur Linky\u2009:<\/p>\n<blockquote class=\"ac-article-quote wall-content\">\n<p>Les usagers ne peuvent s\u2019opposer \u00e0 l\u2019installation d\u2019un compteur LINKY sur leur propri\u00e9t\u00e9, proc\u00e9dant de l\u2019exercice par la soci\u00e9t\u00e9 Enedis de ses pr\u00e9rogatives de gestionnaire du r\u00e9seau public d\u2019\u00e9lectricit\u00e9 rendues imp\u00e9ratives pour les usagers par la loi et les termes du contrat r\u00e9glement\u00e9.\u00a0<\/p>\n<p>    <strong>Cour de Cassation<\/strong><br \/>\n        Chambre civile 1, 9 avril 2025, 23-21.311    <\/p><\/blockquote>\n<p>Des frais suppl\u00e9mentaires<\/p>\n<p class=\" wall-content\">Comme nous l\u2019expliquions dans <a href=\"https:\/\/actu.fr\/economie\/vous-refusez-d-avoir-un-compteur-linky-voici-l-amende-que-vous-allez-devoir-payer-en-2025_62261029.html\" target=\"_blank\" rel=\"noopener\">un article en f\u00e9vrier dernier<\/a>, ne pas avoir de <a href=\"https:\/\/actu.fr\/nouvelle-aquitaine\/bordeaux_33063\/la-plus-grosse-fraude-de-compteurs-linky-de-france-elucidee-en-gironde-comment-l-ex-employe-d-enedis-operait_62256117.html\" target=\"_blank\" rel=\"noopener\">compteur Linky <\/a>expose \u00e9galement \u00e0 des frais suppl\u00e9mentaires.<\/p>\n<p class=\" wall-content\">\u00c0 compter du 1\u1d49\u02b3 ao\u00fbt\u00a02025, la Commission de r\u00e9gulation de l\u2019\u00e9nergie pr\u00e9cise que la note va augmenter pour deux cas de figure sp\u00e9cifiques\u2009d\u2019utilisateurs\u2009:<\/p>\n<ul class=\" wall-content\">\n<li>ceux non \u00e9quip\u00e9s d\u2019un compteur \u00e9volu\u00e9, \u00e0 l\u2019exception des impossibilit\u00e9s techniques du fait d\u2019Enedis, seront redevables d\u2019un terme tarifaire permettant de couvrir les co\u00fbts engendr\u00e9s, soit\u00a06,48\u00a0euros tous les deux mois (donc 38,88\u00a0euros par an)\u2009;<\/li>\n<li>ceux qui ne communiquent pas leur index ou ne prennent pas de rendez-vous de rel\u00e8ve, ce montant sera compl\u00e9t\u00e9, pour couvrir les co\u00fbts additionnels dus aux contr\u00f4les accrus, de\u00a04,14\u00a0euros suppl\u00e9mentaires tous les deux mois (donc 24,84\u00a0euros par an).<\/li>\n<\/ul>\n<p class=\" wall-content\">Si l\u2019on additionne le tout, on se retrouve avec 10,62\u00a0euros de frais suppl\u00e9mentaires tous les deux mois (donc 63,72\u00a0euros par an).<\/p>\n<p class=\" wall-content\">Suivez toute l\u2019actualit\u00e9 de vos villes et m\u00e9dias favoris en vous inscrivant \u00e0 <a href=\"https:\/\/moncompte.actu.fr\" title=\"D\u00e9couvez Mon Actu\" rel=\"nofollow noopener\" data-trk=\"{&quot;cta&quot;:{&quot;action&quot;:&quot;https:\\\/\\\/moncompte.actu.fr&quot;,&quot;category&quot;:&quot;mon compte&quot;,&quot;from&quot;:&quot;article footer&quot;,&quot;name&quot;:&quot;Mon actu&quot;,&quot;type&quot;:&quot;cta&quot;}}\" target=\"_blank\">Mon Actu<\/a>.<\/p>\n<ul class=\"ac-article-tag wall-content\">\n<li><a href=\"https:\/\/actu.fr\/tag\/compteur-linky\" data-trk=\"{&quot;cta&quot;:{&quot;action&quot;:&quot;Compteur Linky&quot;,&quot;category&quot;:&quot;tag&quot;,&quot;from&quot;:&quot;article footer&quot;,&quot;name&quot;:&quot;Compteur Linky&quot;,&quot;type&quot;:&quot;cta&quot;}}\" target=\"_blank\" rel=\"noopener\">#Compteur Linky<\/a><\/li>\n<li><a href=\"https:\/\/actu.fr\/tag\/electricite\" data-trk=\"{&quot;cta&quot;:{&quot;action&quot;:&quot;\\u00c9lectricit\\u00e9&quot;,&quot;category&quot;:&quot;tag&quot;,&quot;from&quot;:&quot;article footer&quot;,&quot;name&quot;:&quot;\\u00c9lectricit\\u00e9&quot;,&quot;type&quot;:&quot;cta&quot;}}\" target=\"_blank\" rel=\"noopener\">#\u00c9lectricit\u00e9<\/a><\/li>\n<\/ul>\n","protected":false},"excerpt":{"rendered":"Par Jade Lacroix Publi\u00e9 le 10 mai 2025 \u00e0 17h10 Une bien mauvaise nouvelle pour les r\u00e9fractaires au&hellip;\n","protected":false},"author":2,"featured_media":90970,"comment_status":"","ping_status":"","sticky":false,"template":"","format":"standard","meta":{"footnotes":""},"categories":[6],"tags":[35,20193,33,34,579,1011,27,104],"class_list":{"0":"post-90969","1":"post","2":"type-post","3":"status-publish","4":"format-standard","5":"has-post-thumbnail","7":"category-economie","8":"tag-business","9":"tag-compteur-linky","10":"tag-economie","11":"tag-economy","12":"tag-electricite","13":"tag-fr","14":"tag-france","15":"tag-societe"},"share_on_mastodon":{"url":"https:\/\/pubeurope.com\/@fr\/114487339444300532","error":""},"_links":{"self":[{"href":"https:\/\/www.europesays.com\/fr\/wp-json\/wp\/v2\/posts\/90969","targetHints":{"allow":["GET"]}}],"collection":[{"href":"https:\/\/www.europesays.com\/fr\/wp-json\/wp\/v2\/posts"}],"about":[{"href":"https:\/\/www.europesays.com\/fr\/wp-json\/wp\/v2\/types\/post"}],"author":[{"embeddable":true,"href":"https:\/\/www.europesays.com\/fr\/wp-json\/wp\/v2\/users\/2"}],"replies":[{"embeddable":true,"href":"https:\/\/www.europesays.com\/fr\/wp-json\/wp\/v2\/comments?post=90969"}],"version-history":[{"count":0,"href":"https:\/\/www.europesays.com\/fr\/wp-json\/wp\/v2\/posts\/90969\/revisions"}],"wp:featuredmedia":[{"embeddable":true,"href":"https:\/\/www.europesays.com\/fr\/wp-json\/wp\/v2\/media\/90970"}],"wp:attachment":[{"href":"https:\/\/www.europesays.com\/fr\/wp-json\/wp\/v2\/media?parent=90969"}],"wp:term":[{"taxonomy":"category","embeddable":true,"href":"https:\/\/www.europesays.com\/fr\/wp-json\/wp\/v2\/categories?post=90969"},{"taxonomy":"post_tag","embeddable":true,"href":"https:\/\/www.europesays.com\/fr\/wp-json\/wp\/v2\/tags?post=90969"}],"curies":[{"name":"wp","href":"https:\/\/api.w.org\/{rel}","templated":true}]}}