{"id":90973,"date":"2025-05-11T04:36:08","date_gmt":"2025-05-11T04:36:08","guid":{"rendered":"https:\/\/www.europesays.com\/fr\/90973\/"},"modified":"2025-05-11T04:36:08","modified_gmt":"2025-05-11T04:36:08","slug":"en-gironde-la-ville-de-langon-frappee-par-un-violent-orage-de-grele","status":"publish","type":"post","link":"https:\/\/www.europesays.com\/fr\/90973\/","title":{"rendered":"en Gironde, la ville de Langon frapp\u00e9e par un violent orage de gr\u00eale"},"content":{"rendered":"<p>            Par<br \/>\n        <strong><br \/>\n            <a href=\"https:\/\/actu.fr\/auteur\/gael-arcuset\" title=\"Consulter tous les articles de Ga\u00ebl Arcuset\" target=\"_blank\" rel=\"noopener\">Ga\u00ebl Arcuset<\/a><br \/>\n        <\/strong><\/p>\n<p>        Publi\u00e9 le<\/p>\n<p>            10 mai 2025 \u00e0 21h54        <\/p>\n<p>\u00ab\u00a0Un <b>vrai torrent<\/b>. Vu comment \u00e7a passait, on aurait pu croire que la Garonne avait d\u00e9bord\u00e9.\u00a0\u00bb Jo\u00ebl Caillaud, habitant de <a href=\"https:\/\/actu.fr\/nouvelle-aquitaine\/langon_33227\" target=\"_blank\" rel=\"noopener\">Langon<\/a> (Gironde), n\u2019oubliera pas de sit\u00f4t <a href=\"https:\/\/actu.fr\/nouvelle-aquitaine\/langon_33227\/pluie-de-grelons-et-grosses-averses-en-sud-gironde-les-images-impressionnantes-a-langon_62619142.html\" target=\"_blank\" rel=\"noopener\">l\u2019hallucinant orage de gr\u00eale qui a touch\u00e9 la ville<\/a>, samedi 10 mai 2025, en fin d\u2019apr\u00e8s-midi. Depuis son appartement, situ\u00e9 au troisi\u00e8me \u00e9tage d\u2019une r\u00e9sidence en plein centre-ville, il a pu filmer la sc\u00e8ne. Un d\u00e9luge d\u00e9valant les rues de la ville. \u00ab\u00a0\u00c7a d\u00e9bordait des \u00e9gouts, <b>l\u2019eau ruisselait tr\u00e8s rapidement.<\/b> C\u2019\u00e9tait impressionnant\u00a0\u00bb, confie-t-il au <a href=\"https:\/\/actu.fr\/le-republicain-sud-gironde\/\" target=\"_blank\" rel=\"noopener\">R\u00e9publicain Sud-Gironde<\/a>. L\u2019\u00e9pisode m\u00e9t\u00e9orologique, d\u2019une rare intensit\u00e9, est exceptionnel. \u00ab\u00a0Cela fait froid dans le dos, avoue m\u00eame le maire, J\u00e9r\u00f4me Guillem. Je n\u2019ai jamais rien vu de tel \u00e0 Langon.\u00a0\u00bb La mairie, de son c\u00f4t\u00e9, annonce organiser un <b>recensement des sinistres<\/b> \u00ab\u00a0pour une \u00e9ventuelle reconnaissance de l\u2019\u00e9tat de catastrophe naturelle\u00a0\u00bb.<\/p>\n<p>\u00ab\u00a0C\u2019\u00e9tait brutal, intense\u00a0\u00bb<\/p>\n<p class=\" wall-content\">\u00c0 la Pharmacie Principale, sur la place Kennedy,<b> l\u2019heure est au tri.<\/b> L\u2019officine du centre-ville, durement touch\u00e9e par cet orage, voit une partie de son stock r\u00e9duite \u00e0 n\u00e9ant. \u00ab\u00a0Beaucoup de produits <b>sont invendables<\/b>, atteste Am\u00e9lie Turtaut. Nous devons tout trier, r\u00e9pertorier pour l\u2019assurance.\u00a0\u00bb<\/p>\n<p class=\" wall-content\"><b>Un travail de titan.<\/b> Car la cave, o\u00f9 se trouve la r\u00e9serve, mais aussi l\u2019espace de vente se sont retrouv\u00e9s envahis par l\u2019eau.<\/p>\n<blockquote class=\"ac-article-quote wall-content\">\n<p>C\u2019\u00e9tait brutal, intense. Une cliente se trouvait avec nous quand la gr\u00eale a commenc\u00e9 \u00e0 tomber. \u00c0 un moment donn\u00e9, on s\u2019est retourn\u00e9es et on a vu de l\u2019eau partout<\/p>\n<p>Am\u00e9lie Turtaut<\/p><\/blockquote>\n<p>      <img   decoding=\"async\" loading=\"lazy\" class=\"size-large\" src=\"https:\/\/www.europesays.com\/fr\/wp-content\/uploads\/2025\/05\/2b401d3baf1863f401d3baf1823501v-960x640.jpg\" alt=\"Quelques heures apr\u00e8s la violente averse de gr\u00eale \u00e0 Langon (Gironde), Am\u00e9lie Turtaut et ses coll\u00e8gues de la Pharmacie Principale sont contraintes de faire du tri. L'eau, qui a inond\u00e9 la cave, ruisselant sur les murs, a fait des d\u00e9g\u00e2ts.\" width=\"960\" height=\"640\"\/><br \/>\n    Quelques heures apr\u00e8s la violente averse de gr\u00eale \u00e0 Langon (Gironde), Am\u00e9lie Turtaut et ses coll\u00e8gues de la Pharmacie Principale sont contraintes de faire du tri. L\u2019eau, qui a inond\u00e9 la cave, ruisselant sur les murs, a fait des d\u00e9g\u00e2ts. \u00a9Ga\u00ebl Arcuset<\/p>\n<p class=\" wall-content\">Une fois l\u2019orage pass\u00e9, des voisins viennent apporter leur aide. Les sapeurs-pompiers d\u00e9barquent pour pomper l\u2019eau dans la cave. \u00ab\u00a0Pour \u00e9coper, je ne vois pas comment nous aurions pu faire. Maintenant, nous allons appeler du renfort, vu la quantit\u00e9 de travail qui nous attend\u2026\u00a0\u00bb\u00a0<\/p>\n<p>La Gironde en vigilance jaune<\/p>\n<p class=\" wall-content\">\u00c0 l\u2019image de la Pharmacie Principale, de nombreux commerces et particuliers <b>font les frais de cette averse de gr\u00eale<\/b>\u00a0et se retrouvent inond\u00e9s. Pour rappel, la Gironde avait \u00e9t\u00e9 plac\u00e9e <a href=\"https:\/\/actu.fr\/nouvelle-aquitaine\/langon_33227\/meteo-en-sud-gironde-violentes-rafales-orages-a-quoi-sattendre-pour-ce-week-end-prolonge_62612688.html\" target=\"_blank\" rel=\"noopener\">en vigilance jaune par M\u00e9t\u00e9o France<\/a> pour risque d\u2019orage.<\/p>\n<p class=\" wall-content\">Durant de longues minutes, les rues de Langon sont demeur\u00e9es impraticables.\u00a0<\/p>\n<p>\u00ab\u00a0Trop t\u00f4t\u00a0\u00bb pour dresser un bilan d\u00e9finitif<\/p>\n<p class=\" wall-content\">En d\u00e9but de soir\u00e9e, Vincent Ferrier, le sous-pr\u00e9fet de l\u2019arrondissement de Langon, annonce suivre la situation avec attention : \u00ab\u00a0Les d\u00e9g\u00e2ts sont limit\u00e9s, mais il est encore trop t\u00f4t pour faire un bilan d\u00e9finitif.\u00a0\u00bb<\/p>\n<p class=\" wall-content\">Selon nos informations, le repr\u00e9sentant de l\u2019\u00c9tat a notamment sollicit\u00e9 les pr\u00e9sidents des appellations viticoles pour \u00eatre inform\u00e9 <b>des \u00e9ventuels dommages sur les vignobles du secteur<\/b>. En juillet dernier, la gr\u00eale avait caus\u00e9 <a href=\"https:\/\/actu.fr\/nouvelle-aquitaine\/sauveterre-de-guyenne_33506\/terrible-orage-de-grele-a-sauveterre-de-guyenne-on-a-eu-tres-peur-car-ca-tapait-fort_61347113.html\" target=\"_blank\" rel=\"noopener\">d\u2019importants d\u00e9g\u00e2ts dans des parcelles viticoles de Sauveterre-de-Guyenne<\/a>.<\/p>\n<p class=\" wall-content\">Suivez toute l\u2019actualit\u00e9 de vos villes et m\u00e9dias favoris en vous inscrivant \u00e0 <a href=\"https:\/\/moncompte.actu.fr\" title=\"D\u00e9couvez Mon Actu\" rel=\"nofollow noopener\" data-trk=\"{&quot;cta&quot;:{&quot;action&quot;:&quot;https:\\\/\\\/moncompte.actu.fr&quot;,&quot;category&quot;:&quot;mon compte&quot;,&quot;from&quot;:&quot;article footer&quot;,&quot;name&quot;:&quot;Mon actu&quot;,&quot;type&quot;:&quot;cta&quot;}}\" target=\"_blank\">Mon Actu<\/a>.<\/p>\n<ul class=\"ac-article-tag wall-content\">\n<li><a href=\"https:\/\/actu.fr\/tag\/meteo-france\" data-trk=\"{&quot;cta&quot;:{&quot;action&quot;:&quot;M\\u00e9t\\u00e9o France&quot;,&quot;category&quot;:&quot;tag&quot;,&quot;from&quot;:&quot;article footer&quot;,&quot;name&quot;:&quot;M\\u00e9t\\u00e9o France&quot;,&quot;type&quot;:&quot;cta&quot;}}\" target=\"_blank\" rel=\"noopener\">#M\u00e9t\u00e9o France<\/a><\/li>\n<li><a href=\"https:\/\/actu.fr\/tag\/temoignage\" data-trk=\"{&quot;cta&quot;:{&quot;action&quot;:&quot;T\\u00e9moignage&quot;,&quot;category&quot;:&quot;tag&quot;,&quot;from&quot;:&quot;article footer&quot;,&quot;name&quot;:&quot;T\\u00e9moignage&quot;,&quot;type&quot;:&quot;cta&quot;}}\" target=\"_blank\" rel=\"noopener\">#T\u00e9moignage<\/a><\/li>\n<\/ul>\n","protected":false},"excerpt":{"rendered":"Par Ga\u00ebl Arcuset Publi\u00e9 le 10 mai 2025 \u00e0 21h54 \u00ab\u00a0Un vrai torrent. Vu comment \u00e7a passait, on&hellip;\n","protected":false},"author":2,"featured_media":90974,"comment_status":"","ping_status":"","sticky":false,"template":"","format":"standard","meta":{"footnotes":""},"categories":[4],"tags":[11,1011,27,2357,12,25,104,240],"class_list":{"0":"post-90973","1":"post","2":"type-post","3":"status-publish","4":"format-standard","5":"has-post-thumbnail","7":"category-france","8":"tag-actualites","9":"tag-fr","10":"tag-france","11":"tag-meteo-france","12":"tag-news","13":"tag-republique-francaise","14":"tag-societe","15":"tag-temoignage"},"share_on_mastodon":{"url":"https:\/\/pubeurope.com\/@fr\/114487347770446258","error":""},"_links":{"self":[{"href":"https:\/\/www.europesays.com\/fr\/wp-json\/wp\/v2\/posts\/90973","targetHints":{"allow":["GET"]}}],"collection":[{"href":"https:\/\/www.europesays.com\/fr\/wp-json\/wp\/v2\/posts"}],"about":[{"href":"https:\/\/www.europesays.com\/fr\/wp-json\/wp\/v2\/types\/post"}],"author":[{"embeddable":true,"href":"https:\/\/www.europesays.com\/fr\/wp-json\/wp\/v2\/users\/2"}],"replies":[{"embeddable":true,"href":"https:\/\/www.europesays.com\/fr\/wp-json\/wp\/v2\/comments?post=90973"}],"version-history":[{"count":0,"href":"https:\/\/www.europesays.com\/fr\/wp-json\/wp\/v2\/posts\/90973\/revisions"}],"wp:featuredmedia":[{"embeddable":true,"href":"https:\/\/www.europesays.com\/fr\/wp-json\/wp\/v2\/media\/90974"}],"wp:attachment":[{"href":"https:\/\/www.europesays.com\/fr\/wp-json\/wp\/v2\/media?parent=90973"}],"wp:term":[{"taxonomy":"category","embeddable":true,"href":"https:\/\/www.europesays.com\/fr\/wp-json\/wp\/v2\/categories?post=90973"},{"taxonomy":"post_tag","embeddable":true,"href":"https:\/\/www.europesays.com\/fr\/wp-json\/wp\/v2\/tags?post=90973"}],"curies":[{"name":"wp","href":"https:\/\/api.w.org\/{rel}","templated":true}]}}