{"id":909768,"date":"2026-05-04T03:57:19","date_gmt":"2026-05-04T03:57:19","guid":{"rendered":"https:\/\/www.europesays.com\/fr\/909768\/"},"modified":"2026-05-04T03:57:19","modified_gmt":"2026-05-04T03:57:19","slug":"tout-devient-inflammable-en-bretagne-aussi-le-festif-est-rattrape-par-la-politique","status":"publish","type":"post","link":"https:\/\/www.europesays.com\/fr\/909768\/","title":{"rendered":"\u00ab\u00a0Tout devient inflammable\u00a0\u00bb\u00a0: en Bretagne aussi, le festif est rattrap\u00e9 par la politique"},"content":{"rendered":"<p>Un banquet populaire \u00e0 Quimper. Une \u00e9mission de radio \u00e0 Auray (56). Deux \u00e9v\u00e9nements a priori anodins, devenus en quelques jours des affaires politiques. Bienvenue dans une Bretagne o\u00f9 le festif n\u2019\u00e9chappe plus au clivage.<\/p>\n<p>\u00c0 Quimper, le Canon fran\u00e7ais (organisateur de banquets g\u00e9ants \u00e0 l\u2019ambiance \u00ab\u00a0franchouillarde\u00a0\u00bb) avait r\u00e9serv\u00e9 le Parc des expositions pour le 5 d\u00e9cembre 2026. Alors que plus de 1\u00a0000 billets ont d\u00e9j\u00e0 \u00e9t\u00e9 vendus, la pr\u00e9sidente de Quimper Bretagne occidentale, Isabelle Assih (PS), <a href=\"https:\/\/www.letelegramme.fr\/finistere\/quimper-29000\/on-va-en-demander-linterdiction-lorganisation-dun-banquet-du-canon-francais-fait-des-remous-a-quimper-7031996.php\" rel=\"nofollow noopener\" target=\"_blank\">a exig\u00e9 la suspension de la r\u00e9servation<\/a>, invoquant \u00ab\u00a0des tensions significatives en mati\u00e8re de s\u00e9curit\u00e9 et d\u2019ordre public\u00a0\u00bb observ\u00e9es lors d\u2019\u00e9ditions pr\u00e9c\u00e9dentes. Le 18 avril, \u00e0 Caen, des t\u00e9moignages et une vid\u00e9o font \u00e9tat de saluts nazis et d\u2019insultes racistes en centre-ville, des \u00e9v\u00e9nements survenus apr\u00e8s le banquet.<\/p>\n<p>Le Canon fran\u00e7ais, en partie financ\u00e9 par le milliardaire conservateur Pierre-\u00c9douard St\u00e9rin, conteste toute responsabilit\u00e9\u00a0: \u00ab\u00a0Comme des supporters apr\u00e8s un match, une fois dehors, nous n\u2019avons plus la main\u00a0\u00bb.<\/p>\n<p>\u00c0 Auray, la nouvelle maire divers droite, Fran\u00e7oise Na\u00ebl a, elle, <a href=\"https:\/\/www.letelegramme.fr\/morbihan\/auray-56400\/radio-nova-annonce-lannulation-dune-emission-prevue-a-auray-lopposition-municipale-appelle-a-une-mobilisation-ce-mardi-7029502.php\" rel=\"nofollow noopener\" target=\"_blank\">annul\u00e9 l\u2019accueil de \u00ab\u00a0La Derni\u00e8re\u00a0\u00bb, \u00e9mission de Radio Nova <\/a>programm\u00e9e par sa pr\u00e9d\u00e9cesseure \u00e9cologiste. Officiellement\u00a0: contraintes logistiques et co\u00fbt. Pour l\u2019opposition de gauche, il s\u2019agit d\u2019une censure politique. L\u2019\u00e9lue r\u00e9torque\u00a0: \u00ab\u00a0Ne pas financer n\u2019est pas censurer\u00a0\u00bb.<\/p>\n<blockquote><p>Le champ local est de plus en plus nationalis\u00e9, sous l\u2019effet des cha\u00eenes d\u2019info et des r\u00e9seaux sociaux. Cela cr\u00e9e une pression sur les maires<\/p><\/blockquote>\n<p>Dans un cas, une \u00e9lue de gauche bloque un \u00e9v\u00e9nement per\u00e7u comme trop \u00e0 droite (le Canon fran\u00e7ais \u00e0 Quimper). Dans l\u2019autre une \u00e9lue de droite bloque un \u00e9v\u00e9nement per\u00e7u comme trop \u00e0 gauche (Radio Nova \u00e0 Auray). Deux affaires, deux camps, mais un m\u00eame m\u00e9canisme\u00a0: des arguments techniques habillent des d\u00e9cisions aux arri\u00e8re-plans id\u00e9ologiques.<\/p>\n<p>Pour Benjamin Morel, professeur de droit public, le proc\u00e9d\u00e9 est classique\u00a0: \u00ab\u00a0Les maires ne pouvant pas interdire un \u00e9v\u00e9nement pour des motifs purement politiques, ils utilisent souvent des pr\u00e9textes juridiques, comme la s\u00e9curit\u00e9 ou l\u2019ordre public, pour interdire des manifestations qui sont en r\u00e9alit\u00e9 id\u00e9ologiquement oppos\u00e9es \u00e0 leur mandat\u00a0\u00bb. Une pratique rendue presque in\u00e9vitable par une transformation profonde du paysage. \u00ab\u00a0Le champ local est de plus en plus nationalis\u00e9, sous l\u2019effet des cha\u00eenes d\u2019info et des r\u00e9seaux sociaux. Cela cr\u00e9e une pression sur les maires. S\u2019ils ne font rien, leurs \u00e9lecteurs, dont les pr\u00e9occupations se sont radicalis\u00e9es, risquent de les percevoir comme n\u2019\u00e9tant plus align\u00e9s avec eux\u00a0\u00bb, souligne-t-il.<\/p>\n<blockquote><p>Tout devient inflammable\u00a0: un film, un \u00e9v\u00e9nement sportif, tout est surinvesti d\u2019une lecture politique. C\u2019est typique d\u2019une crise politique o\u00f9 tout fait probl\u00e8me<\/p><\/blockquote>\n<p>Christian Le Bart, politologue \u00e0 Sciences Po Rennes et sp\u00e9cialiste de la gouvernance locale, pousse l\u2019analyse plus loin. Pour lui, ce qui est frappant dans ces deux affaires bretonnes, c\u2019est moins la d\u00e9cision des \u00e9lus que la nature des objets qui la d\u00e9clenchent. \u00ab\u00a0Ce sont des ph\u00e9nom\u00e8nes de circulation nationale d\u2019objets inflammables. Tout devient inflammable\u00a0: un film, un \u00e9v\u00e9nement sportif, tout est surinvesti d\u2019une lecture politique. C\u2019est typique d\u2019une crise politique o\u00f9 tout fait probl\u00e8me.\u00a0\u00bb<\/p>\n<p>Ni Radio Nova ni le Canon fran\u00e7ais ne sont des initiatives locales mais la fronti\u00e8re entre centre et p\u00e9riph\u00e9rie s\u2019estompe. \u00ab\u00a0Traditionnellement, les maires \u00e9vitaient l\u2019hyperpolitisation. L\u00e0, ils sont embarqu\u00e9s dans des conflits qui d\u00e9passent leur territoire\u00a0\u00bb, poursuit-il.<\/p>\n<p>Le politologue note \u00e9galement que la politisation ne vient pas d\u2019un seul camp. \u00ab\u00a0Il n\u2019y a pas d\u2019innocence du c\u00f4t\u00e9 de ceux qui lancent ces manifestations. Mais la surpolitisation est aussi le fait des adversaires\u00a0\u00bb, ajoute-t-il, d\u00e9crivant une vigilance sym\u00e9trique des deux c\u00f4t\u00e9s de l\u2019\u00e9chiquier.<\/p>\n<blockquote><p>La vigilance face \u00e0 certains risques tel que l\u2019entrisme de l\u2019extr\u00eame droite produit, en retour, une hypervigilance qui g\u00e9n\u00e8re elle-m\u00eame de la pol\u00e9mique<\/p><\/blockquote>\n<p>Une dynamique qui produit des exc\u00e8s. Dans le Finist\u00e8re, <a href=\"https:\/\/www.letelegramme.fr\/finistere\/quimperle-29300\/des-deputes-lfi-demandent-au-prefet-lannulation-dun-concert-de-black-metal-ce-samedi-a-querrien-7035039.php\" rel=\"nofollow noopener\" target=\"_blank\">des d\u00e9put\u00e9s LFI ont alert\u00e9, cette semaine, le pr\u00e9fet sur un concert de black m\u00e9tal \u00e0 Querrien<\/a>, \u00e9voquant la pr\u00e9sence suppos\u00e9e d\u2019une figure d\u2019extr\u00eame droite dans un groupe \u00e0 l\u2019affiche. L\u2019int\u00e9ress\u00e9 (Philippe Vardon, conseiller r\u00e9gional de Provence-Alpes-C\u00f4te d\u2019Azur) assure n\u2019avoir jamais \u00e9t\u00e9 membre du groupe en question. \u00ab\u00a0L\u2019un de leurs musiciens a \u00e9t\u00e9 associ\u00e9 un temps \u00e0 mon propre groupe. C\u2019\u00e9tait il y a 30 ans\u00a0\u00bb, a-t-il pr\u00e9cis\u00e9 au T\u00e9l\u00e9gramme. L\u2019affaire illustre un risque point\u00e9 par Christian Le Bart\u00a0: \u00ab\u00a0La vigilance face \u00e0 certains risques tel que l\u2019entrisme de l\u2019extr\u00eame droite produit, en retour, une hypervigilance qui g\u00e9n\u00e8re elle-m\u00eame de la pol\u00e9mique.\u00a0\u00bb<\/p>\n<p>Entre prudence juridique et pression de leur base, les \u00e9lus locaux avancent d\u00e9sormais sur une ligne de cr\u00eate. Dans une Bretagne longtemps r\u00e9put\u00e9e mod\u00e9r\u00e9e, m\u00eame les \u00e9v\u00e9nements festifs deviennent des marqueurs id\u00e9ologiques. Et plus rien, ou presque, n\u2019\u00e9chappe au regard politique.<\/p>\n","protected":false},"excerpt":{"rendered":"Un banquet populaire \u00e0 Quimper. Une \u00e9mission de radio \u00e0 Auray (56). Deux \u00e9v\u00e9nements a priori anodins, devenus&hellip;\n","protected":false},"author":2,"featured_media":909769,"comment_status":"","ping_status":"","sticky":false,"template":"","format":"standard","meta":{"footnotes":"","_share_on_mastodon":"0"},"categories":[4],"tags":[11,7507,829,3321,1011,27,3729,12,316,97231,3319,25],"class_list":["post-909768","post","type-post","status-publish","format-standard","has-post-thumbnail","category-france","tag-actualites","tag-auray","tag-bretagne","tag-finistere","tag-fr","tag-france","tag-morbihan","tag-news","tag-politique","tag-querrien","tag-quimper","tag-republique-francaise"],"share_on_mastodon":{"url":"https:\/\/pubeurope.com\/@fr\/116514301455311406","error":""},"_links":{"self":[{"href":"https:\/\/www.europesays.com\/fr\/wp-json\/wp\/v2\/posts\/909768","targetHints":{"allow":["GET"]}}],"collection":[{"href":"https:\/\/www.europesays.com\/fr\/wp-json\/wp\/v2\/posts"}],"about":[{"href":"https:\/\/www.europesays.com\/fr\/wp-json\/wp\/v2\/types\/post"}],"author":[{"embeddable":true,"href":"https:\/\/www.europesays.com\/fr\/wp-json\/wp\/v2\/users\/2"}],"replies":[{"embeddable":true,"href":"https:\/\/www.europesays.com\/fr\/wp-json\/wp\/v2\/comments?post=909768"}],"version-history":[{"count":0,"href":"https:\/\/www.europesays.com\/fr\/wp-json\/wp\/v2\/posts\/909768\/revisions"}],"wp:featuredmedia":[{"embeddable":true,"href":"https:\/\/www.europesays.com\/fr\/wp-json\/wp\/v2\/media\/909769"}],"wp:attachment":[{"href":"https:\/\/www.europesays.com\/fr\/wp-json\/wp\/v2\/media?parent=909768"}],"wp:term":[{"taxonomy":"category","embeddable":true,"href":"https:\/\/www.europesays.com\/fr\/wp-json\/wp\/v2\/categories?post=909768"},{"taxonomy":"post_tag","embeddable":true,"href":"https:\/\/www.europesays.com\/fr\/wp-json\/wp\/v2\/tags?post=909768"}],"curies":[{"name":"wp","href":"https:\/\/api.w.org\/{rel}","templated":true}]}}