{"id":90979,"date":"2025-05-11T04:39:09","date_gmt":"2025-05-11T04:39:09","guid":{"rendered":"https:\/\/www.europesays.com\/fr\/90979\/"},"modified":"2025-05-11T04:39:09","modified_gmt":"2025-05-11T04:39:09","slug":"saint-etienne-cette-annee-la-biennale-design-ca-se-passera-aussi-dans-les-halles-barrouin","status":"publish","type":"post","link":"https:\/\/www.europesays.com\/fr\/90979\/","title":{"rendered":"Saint-\u00c9tienne. Cette ann\u00e9e, la Biennale design, \u00e7a se passera aussi dans les halles Barrouin"},"content":{"rendered":"<p>Mine de rien, \u00e7a fait trois ans que la Biennale internationale design n\u2019a pas eu lieu\u00a0: elle avait \u00e9t\u00e9 report\u00e9e l\u2019an dernier en raison des travaux qui se d\u00e9roulaient (et se d\u00e9roulent toujours) sur le site de l\u2019ancienne Manufacture, dans le cadre du projet \u00ab\u00a0Cit\u00e9 du design 2025\u00a0\u00bb.<\/p>\n<p>Alors, malgr\u00e9 le sentiment de d\u00e9ception (doux euph\u00e9misme) qu\u2019avait laiss\u00e9e la douzi\u00e8me \u00e9dition, autant dire que les amateurs de design attendent avec une certaine impatience la prochaine, qui s\u2019ouvrira dans une dizaine de jours, le jeudi 22\u00a0mai, et se poursuivra jusqu\u2019au 6\u00a0juillet, sur le th\u00e8me \u00ab\u00a0Ressource(s), pr\u00e9sager demain\u00a0\u00bb.<\/p>\n<p>\u00ab\u00a0On va parler du design du quotidien\u00a0\u00bb<\/p>\n<p>Marc Chassaub\u00e9n\u00e9, vice-pr\u00e9sident de Saint-\u00c9tienne M\u00e9tropole en charge de la culture et du design, l\u2019assure\u00a0: cette treizi\u00e8me Biennale sera beaucoup plus accessible.<\/p>\n<p>\u00ab\u00a0On revient \u00e0 l\u2019id\u00e9e de d\u00e9part de la Biennale, \u00e0 savoir donner des&#8230;<\/p>\n","protected":false},"excerpt":{"rendered":"Mine de rien, \u00e7a fait trois ans que la Biennale internationale design n\u2019a pas eu lieu\u00a0: elle avait&hellip;\n","protected":false},"author":2,"featured_media":90980,"comment_status":"","ping_status":"","sticky":false,"template":"","format":"standard","meta":{"footnotes":""},"categories":[9653],"tags":[1111,11,2430,1687,7539,1777,674,2271,1011,27,12,25,4001,7538],"class_list":{"0":"post-90979","1":"post","2":"type-post","3":"status-publish","4":"format-standard","5":"has-post-thumbnail","7":"category-saint-etienne","8":"tag-actu","9":"tag-actualites","10":"tag-auvergne-rhone-alpes","11":"tag-culture-loisirs","12":"tag-edition-loire-sud","13":"tag-eu","14":"tag-europe","15":"tag-exposition-arts-plastiques","16":"tag-fr","17":"tag-france","18":"tag-news","19":"tag-republique-francaise","20":"tag-saint-etienne","21":"tag-saint-etienne-ville"},"share_on_mastodon":{"url":"https:\/\/pubeurope.com\/@fr\/114487359214700281","error":""},"_links":{"self":[{"href":"https:\/\/www.europesays.com\/fr\/wp-json\/wp\/v2\/posts\/90979","targetHints":{"allow":["GET"]}}],"collection":[{"href":"https:\/\/www.europesays.com\/fr\/wp-json\/wp\/v2\/posts"}],"about":[{"href":"https:\/\/www.europesays.com\/fr\/wp-json\/wp\/v2\/types\/post"}],"author":[{"embeddable":true,"href":"https:\/\/www.europesays.com\/fr\/wp-json\/wp\/v2\/users\/2"}],"replies":[{"embeddable":true,"href":"https:\/\/www.europesays.com\/fr\/wp-json\/wp\/v2\/comments?post=90979"}],"version-history":[{"count":0,"href":"https:\/\/www.europesays.com\/fr\/wp-json\/wp\/v2\/posts\/90979\/revisions"}],"wp:featuredmedia":[{"embeddable":true,"href":"https:\/\/www.europesays.com\/fr\/wp-json\/wp\/v2\/media\/90980"}],"wp:attachment":[{"href":"https:\/\/www.europesays.com\/fr\/wp-json\/wp\/v2\/media?parent=90979"}],"wp:term":[{"taxonomy":"category","embeddable":true,"href":"https:\/\/www.europesays.com\/fr\/wp-json\/wp\/v2\/categories?post=90979"},{"taxonomy":"post_tag","embeddable":true,"href":"https:\/\/www.europesays.com\/fr\/wp-json\/wp\/v2\/tags?post=90979"}],"curies":[{"name":"wp","href":"https:\/\/api.w.org\/{rel}","templated":true}]}}