{"id":90981,"date":"2025-05-11T04:40:10","date_gmt":"2025-05-11T04:40:10","guid":{"rendered":"https:\/\/www.europesays.com\/fr\/90981\/"},"modified":"2025-05-11T04:40:10","modified_gmt":"2025-05-11T04:40:10","slug":"nancy-le-point-sur-les-crapauds-accoucheurs-du-parc-sainte-marie","status":"publish","type":"post","link":"https:\/\/www.europesays.com\/fr\/90981\/","title":{"rendered":"Nancy. Le point sur\u2026 Les crapauds accoucheurs du parc Sainte-Marie"},"content":{"rendered":"<p>C\u2019est un petit amphibien de quelques centim\u00e8tres de long qui s\u2019est retrouv\u00e9 sous le feu des projecteurs <a href=\"https:\/\/www.estrepublicain.fr\/edition-de-nancy-ville\/2019\/11\/12\/un-crapaud-surprise-sur-le-chantier-de-nancy-thermal\" target=\"_blank\" rel=\"nofollow noopener\">lors des travaux de Nancy Thermal fin 2019<\/a>. A l\u2019\u00e9poque, Michel Bourgeois avait rep\u00e9r\u00e9 par hasard des alytes accoucheurs, une esp\u00e8ce d\u2019amphibiens, sur le chantier de Thermal.<\/p>\n<p>Dans la foul\u00e9e, cet herp\u00e9tologue amateur avait fait part de sa d\u00e9couverte aux services municipaux, et une zone avait \u00e9t\u00e9 sanctuaris\u00e9e, l\u2019esp\u00e8ce \u00e9tant prot\u00e9g\u00e9e. Ces crapauds accoucheurs avaient finalement \u00e9t\u00e9 d\u00e9plac\u00e9s <a href=\"https:\/\/www.estrepublicain.fr\/sante\/2020\/06\/16\/futur-complexe-thermal-entre-deconstruction-et-preservation\" target=\"_blank\" rel=\"nofollow noopener\">juste \u00e0 c\u00f4t\u00e9, au parc Sainte-Marie<\/a> . <\/p>\n<p>\u00ab\u00a0On a sauv\u00e9 387 alytes lors de leur transfert\u00a0\u00bb se f\u00e9licite Michel Bourgeois, qui a cr\u00e9\u00e9 l\u2019association OPNA (Observation Protection Nature Amphibien) en novembre\u00a02023 pour observer et d\u00e9fendre les&#8230;<\/p>\n","protected":false},"excerpt":{"rendered":"C\u2019est un petit amphibien de quelques centim\u00e8tres de long qui s\u2019est retrouv\u00e9 sous le feu des projecteurs lors&hellip;\n","protected":false},"author":2,"featured_media":90982,"comment_status":"","ping_status":"","sticky":false,"template":"","format":"standard","meta":{"footnotes":""},"categories":[9635],"tags":[1111,11,1704,436,1777,674,1011,27,775,1702,1703,12,25],"class_list":{"0":"post-90981","1":"post","2":"type-post","3":"status-publish","4":"format-standard","5":"has-post-thumbnail","7":"category-nancy","8":"tag-actu","9":"tag-actualites","10":"tag-edition-nancy-et-agglomeration","11":"tag-environnement","12":"tag-eu","13":"tag-europe","14":"tag-fr","15":"tag-france","16":"tag-grand-est","17":"tag-nancy","18":"tag-nancy-ville-54b","19":"tag-news","20":"tag-republique-francaise"},"share_on_mastodon":{"url":"https:\/\/pubeurope.com\/@fr\/114487363094590653","error":""},"_links":{"self":[{"href":"https:\/\/www.europesays.com\/fr\/wp-json\/wp\/v2\/posts\/90981","targetHints":{"allow":["GET"]}}],"collection":[{"href":"https:\/\/www.europesays.com\/fr\/wp-json\/wp\/v2\/posts"}],"about":[{"href":"https:\/\/www.europesays.com\/fr\/wp-json\/wp\/v2\/types\/post"}],"author":[{"embeddable":true,"href":"https:\/\/www.europesays.com\/fr\/wp-json\/wp\/v2\/users\/2"}],"replies":[{"embeddable":true,"href":"https:\/\/www.europesays.com\/fr\/wp-json\/wp\/v2\/comments?post=90981"}],"version-history":[{"count":0,"href":"https:\/\/www.europesays.com\/fr\/wp-json\/wp\/v2\/posts\/90981\/revisions"}],"wp:featuredmedia":[{"embeddable":true,"href":"https:\/\/www.europesays.com\/fr\/wp-json\/wp\/v2\/media\/90982"}],"wp:attachment":[{"href":"https:\/\/www.europesays.com\/fr\/wp-json\/wp\/v2\/media?parent=90981"}],"wp:term":[{"taxonomy":"category","embeddable":true,"href":"https:\/\/www.europesays.com\/fr\/wp-json\/wp\/v2\/categories?post=90981"},{"taxonomy":"post_tag","embeddable":true,"href":"https:\/\/www.europesays.com\/fr\/wp-json\/wp\/v2\/tags?post=90981"}],"curies":[{"name":"wp","href":"https:\/\/api.w.org\/{rel}","templated":true}]}}