{"id":90983,"date":"2025-05-11T04:41:11","date_gmt":"2025-05-11T04:41:11","guid":{"rendered":"https:\/\/www.europesays.com\/fr\/90983\/"},"modified":"2025-05-11T04:41:11","modified_gmt":"2025-05-11T04:41:11","slug":"la-consommation-dantibiotiques-des-hopitaux-surveillee-a-nancy","status":"publish","type":"post","link":"https:\/\/www.europesays.com\/fr\/90983\/","title":{"rendered":"la consommation d\u2019antibiotiques des h\u00f4pitaux surveill\u00e9e \u00e0 Nancy"},"content":{"rendered":"<p>Chaque ann\u00e9e, 35\u00a0000 personnes meurent en Europe d\u2019infections r\u00e9sistantes aux antibiotiques. Le lien entre surprescription d\u2019antibiotiques et <a href=\"https:\/\/www.estrepublicain.fr\/magazine-sante\/2023\/12\/03\/antibioresistance-le-grand-est-avale-beaucoup-trop-d-antibiotiques\" target=\"_blank\" rel=\"noopener\">antibior\u00e9sistance<\/a> n\u2019est plus \u00e0 d\u00e9montrer. Le danger est tel qu\u2019en 2020, l\u2019Organisation mondiale de la sant\u00e9 a tir\u00e9 la sonnette d\u2019alarme\u00a0: \u00ab\u00a0La r\u00e9sistance aux antibiotiques constitue l\u2019une des plus graves menaces pesant sur la sant\u00e9 mondiale, la s\u00e9curit\u00e9 alimentaire et le d\u00e9veloppement.\u00a0\u00bb<\/p>\n<p>L\u2019OMS ne parle pas ici d\u2019un virus ou d\u2019une maladie incurable, mais bien des cons\u00e9quences d\u2019une app\u00e9tence de la m\u00e9decine et des patients pour une classe de m\u00e9dicaments, certes vitaux et non-substituables, mais d\u00e9tourn\u00e9s de leur fonction et ingurgit\u00e9s \u00e0 l\u2019exc\u00e8s. Ce m\u00e9susage n\u2019est pas sans cons\u00e9quence. Elle entra\u00eene une r\u00e9sistance accrue des bact\u00e9ries aux traitements antibiotiques. L\u2019antibior\u00e9sistance pourrait ainsi devenir&#8230;<\/p>\n","protected":false},"excerpt":{"rendered":"Chaque ann\u00e9e, 35\u00a0000 personnes meurent en Europe d\u2019infections r\u00e9sistantes aux antibiotiques. Le lien entre surprescription d\u2019antibiotiques et antibior\u00e9sistance&hellip;\n","protected":false},"author":2,"featured_media":90984,"comment_status":"","ping_status":"","sticky":false,"template":"","format":"standard","meta":{"footnotes":""},"categories":[9635],"tags":[1111,11,1707,1704,1706,1705,1777,674,1011,27,775,5362,224,16292,3457,1702,1703,12,3456,25,71,767],"class_list":{"0":"post-90983","1":"post","2":"type-post","3":"status-publish","4":"format-standard","5":"has-post-thumbnail","7":"category-nancy","8":"tag-actu","9":"tag-actualites","10":"tag-edition-luneville","11":"tag-edition-nancy-et-agglomeration","12":"tag-edition-pont-a-mousson","13":"tag-edition-toul","14":"tag-eu","15":"tag-europe","16":"tag-fr","17":"tag-france","18":"tag-grand-est","19":"tag-magazine-sante","20":"tag-medecine","21":"tag-medicaments","22":"tag-meurthe-et-moselle","23":"tag-nancy","24":"tag-nancy-ville-54b","25":"tag-news","26":"tag-region-lorraine","27":"tag-republique-francaise","28":"tag-sante","29":"tag-science-et-technologie"},"share_on_mastodon":{"url":"https:\/\/pubeurope.com\/@fr\/114487366997155649","error":""},"_links":{"self":[{"href":"https:\/\/www.europesays.com\/fr\/wp-json\/wp\/v2\/posts\/90983","targetHints":{"allow":["GET"]}}],"collection":[{"href":"https:\/\/www.europesays.com\/fr\/wp-json\/wp\/v2\/posts"}],"about":[{"href":"https:\/\/www.europesays.com\/fr\/wp-json\/wp\/v2\/types\/post"}],"author":[{"embeddable":true,"href":"https:\/\/www.europesays.com\/fr\/wp-json\/wp\/v2\/users\/2"}],"replies":[{"embeddable":true,"href":"https:\/\/www.europesays.com\/fr\/wp-json\/wp\/v2\/comments?post=90983"}],"version-history":[{"count":0,"href":"https:\/\/www.europesays.com\/fr\/wp-json\/wp\/v2\/posts\/90983\/revisions"}],"wp:featuredmedia":[{"embeddable":true,"href":"https:\/\/www.europesays.com\/fr\/wp-json\/wp\/v2\/media\/90984"}],"wp:attachment":[{"href":"https:\/\/www.europesays.com\/fr\/wp-json\/wp\/v2\/media?parent=90983"}],"wp:term":[{"taxonomy":"category","embeddable":true,"href":"https:\/\/www.europesays.com\/fr\/wp-json\/wp\/v2\/categories?post=90983"},{"taxonomy":"post_tag","embeddable":true,"href":"https:\/\/www.europesays.com\/fr\/wp-json\/wp\/v2\/tags?post=90983"}],"curies":[{"name":"wp","href":"https:\/\/api.w.org\/{rel}","templated":true}]}}