{"id":90989,"date":"2025-05-11T04:45:12","date_gmt":"2025-05-11T04:45:12","guid":{"rendered":"https:\/\/www.europesays.com\/fr\/90989\/"},"modified":"2025-05-11T04:45:12","modified_gmt":"2025-05-11T04:45:12","slug":"mincarelli-sattendait-a-la-defaite-mais-prepare-lavenir","status":"publish","type":"post","link":"https:\/\/www.europesays.com\/fr\/90989\/","title":{"rendered":"Mincarelli s&rsquo;attendait \u00e0 la d\u00e9faite mais pr\u00e9pare l&rsquo;avenir"},"content":{"rendered":"<p><strong>Le Montpellier Herault Sporting Club recevait le Paris Saint-Germain ce samedi soir, pour la 24e journ\u00e9e de Ligue 1. Et si Paris avait fortement remani\u00e9e son effectif pour laisser reposer les organismes, ils se sont malgr\u00e9 tout largement impos\u00e9s 1-4, avec un tripl\u00e9 de Gon\u00e7alo Ramos (<a href=\"https:\/\/www.parisfans.fr\/videos-psg\/resume-video-montpellier-psg-1-4-ramos-inscrit-3-buts-dont-1-superbe-788675.html\" target=\"_blank\" rel=\"noopener\">voir le r\u00e9sum\u00e9 Montpellier\/PSG<\/a>). Lucas Mincarelli, d\u00e9fenseur du MHSC s\u2019est arr\u00eat\u00e9 aux micros de DAZN \u00e0 l\u2019issue de la rencontre pour \u00e9voquer cette d\u00e9faite:<\/strong><\/p>\n<p>Mincarelli: \u00ab\u00a0ce genre de match nous apprend beaucoup de choses\u00a0\u00bb<\/p>\n<p><strong>Il fallait s\u2019attendre \u00e0 la d\u00e9faite face au PSG ?<\/strong><\/p>\n<p>Il fallait s\u2019y attendre, mais apr\u00e8s je pense que l\u2019on a \u00e9t\u00e9 solide au d\u00e9part. On a fait 45 premi\u00e8res minutes, on a encaiss\u00e9 ce but. Apr\u00e8s, avec la fatigue, on a conc\u00e9d\u00e9 encore et encore.<\/p>\n<p>On a r\u00e9ussi quand m\u00eame \u00e0 marquer ce but, qui nous manquait dans les derniers matchs. C\u2019est encourageant; On va continuer \u00e0 travailler.<\/p>\n<p><strong>Vous pr\u00e9parez l\u2019avenir avec un tel match ?<\/strong><\/p>\n<p>On pr\u00e9pare la saison prochaine, on pr\u00e9pare l\u2019avenir. C\u2019est bien ce genre de match nous apprend beaucoup de choses.<\/p>\n<p>\t\t\t\t\t\t\t\t\t\t\t\t\t\t\t\t\t\t\t\t\t\t\t<img loading=\"lazy\" src=\"https:\/\/www.europesays.com\/fr\/wp-content\/uploads\/2025\/04\/ParisFans_Logo.png\" decoding=\"async\" class=\"lazyload\" width=\"240\" height=\"54\" data-eio-rwidth=\"240\" data-eio-rheight=\"54\"\/><\/p>\n","protected":false},"excerpt":{"rendered":"Le Montpellier Herault Sporting Club recevait le Paris Saint-Germain ce samedi soir, pour la 24e journ\u00e9e de Ligue&hellip;\n","protected":false},"author":2,"featured_media":90990,"comment_status":"","ping_status":"","sticky":false,"template":"","format":"standard","meta":{"footnotes":""},"categories":[9599],"tags":[1111,11,1777,674,1011,27,20194,2208,17012,12,2680,25],"class_list":{"0":"post-90989","1":"post","2":"type-post","3":"status-publish","4":"format-standard","5":"has-post-thumbnail","7":"category-montpellier","8":"tag-actu","9":"tag-actualites","10":"tag-eu","11":"tag-europe","12":"tag-fr","13":"tag-france","14":"tag-lucas-mincarelli","15":"tag-montpellier","16":"tag-montpellier-psg","17":"tag-news","18":"tag-occitanie","19":"tag-republique-francaise"},"share_on_mastodon":{"url":"https:\/\/pubeurope.com\/@fr\/114487382619296768","error":""},"_links":{"self":[{"href":"https:\/\/www.europesays.com\/fr\/wp-json\/wp\/v2\/posts\/90989","targetHints":{"allow":["GET"]}}],"collection":[{"href":"https:\/\/www.europesays.com\/fr\/wp-json\/wp\/v2\/posts"}],"about":[{"href":"https:\/\/www.europesays.com\/fr\/wp-json\/wp\/v2\/types\/post"}],"author":[{"embeddable":true,"href":"https:\/\/www.europesays.com\/fr\/wp-json\/wp\/v2\/users\/2"}],"replies":[{"embeddable":true,"href":"https:\/\/www.europesays.com\/fr\/wp-json\/wp\/v2\/comments?post=90989"}],"version-history":[{"count":0,"href":"https:\/\/www.europesays.com\/fr\/wp-json\/wp\/v2\/posts\/90989\/revisions"}],"wp:featuredmedia":[{"embeddable":true,"href":"https:\/\/www.europesays.com\/fr\/wp-json\/wp\/v2\/media\/90990"}],"wp:attachment":[{"href":"https:\/\/www.europesays.com\/fr\/wp-json\/wp\/v2\/media?parent=90989"}],"wp:term":[{"taxonomy":"category","embeddable":true,"href":"https:\/\/www.europesays.com\/fr\/wp-json\/wp\/v2\/categories?post=90989"},{"taxonomy":"post_tag","embeddable":true,"href":"https:\/\/www.europesays.com\/fr\/wp-json\/wp\/v2\/tags?post=90989"}],"curies":[{"name":"wp","href":"https:\/\/api.w.org\/{rel}","templated":true}]}}