{"id":91047,"date":"2025-05-11T05:19:22","date_gmt":"2025-05-11T05:19:22","guid":{"rendered":"https:\/\/www.europesays.com\/fr\/91047\/"},"modified":"2025-05-11T05:19:22","modified_gmt":"2025-05-11T05:19:22","slug":"cette-ville-des-yvelines-organise-un-marche-pour-celebrer-leurope","status":"publish","type":"post","link":"https:\/\/www.europesays.com\/fr\/91047\/","title":{"rendered":"Cette ville des Yvelines organise un march\u00e9 pour c\u00e9l\u00e9brer l\u2019Europe"},"content":{"rendered":"<p>            Par<br \/>\n        <strong><br \/>\n            <a href=\"https:\/\/actu.fr\/auteur\/ronan-bardet\" title=\"Consulter tous les articles de Ronan Bardet\" rel=\"nofollow noopener\" target=\"_blank\">Ronan Bardet<\/a><br \/>\n        <\/strong><\/p>\n<p>        Publi\u00e9 le<\/p>\n<p>            9 mai 2025 \u00e0 12h16        <\/p>\n<p>Dans un climat international tendu, cette manifestation devrait donner du baume au c\u0153ur \u00e0 ses participants. La Ville de <a href=\"https:\/\/actu.fr\/ile-de-france\/saint-germain-en-laye_78551\" rel=\"nofollow noopener\" target=\"_blank\">Saint-Germain-en-Laye<\/a> (<a href=\"https:\/\/actu.fr\/78actu\/\" rel=\"nofollow noopener\" target=\"_blank\">Yvelines<\/a>) organise la <a href=\"https:\/\/www.saintgermainenlaye.fr\/111-7197\/agenda\/fiche\/marche-europeen.htm\" rel=\"nofollow noopener\" target=\"_blank\">19e \u00e9dition du march\u00e9 europ\u00e9en<\/a>, samedi 10\u00a0mai 2025. Cette f\u00eate de l\u2019Europe se d\u00e9roulera de 10\u2009h \u00e0 18\u2009h\u200930, sur la place du March\u00e9-Neuf mais aussi dans les rues du centre-ville avec plus d\u2019une trentaine d\u2019exposants.<\/p>\n<blockquote class=\"ac-article-quote wall-content\">\n<p>\u00ab\u2009L\u2019id\u00e9e de cette manifestation est d\u2019avoir sur la place du March\u00e9-Neuf des stands de nourritures, de boissons, de sp\u00e9cialit\u00e9s et de produits culturels des diff\u00e9rents pays europ\u00e9ens. Mais il y aura \u00e9galement des stands de nos quatre associations de jumelages europ\u00e9ennes, un pour la Maison des associations (MAS) et celui de la maison de l\u2019Europe des Yvelines.\u2009\u00bb<\/p>\n<p>Marc Miloutinovitch, conseiller municipal en charge de l\u2019organisation de l\u2019\u00e9v\u00e9nement et secr\u00e9taire g\u00e9n\u00e9ral de la Maison de l\u2019Europe des Yvelines<\/p><\/blockquote>\n<p class=\" wall-content\">La maison de l\u2019Europe des Yvelines organisera un mini-quiz sur l\u2019Union europ\u00e9enne, des ateliers sur les financements et un blind-test.<\/p>\n<p>Des anniversaires \u00e0 c\u00e9l\u00e9brer<\/p>\n<p class=\" wall-content\">Cette ann\u00e9e, l\u2019\u00e9v\u00e8nement sera l\u2019occasion de mettre \u00e0 l\u2019honneur la <b>Pologne<\/b> \u00e0 la t\u00eate de la pr\u00e9sidence tournante du conseil de l\u2019Union europ\u00e9enne avec une d\u00e9monstration d\u2019accord\u00e9on par Barbara Slawinska, de 14\u2009h \u00e0 14\u2009h\u200930 et de 15\u2009h \u00e0 15\u2009h\u200930.<\/p>\n<p class=\" wall-content\">Deux anniversaires seront \u00e9galement f\u00eat\u00e9s. Celui des 50\u00a0ans du <b>jumelage<\/b> avec la ville d\u2019Aschaffenburg (Allemagne) avec la pr\u00e9sence de six danseuses du Karnaval et des tailleurs de pierre.<\/p>\n<p class=\" wall-content\">Sans oublier, les 40\u00a0ans avec la ville d\u2019Ayr (\u00c9cosse) pour lequel une d\u00e9ambulation est organis\u00e9e avec des musiciens et joueurs de <b>cornemuse<\/b> du groupe The 92nd North Fox Pipe Band de 15\u2009h\u200930 \u00e0 16\u2009h\u200915 et de 17\u2009h\u200915 \u00e0 18\u2009h. \u00ab\u2009\u00c7a fait un peu de bruit et \u00e7a r\u00e9veille tout le monde, c\u2019est tr\u00e8s sympa\u2009\u00bb, s\u2019enthousiasme Marc Miloutinovitch.<\/p>\n<p>Vid\u00e9os : en ce moment sur ActuPour les enfants<\/p>\n<p class=\" wall-content\">La structure saint-germanoise <a href=\"https:\/\/actu.fr\/ile-de-france\/saint-germain-en-laye_78551\/saint-germain-en-laye-a-40-ans-la-clef-a-encore-des-projets-plein-la-tete_62571372.html\" rel=\"nofollow noopener\" target=\"_blank\">la Clef (Culture, Loisirs et Formation)<\/a> f\u00eatera aussi ses 40\u00a0ans avec une animation surprise. Elle laissera place \u00e0 une d\u00e9monstration de danses portugaises par l\u2019AS Borguihas do norte.<\/p>\n<p class=\" wall-content\">En fin de journ\u00e9e, \u00e0 17\u2009h, Jacques Gautier, maire honoraire de <a href=\"https:\/\/actu.fr\/ile-de-france\/garches_92033\" rel=\"nofollow noopener\" target=\"_blank\">Garches<\/a> (<a href=\"https:\/\/actu.fr\/ile-de-france\/hauts-de-seine_92\" rel=\"nofollow noopener\" target=\"_blank\">Hauts-de-Seine<\/a>), ancien s\u00e9nateur et vice-pr\u00e9sident de la commission des affaires \u00e9trang\u00e8res, de la d\u00e9fense et des forces arm\u00e9es, tiendra une conf\u00e9rence sur le th\u00e8me \u00ab\u2009L\u2019Europe et la D\u00e9fense\u2009\u00bb.<\/p>\n<p class=\" wall-content\">Cette sortie familiale permettra aussi aux plus petits de participer \u00e0 des ateliers cr\u00e9atifs comme celui consacr\u00e9 \u00e0 l\u2019animal embl\u00e9matique de l\u2019\u00c9cosse, la <b>licorne<\/b>, mais aussi de se faire maquiller ou tatouer de fa\u00e7on \u00e9ph\u00e9m\u00e8re.<\/p>\n<p class=\" wall-content\">Tout au long de la journ\u00e9e, des contes polonais, \u00e9cossais et allemands seront \u00e9galement lus ainsi que des histoires en anglais.<\/p>\n<p>Participer \u00e0 la f\u00eate<\/p>\n<p class=\" wall-content\">Parmi les 35\u00a0exposants, un stand sera tenu par l\u2019\u00e9picerie su\u00e9doise, Sm\u00e5tt &amp; Gott, \u00ab\u2009de bonnes petites choses\u2009\u00bb en fran\u00e7ais. \u00ab\u2009C\u2019est une bonne occasion de faire d\u00e9couvrir nos produits et en tant que commer\u00e7ant, c\u2019est important de participer \u00e0 ce genre d\u2019\u00e9v\u00e8nements pour <b>animer la ville<\/b>\u2009\u00bb, explique Robert Jarl, propri\u00e9taire et cuisinier du lieu et du restaurant Lila Krogen.<\/p>\n<p class=\" wall-content\">Avec Jo\u00eblle Philibert, employ\u00e9e dans l\u2019\u00e9picerie, pour leur 4e participation, ils vendront entre autres des bonbons su\u00e9dois, des boissons et des sandwichs aux boulettes, salades, betteraves et concombres marin\u00e9s.<\/p>\n<p>      <img   decoding=\"async\" loading=\"lazy\" class=\"size-large\" src=\"https:\/\/www.europesays.com\/fr\/wp-content\/uploads\/2025\/05\/7f9597c206186a3a597c20618a7a59v-960x640.jpg\" alt=\"\u00c9picerie su\u00e9doise march\u00e9 europ\u00e9en\" width=\"960\" height=\"640\"\/><br \/>\n    L\u2019\u00e9picerie su\u00e9doise Sm\u00e5tt &amp; Gott install\u00e9e Saint-Germain-en-Laye (Yvelines) aura un stand pour le march\u00e9 de l\u2019Europe. \u00a9Ronan BARDET<\/p>\n<p class=\" wall-content\">Suivez toute l\u2019actualit\u00e9 de vos villes et m\u00e9dias favoris en vous inscrivant \u00e0 <a href=\"https:\/\/moncompte.actu.fr\" title=\"D\u00e9couvez Mon Actu\" rel=\"nofollow noopener\" data-trk=\"{&quot;cta&quot;:{&quot;action&quot;:&quot;https:\\\/\\\/moncompte.actu.fr&quot;,&quot;category&quot;:&quot;mon compte&quot;,&quot;from&quot;:&quot;article footer&quot;,&quot;name&quot;:&quot;Mon actu&quot;,&quot;type&quot;:&quot;cta&quot;}}\" target=\"_blank\">Mon Actu<\/a>.<\/p>\n","protected":false},"excerpt":{"rendered":"Par Ronan Bardet Publi\u00e9 le 9 mai 2025 \u00e0 12h16 Dans un climat international tendu, cette manifestation devrait&hellip;\n","protected":false},"author":2,"featured_media":91048,"comment_status":"","ping_status":"","sticky":false,"template":"","format":"standard","meta":{"footnotes":""},"categories":[1586],"tags":[11,1777,674,1011,27,2089,12,25,104],"class_list":{"0":"post-91047","1":"post","2":"type-post","3":"status-publish","4":"format-standard","5":"has-post-thumbnail","7":"category-europe","8":"tag-actualites","9":"tag-eu","10":"tag-europe","11":"tag-fr","12":"tag-france","13":"tag-marche","14":"tag-news","15":"tag-republique-francaise","16":"tag-societe"},"share_on_mastodon":{"url":"https:\/\/pubeurope.com\/@fr\/114487516610563034","error":""},"_links":{"self":[{"href":"https:\/\/www.europesays.com\/fr\/wp-json\/wp\/v2\/posts\/91047","targetHints":{"allow":["GET"]}}],"collection":[{"href":"https:\/\/www.europesays.com\/fr\/wp-json\/wp\/v2\/posts"}],"about":[{"href":"https:\/\/www.europesays.com\/fr\/wp-json\/wp\/v2\/types\/post"}],"author":[{"embeddable":true,"href":"https:\/\/www.europesays.com\/fr\/wp-json\/wp\/v2\/users\/2"}],"replies":[{"embeddable":true,"href":"https:\/\/www.europesays.com\/fr\/wp-json\/wp\/v2\/comments?post=91047"}],"version-history":[{"count":0,"href":"https:\/\/www.europesays.com\/fr\/wp-json\/wp\/v2\/posts\/91047\/revisions"}],"wp:featuredmedia":[{"embeddable":true,"href":"https:\/\/www.europesays.com\/fr\/wp-json\/wp\/v2\/media\/91048"}],"wp:attachment":[{"href":"https:\/\/www.europesays.com\/fr\/wp-json\/wp\/v2\/media?parent=91047"}],"wp:term":[{"taxonomy":"category","embeddable":true,"href":"https:\/\/www.europesays.com\/fr\/wp-json\/wp\/v2\/categories?post=91047"},{"taxonomy":"post_tag","embeddable":true,"href":"https:\/\/www.europesays.com\/fr\/wp-json\/wp\/v2\/tags?post=91047"}],"curies":[{"name":"wp","href":"https:\/\/api.w.org\/{rel}","templated":true}]}}