{"id":911071,"date":"2026-05-04T17:54:02","date_gmt":"2026-05-04T17:54:02","guid":{"rendered":"https:\/\/www.europesays.com\/fr\/911071\/"},"modified":"2026-05-04T17:54:02","modified_gmt":"2026-05-04T17:54:02","slug":"les-portraits-de-jacques-paris-et-cecile-kohler-ex-otages-en-iran-ont-ete-decroches-de-lhotel-de-ville-de-nantes","status":"publish","type":"post","link":"https:\/\/www.europesays.com\/fr\/911071\/","title":{"rendered":"Les portraits de Jacques Paris et C\u00e9cile Kohler, ex-otages en Iran, ont \u00e9t\u00e9 d\u00e9croch\u00e9s de l\u2019H\u00f4tel de ville de Nantes"},"content":{"rendered":"<p>Ils avaient \u00e9t\u00e9 install\u00e9s le 7\u00a0mai 2025, en signe de soutien mais aussi d\u2019appel \u00e0 la lib\u00e9ration. Lundi apr\u00e8s-midi, la ville de <a href=\"https:\/\/www.20minutes.fr\/faits_divers\/faits-divers-nantes\/4221712-20260504-loire-atlantique-collegien-mis-examen-voulait-prendre-professeur-couteau\" class=\"c-link c-link--is-underlined\" rel=\"nofollow noopener\" target=\"_blank\">Nantes<\/a> a d\u00e9croch\u00e9 symboliquement les portraits de Jacques Paris et C\u00e9cile Kohler qui figuraient sur les grilles de l\u2019H\u00f4tel de ville. Les portraits des deux <a href=\"https:\/\/www.20minutes.fr\/societe\/4217322-20260408-apres-liberation-cecile-kohler-jacques-paris-autres-otages-francais-monde\" class=\"c-link c-link--is-underlined\" rel=\"nofollow noopener\" target=\"_blank\">ex-otages fran\u00e7ais<\/a>, accus\u00e9s d\u2019espionnage en <a href=\"https:\/\/www.20minutes.fr\/monde\/4221714-20260504-guerre-moyen-orient-trump-annonce-deblocage-detroit-ormuz-lundi-iran-menace\" class=\"c-link c-link--is-underlined\" rel=\"nofollow noopener\" target=\"_blank\">Iran<\/a>, \u00ab\u00a0peuvent d\u00e9sormais \u00eatre retir\u00e9s apr\u00e8s leur lib\u00e9ration par les autorit\u00e9s iraniennes\u00a0\u00bb, a appuy\u00e9 la mairie.<\/p>\n<p>Apr\u00e8s plus de trois ans de d\u00e9tention dans la prison d\u2019Evin et une assignation \u00e0 r\u00e9sidence de cinq mois \u00e0 l\u2019ambassade de France \u00e0 T\u00e9h\u00e9ran, les deux Nantais ont regagn\u00e9 le sol fran\u00e7ais le 8\u00a0avril, avant de raconter <a href=\"https:\/\/www.20minutes.fr\/monde\/4217312-20260408-ex-otages-iran-cecile-kohler-jacques-paris-evoquent-conditions-inhumaines-detention\" class=\"c-link c-link--is-underlined\" rel=\"nofollow noopener\" target=\"_blank\">\u00ab\u00a0l\u2019horreur\u00a0\u00bb v\u00e9cue en d\u00e9tention<\/a>.<\/p>\n<p>Entour\u00e9s de leurs proches et de leurs anciens coll\u00e8gues, les ex-otages de 41 et 72 ans ont assist\u00e9 \u00e0 ce moment.<\/p>\n","protected":false},"excerpt":{"rendered":"Ils avaient \u00e9t\u00e9 install\u00e9s le 7\u00a0mai 2025, en signe de soutien mais aussi d\u2019appel \u00e0 la lib\u00e9ration. Lundi&hellip;\n","protected":false},"author":2,"featured_media":911072,"comment_status":"","ping_status":"","sticky":false,"template":"","format":"standard","meta":{"footnotes":"","_share_on_mastodon":"0"},"categories":[2818],"tags":[1111,11,1777,674,1011,27,3019,3047,766,12,9367,2636,1306,25],"class_list":["post-911071","post","type-post","status-publish","format-standard","has-post-thumbnail","category-nantes","tag-actu","tag-actualites","tag-eu","tag-europe","tag-fr","tag-france","tag-iran","tag-loire-atlantique","tag-nantes","tag-news","tag-otage","tag-pays-de-la-loire","tag-regions","tag-republique-francaise"],"share_on_mastodon":{"url":"https:\/\/pubeurope.com\/@fr\/116517592579644458","error":""},"_links":{"self":[{"href":"https:\/\/www.europesays.com\/fr\/wp-json\/wp\/v2\/posts\/911071","targetHints":{"allow":["GET"]}}],"collection":[{"href":"https:\/\/www.europesays.com\/fr\/wp-json\/wp\/v2\/posts"}],"about":[{"href":"https:\/\/www.europesays.com\/fr\/wp-json\/wp\/v2\/types\/post"}],"author":[{"embeddable":true,"href":"https:\/\/www.europesays.com\/fr\/wp-json\/wp\/v2\/users\/2"}],"replies":[{"embeddable":true,"href":"https:\/\/www.europesays.com\/fr\/wp-json\/wp\/v2\/comments?post=911071"}],"version-history":[{"count":0,"href":"https:\/\/www.europesays.com\/fr\/wp-json\/wp\/v2\/posts\/911071\/revisions"}],"wp:featuredmedia":[{"embeddable":true,"href":"https:\/\/www.europesays.com\/fr\/wp-json\/wp\/v2\/media\/911072"}],"wp:attachment":[{"href":"https:\/\/www.europesays.com\/fr\/wp-json\/wp\/v2\/media?parent=911071"}],"wp:term":[{"taxonomy":"category","embeddable":true,"href":"https:\/\/www.europesays.com\/fr\/wp-json\/wp\/v2\/categories?post=911071"},{"taxonomy":"post_tag","embeddable":true,"href":"https:\/\/www.europesays.com\/fr\/wp-json\/wp\/v2\/tags?post=911071"}],"curies":[{"name":"wp","href":"https:\/\/api.w.org\/{rel}","templated":true}]}}