{"id":91114,"date":"2025-05-11T06:02:10","date_gmt":"2025-05-11T06:02:10","guid":{"rendered":"https:\/\/www.europesays.com\/fr\/91114\/"},"modified":"2025-05-11T06:02:10","modified_gmt":"2025-05-11T06:02:10","slug":"cette-marque-intemporelle-organise-une-grande-braderie-a-lhotel-balthazar","status":"publish","type":"post","link":"https:\/\/www.europesays.com\/fr\/91114\/","title":{"rendered":"cette marque intemporelle organise une grande braderie \u00e0 l\u2019h\u00f4tel Balthazar"},"content":{"rendered":"<p>            Par<br \/>\n        <strong><br \/>\n            <a href=\"https:\/\/actu.fr\/auteur\/lou-batteux\" title=\"Consulter tous les articles de Lou Batteux\" rel=\"nofollow noopener\" target=\"_blank\">Lou Batteux<\/a><br \/>\n        <\/strong><\/p>\n<p>        Publi\u00e9 le<\/p>\n<p>            11 mai 2025 \u00e0 7h06        <\/p>\n<p>Connue pour sa ligne de v\u00eatements de travail intemporels, la marque <strong>Le Mont Saint Michel<\/strong> organise une braderie exceptionnelle\u00a0\u00e0 <a href=\"https:\/\/actu.fr\/rennes\/\" rel=\"nofollow noopener\" target=\"_blank\">Rennes<\/a>. \u00c0 cette occasion, l\u2019<strong>h\u00f4tel Balthazar<\/strong> vous ouvre ses portes.<\/p>\n<p>Comment y participer<\/p>\n<p class=\" wall-content\">L\u2019\u00e9v\u00e8nement se tiendra du <strong>vendredi 16 mai<\/strong>, de 9 h \u00e0 19 h, au <strong>samedi 17 mai <\/strong><strong>2025<\/strong>, de 9 h \u00e0 18 h, au sein de l\u2019<strong>h\u00f4tel Balthazar<\/strong> (19, rue Mar\u00e9chal Joffre), \u00e0 <strong>Rennes<\/strong>.<\/p>\n<p class=\" wall-content\">Cette braderie <strong>gratuite<\/strong>\u00a0et\u00a0ouverte \u00e0 tous est l\u2019occasion de profiter de <strong>r\u00e9ductions<\/strong> int\u00e9ressantes, allant<strong> jusqu\u2019\u00e0 -70 %<\/strong>, sur de<strong> nombreux v\u00eatements<\/strong> de la marque.<\/p>\n<p class=\" wall-content\">Vous y trouverez par exemple des <strong>pulls \u00e0 35 euros<\/strong>, des <strong>pantalons \u00e0 30 euros<\/strong> ou encore des <strong>vestes \u00e0 60 euros<\/strong>.<\/p>\n<p>Retrouvez la marque <strong>Le Mont Saint Michel<\/strong> sur leur <a href=\"https:\/\/lemontsaintmichel.fr\/\" rel=\"nofollow noopener\" target=\"_blank\">site<\/a> ou sur <a href=\"https:\/\/www.instagram.com\/lemontstmichel\/\" rel=\"nofollow noopener\" target=\"_blank\">Instagram<\/a>.Vid\u00e9os : en ce moment sur Actu<\/p>\n<p class=\" wall-content\">Suivez toute l\u2019actualit\u00e9 de vos villes et m\u00e9dias favoris en vous inscrivant \u00e0 <a href=\"https:\/\/moncompte.actu.fr\" title=\"D\u00e9couvez Mon Actu\" rel=\"nofollow noopener\" data-trk=\"{&quot;cta&quot;:{&quot;action&quot;:&quot;https:\\\/\\\/moncompte.actu.fr&quot;,&quot;category&quot;:&quot;mon compte&quot;,&quot;from&quot;:&quot;article footer&quot;,&quot;name&quot;:&quot;Mon actu&quot;,&quot;type&quot;:&quot;cta&quot;}}\" target=\"_blank\">Mon Actu<\/a>.<\/p>\n<p>                    <script async src=\"\/\/www.instagram.com\/embed.js\"><\/script><\/p>\n","protected":false},"excerpt":{"rendered":"Par Lou Batteux Publi\u00e9 le 11 mai 2025 \u00e0 7h06 Connue pour sa ligne de v\u00eatements de travail&hellip;\n","protected":false},"author":2,"featured_media":91115,"comment_status":"","ping_status":"","sticky":false,"template":"","format":"standard","meta":{"footnotes":""},"categories":[2821],"tags":[1111,11,829,215,1777,674,1011,27,1305,12,584,25],"class_list":{"0":"post-91114","1":"post","2":"type-post","3":"status-publish","4":"format-standard","5":"has-post-thumbnail","7":"category-rennes","8":"tag-actu","9":"tag-actualites","10":"tag-bretagne","11":"tag-commerce","12":"tag-eu","13":"tag-europe","14":"tag-fr","15":"tag-france","16":"tag-lifestyle","17":"tag-news","18":"tag-rennes","19":"tag-republique-francaise"},"share_on_mastodon":{"url":"https:\/\/pubeurope.com\/@fr\/114487685551863353","error":""},"_links":{"self":[{"href":"https:\/\/www.europesays.com\/fr\/wp-json\/wp\/v2\/posts\/91114","targetHints":{"allow":["GET"]}}],"collection":[{"href":"https:\/\/www.europesays.com\/fr\/wp-json\/wp\/v2\/posts"}],"about":[{"href":"https:\/\/www.europesays.com\/fr\/wp-json\/wp\/v2\/types\/post"}],"author":[{"embeddable":true,"href":"https:\/\/www.europesays.com\/fr\/wp-json\/wp\/v2\/users\/2"}],"replies":[{"embeddable":true,"href":"https:\/\/www.europesays.com\/fr\/wp-json\/wp\/v2\/comments?post=91114"}],"version-history":[{"count":0,"href":"https:\/\/www.europesays.com\/fr\/wp-json\/wp\/v2\/posts\/91114\/revisions"}],"wp:featuredmedia":[{"embeddable":true,"href":"https:\/\/www.europesays.com\/fr\/wp-json\/wp\/v2\/media\/91115"}],"wp:attachment":[{"href":"https:\/\/www.europesays.com\/fr\/wp-json\/wp\/v2\/media?parent=91114"}],"wp:term":[{"taxonomy":"category","embeddable":true,"href":"https:\/\/www.europesays.com\/fr\/wp-json\/wp\/v2\/categories?post=91114"},{"taxonomy":"post_tag","embeddable":true,"href":"https:\/\/www.europesays.com\/fr\/wp-json\/wp\/v2\/tags?post=91114"}],"curies":[{"name":"wp","href":"https:\/\/api.w.org\/{rel}","templated":true}]}}