{"id":91153,"date":"2025-05-11T06:24:07","date_gmt":"2025-05-11T06:24:07","guid":{"rendered":"https:\/\/www.europesays.com\/fr\/91153\/"},"modified":"2025-05-11T06:24:07","modified_gmt":"2025-05-11T06:24:07","slug":"possible-mise-en-examen-du-chauffeur-vtc-un-juge-dinstruction-arrive","status":"publish","type":"post","link":"https:\/\/www.europesays.com\/fr\/91153\/","title":{"rendered":"possible mise en examen du chauffeur VTC, un juge d&rsquo;instruction arrive"},"content":{"rendered":"<p>            Par<br \/>\n        <strong><br \/>\n            <a href=\"https:\/\/actu.fr\/auteur\/thomas-martin\" title=\"Consulter tous les articles de Thomas Martin\" rel=\"nofollow noopener\" target=\"_blank\">Thomas Martin<\/a><br \/>\n        <\/strong><\/p>\n<p>        Publi\u00e9 le<\/p>\n<p>            11 mai 2025 \u00e0 7h54        <\/p>\n<p>Un juge d\u2019instruction va reprendre les investigations sur les blessures dans la soir\u00e9e du mercredi 7 mai 2025 de trois supporters du <a href=\"https:\/\/actu.fr\/tag\/paris-saint-germain-psg\" rel=\"nofollow noopener\" target=\"_blank\">PSG<\/a> renvers\u00e9s par un <a href=\"https:\/\/actu.fr\/ile-de-france\/paris_75056\/supporters-du-psg-blesses-par-une-voiture-a-paris-vise-par-des-menaces-le-chauffeur-vtc-va-porter-plainte_62615330.html\" rel=\"nofollow noopener\" target=\"_blank\">chauffeur de VTC<\/a> lors de la <a href=\"https:\/\/actu.fr\/ile-de-france\/paris_75056\/incomprehensible-apres-la-liesse-de-la-victoire-du-psg-face-a-arsenal-le-chaos-a-paris-des-blesses-graves_62610675.html\" rel=\"nofollow noopener\" target=\"_blank\">c\u00e9l\u00e9bration de la victoire<\/a> du club en <a href=\"https:\/\/actu.fr\/tag\/ligue-des-champions\" rel=\"nofollow noopener\" target=\"_blank\">Ligue des champions<\/a>, a indiqu\u00e9 samedi le parquet de Paris \u00e0 l\u2019AFP. D\u2019apr\u00e8s cette source, la garde \u00e0 vue du chauffeur a \u00e9t\u00e9 lev\u00e9e samedi apr\u00e8s-midi et une information judiciaire sera ouverte, avec une possible mise en examen \u00e0 la cl\u00e9.<\/p>\n<p>Selon son avocat, le chauffeur aurait \u00ab\u00a0paniqu\u00e9\u00a0\u00bb<\/p>\n<p class=\" wall-content\">Mercredi soir, le chauffeur de VTC s\u2019est retrouv\u00e9 au milieu d\u2019une foule de supporters qui s\u2019en serait pris \u00e0 son v\u00e9hicule avenue Marceau, et il aurait donc \u00ab\u00a0paniqu\u00e9\u00a0\u00bb et appuy\u00e9 sur l\u2019acc\u00e9l\u00e9rateur, selon son avocat Me Hedi Dakhlaoui, sollicit\u00e9 par l\u2019AFP.<\/p>\n<p class=\" wall-content\">Trois supporters ont \u00e9t\u00e9 bless\u00e9s, dont un mineur gri\u00e8vement, transport\u00e9 \u00e0 l\u2019h\u00f4pital avec un pronostic vital engag\u00e9.\u00a0 Il \u00e9tait toujours hospitalis\u00e9 jeudi soir selon le parquet de Paris.\u00a0<br \/>Au moins un des trois supporters a port\u00e9 plainte, a appris l\u2019AFP de source polici\u00e8re.<\/p>\n<p class=\" wall-content\">Le chauffeur de VTC s\u2019est pr\u00e9sent\u00e9 jeudi aux autorit\u00e9s et a \u00e9t\u00e9 plac\u00e9 en garde \u00e0 vue, dans une enqu\u00eate confi\u00e9e \u00e0 la S\u00fbret\u00e9 territoriale par le parquet de Paris. L\u2019enqu\u00eate est ouverte pour violences avec arme ayant entra\u00een\u00e9, selon les cas, une incapacit\u00e9 totale de travail sup\u00e9rieure \u00e0 huit jours, inf\u00e9rieure \u00e0 huit jours, d\u00e9lit de fuite et non-assistance \u00e0 personne en danger.<\/p>\n<p>Des \u00ab\u00a0responsabilit\u00e9s multiples et prot\u00e9iformes\u00a0\u00bb<\/p>\n<p class=\" wall-content\">Pour Me Dakhlaoui, la saisine d\u2019un juge d\u2019instruction va permettre de \u00ab\u00a0d\u00e9terminer les responsabilit\u00e9s\u00a0\u00bb qui sont \u00ab\u00a0multiples et prot\u00e9iformes\u00a0\u00bb.<\/p>\n<p>Vid\u00e9os : en ce moment sur Actu<\/p>\n<p class=\" wall-content\">Son client est \u00ab\u00a0responsable des faits mais pas du contexte dans lequel il s\u2019est retrouv\u00e9 : comment sa voiture a pu se retrouver l\u00e0, entour\u00e9e d\u2019une centaine de personnes ?\u00a0\u00bb s\u2019est interrog\u00e9 l\u2019avocat.<\/p>\n<p class=\" wall-content\">En vue des festivit\u00e9s du 8 mai, un arr\u00eat\u00e9 avait \u00e9t\u00e9 pris par la Pr\u00e9fecture de police r\u00e9glementant la circulation dans le secteur des <a href=\"https:\/\/actu.fr\/tag\/champs-elysees\" rel=\"nofollow noopener\" target=\"_blank\">Champs-Elys\u00e9es<\/a>.<\/p>\n<p class=\" wall-content\"><strong>Avec AFP<\/strong><\/p>\n<p class=\" wall-content\">Suivez toute l\u2019actualit\u00e9 de vos villes et m\u00e9dias favoris en vous inscrivant \u00e0 <a href=\"https:\/\/moncompte.actu.fr\" title=\"D\u00e9couvez Mon Actu\" rel=\"nofollow noopener\" data-trk=\"{&quot;cta&quot;:{&quot;action&quot;:&quot;https:\\\/\\\/moncompte.actu.fr&quot;,&quot;category&quot;:&quot;mon compte&quot;,&quot;from&quot;:&quot;article footer&quot;,&quot;name&quot;:&quot;Mon actu&quot;,&quot;type&quot;:&quot;cta&quot;}}\" target=\"_blank\">Mon Actu<\/a>.<\/p>\n","protected":false},"excerpt":{"rendered":"Par Thomas Martin Publi\u00e9 le 11 mai 2025 \u00e0 7h54 Un juge d\u2019instruction va reprendre les investigations sur&hellip;\n","protected":false},"author":2,"featured_media":91154,"comment_status":"","ping_status":"","sticky":false,"template":"","format":"standard","meta":{"footnotes":""},"categories":[1888],"tags":[11,6984,1777,674,118,1011,27,447,12,626,2332,25],"class_list":{"0":"post-91153","1":"post","2":"type-post","3":"status-publish","4":"format-standard","5":"has-post-thumbnail","7":"category-paris","8":"tag-actualites","9":"tag-champs-elysees","10":"tag-eu","11":"tag-europe","12":"tag-faits-divers","13":"tag-fr","14":"tag-france","15":"tag-ligue-des-champions","16":"tag-news","17":"tag-paris","18":"tag-paris-saint-germain-psg","19":"tag-republique-francaise"},"share_on_mastodon":{"url":"https:\/\/pubeurope.com\/@fr\/114487772055879636","error":""},"_links":{"self":[{"href":"https:\/\/www.europesays.com\/fr\/wp-json\/wp\/v2\/posts\/91153","targetHints":{"allow":["GET"]}}],"collection":[{"href":"https:\/\/www.europesays.com\/fr\/wp-json\/wp\/v2\/posts"}],"about":[{"href":"https:\/\/www.europesays.com\/fr\/wp-json\/wp\/v2\/types\/post"}],"author":[{"embeddable":true,"href":"https:\/\/www.europesays.com\/fr\/wp-json\/wp\/v2\/users\/2"}],"replies":[{"embeddable":true,"href":"https:\/\/www.europesays.com\/fr\/wp-json\/wp\/v2\/comments?post=91153"}],"version-history":[{"count":0,"href":"https:\/\/www.europesays.com\/fr\/wp-json\/wp\/v2\/posts\/91153\/revisions"}],"wp:featuredmedia":[{"embeddable":true,"href":"https:\/\/www.europesays.com\/fr\/wp-json\/wp\/v2\/media\/91154"}],"wp:attachment":[{"href":"https:\/\/www.europesays.com\/fr\/wp-json\/wp\/v2\/media?parent=91153"}],"wp:term":[{"taxonomy":"category","embeddable":true,"href":"https:\/\/www.europesays.com\/fr\/wp-json\/wp\/v2\/categories?post=91153"},{"taxonomy":"post_tag","embeddable":true,"href":"https:\/\/www.europesays.com\/fr\/wp-json\/wp\/v2\/tags?post=91153"}],"curies":[{"name":"wp","href":"https:\/\/api.w.org\/{rel}","templated":true}]}}