{"id":91161,"date":"2025-05-11T06:28:08","date_gmt":"2025-05-11T06:28:08","guid":{"rendered":"https:\/\/www.europesays.com\/fr\/91161\/"},"modified":"2025-05-11T06:28:08","modified_gmt":"2025-05-11T06:28:08","slug":"le-jeune-meurtrier-de-trois-fillettes-de-southport-accuse-dune-agression-en-prison","status":"publish","type":"post","link":"https:\/\/www.europesays.com\/fr\/91161\/","title":{"rendered":"le jeune meurtrier de trois fillettes de Southport accus\u00e9 d&rsquo;une agression en prison"},"content":{"rendered":"<p>Axel Rudakubana, 18 ans, avait \u00e9t\u00e9 condamn\u00e9 \u00e0 une peine de 52 ans d\u2019emprisonnement pour avoir tu\u00e9 trois enfants. Ce triple meurtre avait d\u00e9clench\u00e9 une vague d\u2019\u00e9meutes dans des dizaines de villes d\u2019Angleterre et d\u2019Irlande du Nord.<\/p>\n<p class=\"fig-paragraph\">Le jeune Britannique condamn\u00e9 pour le\u00a0<a href=\"http:\/\/www.lefigaro.fr\/vox\/monde\/les-emeutes-de-southport-montrent-combien-nos-societes-sont-fracturees-par-l-immigration-de-masse-20240806\" target=\"_blank\" data-fig-type=\"Article\" rel=\"noopener\" data-gtm-custom-categorie=\"navigation\" data-gtm-custom-action=\"crossclick\" data-gtm-custom-label=\"Contextuel\" data-gtm-event=\"customEventSPE\" data-fig-domain=\"LEFIGARO\">triple meurtre \u00e0 l&rsquo;arme blanche de trois fillettes<\/a>, qui avait d\u00e9clench\u00e9 des \u00e9meutes anti-immigration, s&rsquo;en serait violemment pris \u00e0 un agent en prison, ont indiqu\u00e9 vendredi l&rsquo;administration p\u00e9nitentiaire et la presse britanniques.<\/p>\n<p class=\"fig-paragraph\"><a href=\"http:\/\/www.lefigaro.fr\/faits-divers\/ce-que-l-on-sait-de-l-assaillant-de-l-attaque-au-couteau-a-southport-en-angleterre-20240730\" target=\"_blank\" data-fig-type=\"Article\" rel=\"noopener\" data-gtm-custom-categorie=\"navigation\" data-gtm-custom-action=\"crossclick\" data-gtm-custom-label=\"Contextuel\" data-gtm-event=\"customEventSPE\" data-fig-domain=\"LEFIGARO\">Axel Rudakubana, 18 ans<\/a>, a \u00e9t\u00e9 condamn\u00e9 fin janvier \u00e0 une peine de 52 ans d&#8217;emprisonnement pour avoir tu\u00e9 trois enfants, \u00e2g\u00e9es de 6, 7 et 9 ans, qui participaient \u00e0 un cours de danse autour des chansons de Taylor Swift \u00e0 Southport, dans le nord-ouest de l&rsquo;Angleterre.<\/p>\n<p>\u00abViolence en prison intol\u00e9rable\u00bb<\/p>\n<p class=\"fig-paragraph\">Dix autres personnes, dont huit enfants, avaient \u00e9t\u00e9 bless\u00e9es dans l&rsquo;une des pires attaques \u00e0 l&rsquo;arme blanche au Royaume-Uni, un fl\u00e9au au sein de la jeunesse de ce pays europ\u00e9en. Jeudi en prison,\u00a0<a href=\"http:\/\/www.lefigaro.fr\/international\/attaque-au-couteau-a-southport-violents-affrontements-entre-policiers-et-manifestants-20240731\" target=\"_blank\" data-fig-type=\"NewsFlash\" rel=\"noopener\" data-gtm-custom-categorie=\"navigation\" data-gtm-custom-action=\"crossclick\" data-gtm-custom-label=\"Contextuel\" data-gtm-event=\"customEventSPE\" data-fig-domain=\"LEFIGARO\">M. Rudakubana<\/a>\u00a0aurait jet\u00e9 de l&rsquo;eau bouillante sur un agent p\u00e9nitentiaire de la maison d&rsquo;arr\u00eat de haute s\u00e9curit\u00e9 de Belmarsh \u00e0 Londres, selon des m\u00e9dias britanniques. \u00abLa police conduit son enqu\u00eate sur une attaque \u00e0 la prison de Belmarsh hier\u00bb, a indiqu\u00e9 vendredi un porte-parole de l&rsquo;administration p\u00e9nitentiaire \u00e0 l&rsquo;agence de presse nationale Press Association.<\/p>\n<p class=\"fig-paragraph\">Il a d\u00e9nonc\u00e9 une \u00abviolence en prison intol\u00e9rable\u00bb et r\u00e9clam\u00e9 \u00abla punition la plus s\u00e9v\u00e8re pour les agressions contre notre personnel qui travaille dans des conditions difficiles\u00bb. L&rsquo;agent a \u00e9t\u00e9 bri\u00e8vement hospitalis\u00e9 pour des blessures l\u00e9g\u00e8res. M. Rudakubana, 17 ans \u00e0 l&rsquo;\u00e9poque, avait tu\u00e9 le 29 juillet dernier Bebe King, \u00e2g\u00e9e de six ans, Elsie Dot Stancombe, sept ans et Alice da Silva Aguiar, neuf ans, dans la station baln\u00e9aire de Southport, pr\u00e8s de Liverpool.<\/p>\n<p class=\"fig-body-link\">\n            \u00c0 lire aussi<br \/>\n        <a class=\"fig-body-link__link fig-premium-mark\" href=\"http:\/\/www.lefigaro.fr\/international\/tuerie-de-southport-derriere-les-emeutes-l-ombre-d-une-ligue-nationaliste-qui-fait-planer-un-parfum-de-guerre-civile-20240802\" target=\"_blank\" data-fig-type=\"NewsFlash\" rel=\"noopener\" data-gtm-custom-categorie=\"navigation\" data-gtm-custom-action=\"crossclick\" data-gtm-custom-label=\"Contextuel\" data-gtm-event=\"customEventSPE\" data-fig-domain=\"LEFIGARO\">\u00c9meutes au Royaume-Uni\u00a0: derri\u00e8re les violences, l&rsquo;ombre d&rsquo;une \u00abligue\u00bb nationaliste qui fait planer un parfum de guerre civile<br \/>\n    <\/a>\n<\/p>\n<p class=\"fig-paragraph\">Ce triple meurtre avait d\u00e9clench\u00e9 une vague d&rsquo;\u00e9meutes anti-immigration et nationalistes dans des dizaines de villes d&rsquo;Angleterre et d&rsquo;Irlande du Nord, apr\u00e8s la diffusion en ligne de rumeurs par des comptes d&rsquo;extr\u00eame droite sur l&rsquo;identit\u00e9 du meurtrier soup\u00e7onn\u00e9 d&rsquo;abord d&rsquo;\u00eatre un demandeur d&rsquo;asile musulman. Apr\u00e8s son arrestation, la police avait trouv\u00e9 chez lui une machette, des fl\u00e8ches, un manuel d&rsquo;Al-Qa\u00efda, de la ricine (un poison mortel) et de nombreuses images de torture, d\u00e9capitation ou viol.<\/p>\n<p class=\"fig-paragraph\">Fascin\u00e9 par la violence, ce jeune, dont la famille est originaire du Rwanda, n&rsquo;a donn\u00e9 aucune explication. Une enqu\u00eate publique sur d&rsquo;\u00e9ventuels rat\u00e9s des services publics britanniques a \u00e9t\u00e9 ouverte d\u00e9but avril par le gouvernement travailliste.<\/p>\n","protected":false},"excerpt":{"rendered":"Axel Rudakubana, 18 ans, avait \u00e9t\u00e9 condamn\u00e9 \u00e0 une peine de 52 ans d\u2019emprisonnement pour avoir tu\u00e9 trois&hellip;\n","protected":false},"author":2,"featured_media":91162,"comment_status":"","ping_status":"","sticky":false,"template":"","format":"standard","meta":{"footnotes":""},"categories":[1588],"tags":[259,11,260,10643,1777,674,14,261,12,262,473,1853,1851,1850,1852],"class_list":{"0":"post-91161","1":"post","2":"type-post","3":"status-publish","4":"format-standard","5":"has-post-thumbnail","7":"category-royaume-uni","8":"tag-actualite-internationale","9":"tag-actualites","10":"tag-affaires-etrangeres","11":"tag-emeutes","12":"tag-eu","13":"tag-europe","14":"tag-international","15":"tag-ministere-des-affaires-etrangeres","16":"tag-news","17":"tag-politique-etrangere","18":"tag-royaume-uni","19":"tag-royaume-uni-de-grande-bretagne-et-dirlande-du-nord","20":"tag-uk","21":"tag-united-kingdom","22":"tag-united-kingdom-of-great-britain-and-northern-ireland"},"share_on_mastodon":{"url":"https:\/\/pubeurope.com\/@fr\/114487787748511570","error":""},"_links":{"self":[{"href":"https:\/\/www.europesays.com\/fr\/wp-json\/wp\/v2\/posts\/91161","targetHints":{"allow":["GET"]}}],"collection":[{"href":"https:\/\/www.europesays.com\/fr\/wp-json\/wp\/v2\/posts"}],"about":[{"href":"https:\/\/www.europesays.com\/fr\/wp-json\/wp\/v2\/types\/post"}],"author":[{"embeddable":true,"href":"https:\/\/www.europesays.com\/fr\/wp-json\/wp\/v2\/users\/2"}],"replies":[{"embeddable":true,"href":"https:\/\/www.europesays.com\/fr\/wp-json\/wp\/v2\/comments?post=91161"}],"version-history":[{"count":0,"href":"https:\/\/www.europesays.com\/fr\/wp-json\/wp\/v2\/posts\/91161\/revisions"}],"wp:featuredmedia":[{"embeddable":true,"href":"https:\/\/www.europesays.com\/fr\/wp-json\/wp\/v2\/media\/91162"}],"wp:attachment":[{"href":"https:\/\/www.europesays.com\/fr\/wp-json\/wp\/v2\/media?parent=91161"}],"wp:term":[{"taxonomy":"category","embeddable":true,"href":"https:\/\/www.europesays.com\/fr\/wp-json\/wp\/v2\/categories?post=91161"},{"taxonomy":"post_tag","embeddable":true,"href":"https:\/\/www.europesays.com\/fr\/wp-json\/wp\/v2\/tags?post=91161"}],"curies":[{"name":"wp","href":"https:\/\/api.w.org\/{rel}","templated":true}]}}