{"id":91195,"date":"2025-05-11T06:47:11","date_gmt":"2025-05-11T06:47:11","guid":{"rendered":"https:\/\/www.europesays.com\/fr\/91195\/"},"modified":"2025-05-11T06:47:11","modified_gmt":"2025-05-11T06:47:11","slug":"thierry-ardisson-sen-prend-de-nouveau-a-cyril-hanouna-dans-quelle-epoque-maintenant-que-tu-fais-plus-la-promo-de-le-pen","status":"publish","type":"post","link":"https:\/\/www.europesays.com\/fr\/91195\/","title":{"rendered":"Thierry Ardisson s\u2019en prend de nouveau \u00e0 Cyril Hanouna dans \u00ab\u00a0Quelle \u00e9poque\u00a0\u00bb : \u00ab\u00a0Maintenant que tu fais plus la promo de Le Pen ?\u00a0\u00bb"},"content":{"rendered":"<p><strong>Ils ne se r\u00e9concilieront pas de sit\u00f4t<\/strong>&#8230; Depuis plusieurs ann\u00e9es, Thierry Ardisson et Cyril Hanouna se livrent une guerre sans merci, cristallis\u00e9e par un suppos\u00e9 chantage qui aurait \u00e9t\u00e9 fait au premier par la direction de Canal, qui lui aurait impos\u00e9 de <a href=\"https:\/\/www.public.fr\/cyril-hanouna-et-daphne-burki-refus-categorique-de-collaboration-et-grosses-tensions\" target=\"_blank\" rel=\"noopener\">produire une \u00e9mission avec Daphn\u00e9 B\u00fcrki<\/a>, aux c\u00f4t\u00e9s du second. Une obligation que l&rsquo;homme en noir aurait refus\u00e9e, <a href=\"https:\/\/vsd.fr\/70546-gosse-de-12-ans-aucune-culture-quand-thierry-ardisson-dezingue-cyril-hanouna\/\" target=\"_blank\" rel=\"noopener\">en claquant la porte de C8<\/a>. Des<strong> all\u00e9gations qu&rsquo;il r\u00e9v\u00e8le dans son nouveau livre L&rsquo;homme en noir<\/strong>, et pour lequel il est venu assurer la promo sur le plateau de Quelle \u00e9poque ce samedi 10 mai 2025.<\/p>\n<p>Comme tous les samedis, les invit\u00e9s de L\u00e9a Salam\u00e9 se retrouvent <strong>face au traditionnel photocall<\/strong>. Des c\u00e9l\u00e9brit\u00e9s s&rsquo;affichent devant eux, et ils doivent leur poser une seule question. Sans surprise aucune, Thierry Ardisson s&rsquo;est retrouv\u00e9 confront\u00e9 face \u00e0 <strong>une photographie de son adversaire<\/strong>. Et la question qui lui a pos\u00e9 fait directement r\u00e9f\u00e9rence \u00e0 <a href=\"https:\/\/www.public.fr\/fin-de-tpmp-et-c8-booder-lami-de-cyril-hanouna-pas-du-tout-en-phase-lui-exprime-ses-regrets\" target=\"_blank\" rel=\"noopener\">ses nouveaux projets avec le groupe M6<\/a>.<\/p>\n<p>Ardisson et Hanouna, la r\u00e9conciliation impossible ?<\/p>\n<p><strong>\u00ab\u00a0Maintenant que tu fais plus la promotion de Marine Le Pen, tu vas faire quoi \u00e0 la t\u00e9l\u00e9vision ?\u00a0\u00bb<\/strong> a tanc\u00e9 Thierry Ardisson. L&rsquo;ex-animateur et producteur du groupe Canal fait une r\u00e9f\u00e9rence \u00e0 la ligne \u00e9ditoriale tr\u00e8s \u00e0 droite qu&rsquo;a prise Touche pas \u00e0 mon poste lors de ses derni\u00e8res ann\u00e9es de vie, et qui a conduit, entre autres, <a href=\"https:\/\/www.public.fr\/coup-de-theatre-pour-c8-et-cyril-hanouna-la-sanction-de-larcom-dejugee-par-le-conseil-detat\" target=\"_blank\" rel=\"noopener\">\u00e0 la fermeture de la cha\u00eene par l&rsquo;Arcom<\/a>, qui pointait du doigt un manque de pluralit\u00e9.<\/p>\n<p>Sa nouvelle vie sur W9 intrigue tout le monde<\/p>\n<p>Sur W9 effectivement, Cyril Hanouna devrait animer une nouvelle \u00e9mission de divertissement tr\u00e8s ressemblante des premi\u00e8res ann\u00e9es de TPMP. Il en r\u00e9v\u00e8lera son titre au micro d&rsquo;Europe 1 ce lundi 12 mai \u00e0 16 heures. Pour l&rsquo;heure, tous les chroniqueurs ne sont pas assur\u00e9s de rempiler, <strong>comme notamment Gilles Verdez et Jean-Michel Maire<\/strong>. Mais de nouvelles recrues <a href=\"https:\/\/www.public.fr\/cyril-hanouna-prepare-son-grand-retour-sur-w9-et-fun-radio-nouveaux-projets-nouveau-casting-et-studio-historique\" target=\"_blank\" rel=\"noopener\">vont venir renforcer sa nouvelle bande<\/a>. En effet, Norbert Tarayre et J\u00e9r\u00f4me Anthony, deux visages du groupe M6, ont d\u00e9j\u00e0 \u00e9t\u00e9 annonc\u00e9s. <strong>Mais seront-ils les seuls<\/strong> ?<\/p>\n<p>      Mentionn\u00e9s dans cet article<\/p>\n<p>\u00c0 lire aussi<\/p>\n","protected":false},"excerpt":{"rendered":"Ils ne se r\u00e9concilieront pas de sit\u00f4t&#8230; Depuis plusieurs ann\u00e9es, Thierry Ardisson et Cyril Hanouna se livrent une&hellip;\n","protected":false},"author":2,"featured_media":91196,"comment_status":"","ping_status":"","sticky":false,"template":"","format":"standard","meta":{"footnotes":""},"categories":[1356],"tags":[7278,1083,58,59,1011,27,594,1077,3806,430,4495,252,10058,549,1364,2395],"class_list":{"0":"post-91195","1":"post","2":"type-post","3":"status-publish","4":"format-standard","5":"has-post-thumbnail","7":"category-television","8":"tag-c8","9":"tag-cyril-hanouna","10":"tag-divertissement","11":"tag-entertainment","12":"tag-fr","13":"tag-france","14":"tag-france-2","15":"tag-jordan-bardella","16":"tag-lea-salame","17":"tag-marine-le-pen","18":"tag-quelle-epoque","19":"tag-television","20":"tag-thierry-ardisson","21":"tag-touche-pas-a-mon-poste","22":"tag-tv","23":"tag-w9"},"share_on_mastodon":{"url":"https:\/\/pubeurope.com\/@fr\/114487862568405939","error":""},"_links":{"self":[{"href":"https:\/\/www.europesays.com\/fr\/wp-json\/wp\/v2\/posts\/91195","targetHints":{"allow":["GET"]}}],"collection":[{"href":"https:\/\/www.europesays.com\/fr\/wp-json\/wp\/v2\/posts"}],"about":[{"href":"https:\/\/www.europesays.com\/fr\/wp-json\/wp\/v2\/types\/post"}],"author":[{"embeddable":true,"href":"https:\/\/www.europesays.com\/fr\/wp-json\/wp\/v2\/users\/2"}],"replies":[{"embeddable":true,"href":"https:\/\/www.europesays.com\/fr\/wp-json\/wp\/v2\/comments?post=91195"}],"version-history":[{"count":0,"href":"https:\/\/www.europesays.com\/fr\/wp-json\/wp\/v2\/posts\/91195\/revisions"}],"wp:featuredmedia":[{"embeddable":true,"href":"https:\/\/www.europesays.com\/fr\/wp-json\/wp\/v2\/media\/91196"}],"wp:attachment":[{"href":"https:\/\/www.europesays.com\/fr\/wp-json\/wp\/v2\/media?parent=91195"}],"wp:term":[{"taxonomy":"category","embeddable":true,"href":"https:\/\/www.europesays.com\/fr\/wp-json\/wp\/v2\/categories?post=91195"},{"taxonomy":"post_tag","embeddable":true,"href":"https:\/\/www.europesays.com\/fr\/wp-json\/wp\/v2\/tags?post=91195"}],"curies":[{"name":"wp","href":"https:\/\/api.w.org\/{rel}","templated":true}]}}