{"id":91213,"date":"2025-05-11T06:56:10","date_gmt":"2025-05-11T06:56:10","guid":{"rendered":"https:\/\/www.europesays.com\/fr\/91213\/"},"modified":"2025-05-11T06:56:10","modified_gmt":"2025-05-11T06:56:10","slug":"voici-ou-ils-sont-attendus","status":"publish","type":"post","link":"https:\/\/www.europesays.com\/fr\/91213\/","title":{"rendered":"voici o\u00f9 ils sont attendus"},"content":{"rendered":"<p>            Par<br \/>\n        <strong><br \/>\n            <a href=\"https:\/\/actu.fr\/auteur\/marie-lamarque\" title=\"Consulter tous les articles de Marie Lamarque\" rel=\"nofollow noopener\" target=\"_blank\">Marie Lamarque<\/a><br \/>\n        <\/strong><\/p>\n<p>        Publi\u00e9 le<\/p>\n<p>            11 mai 2025 \u00e0 6h22        <\/p>\n<p><a href=\"https:\/\/actu.fr\/occitanie\/toulouse_31555\/un-risque-d-orages-violents-avec-grele-a-toulouse-et-en-occitanie-les-secteurs-ou-ils-pourraient-eclater_62613208.html\" rel=\"nofollow noopener\" target=\"_blank\">Attention aux orages<\/a> ce dimanche 11 mai 2025 <a href=\"https:\/\/actu.fr\/toulouse\/\" rel=\"nofollow noopener\" target=\"_blank\">\u00e0 Toulouse<\/a> et dans l\u2019Occitanie. Tous les d\u00e9partements de la r\u00e9gion, \u00e0 l\u2019exception de la Loz\u00e8re et du Gard, sont <a href=\"https:\/\/vigilance.meteofrance.fr\/fr\/orages\/demain\" rel=\"nofollow noopener\" target=\"_blank\">plac\u00e9s en vigilance jaune<\/a> par M\u00e9t\u00e9o-France.<\/p>\n<p class=\" wall-content\">\u00ab\u00a0La cons\u00e9quence d\u2019une <a href=\"https:\/\/actu.fr\/meteo\/c-est-quoi-une-goutte-froide-ce-phenomene-meteo-qui-va-traverser-et-refroidir-la-france_61848652.html\" rel=\"nofollow noopener\" target=\"_blank\">goutte froide<\/a> [une poche d\u2019air froid situ\u00e9e \u00e0 plus de 5000 m\u00e8tres d\u2019altitude, NDLR] pr\u00e9sente entre l\u2019Espagne et le Portugal qui se d\u00e9cale vers l\u2019est\u00a0\u00bb, analyse le m\u00e9t\u00e9orologiste <strong>Guillaume S\u00e9chet<\/strong>. De fortes pluies sont attendues. Le point sur les pr\u00e9visions.<\/p>\n<p>Les pr\u00e9visions \u00e0 Toulouse\u2026<\/p>\n<p class=\" wall-content\"><strong>Toulouse pourrait conna\u00eetre des orages ce dimanche<\/strong>, en particulier dans l\u2019apr\u00e8s-midi, selon les pr\u00e9visions de M\u00e9t\u00e9o-France. Plus globalement, il faudra s\u2019attendre \u00e0 une journ\u00e9e plut\u00f4t maussade, avec de la pluie, d\u00e8s le matin.<\/p>\n<p class=\" wall-content\">Du c\u00f4t\u00e9 des temp\u00e9ratures, M\u00e9t\u00e9o-France annonce<strong> 16\u00b0C le matin<\/strong> et gu\u00e8re plus l\u2019apr\u00e8s-midi, avec seulement 17\u00b0C.<\/p>\n<p>      <img   decoding=\"async\" loading=\"lazy\" src=\"https:\/\/www.europesays.com\/fr\/wp-content\/uploads\/2025\/05\/meteo-toulouse-previsions-960x640.png\" alt=\"Les pr\u00e9visions \u00e0 Toulouse pour ce dimanche 11 mai 2025.\" width=\"960\" height=\"640\"\/><br \/>\n    Les pr\u00e9visions \u00e0 Toulouse pour ce dimanche 11 mai 2025. (\u00a9Capture d\u2019\u00e9cran \/ M\u00e9t\u00e9o-France)Vid\u00e9os : en ce moment sur Actu\u2026et en Occitanie<\/p>\n<p class=\" wall-content\">Les orages pourraient se montrer particuli\u00e8rement actifs dans plusieurs d\u00e9partements de l\u2019Occitanie d\u00e8s ce dimanche matin, notamment <strong>dans les Hautes-Pyr\u00e9n\u00e9es, le Tarn ou encore le Lot<\/strong>. L\u2019apr\u00e8s-midi, les fortes pluies et les \u00e9clairs vont se g\u00e9n\u00e9raliser sur une grande partie sud de la r\u00e9gion.<\/p>\n<p class=\" wall-content\">Le thermom\u00e8tre ne devrait pas franchir les 20\u00b0C l\u2019apr\u00e8s-midi avec<strong> 18\u00b0C attendus pour B\u00e9ziers, Al\u00e8s ou encore N\u00eemes<\/strong>. M\u00e9t\u00e9o-France annonce aussi <strong>17\u00b0C \u00e0 Montauban, 16\u00b0C \u00e0 Tarbes ou encore 14\u00b0C \u00e0 Mende<\/strong>.<\/p>\n<p>      <img   decoding=\"async\" loading=\"lazy\" src=\"https:\/\/www.europesays.com\/fr\/wp-content\/uploads\/2025\/05\/occitanie-orages-meteo-960x640.png\" alt=\"Les pr\u00e9visions en Occitanie pour ce dimanche 11 mai 2025.\" width=\"960\" height=\"640\"\/><br \/>\n    Les pr\u00e9visions en Occitanie pour ce dimanche 11 mai 2025. (\u00a9Capture d\u2019\u00e9cran \/ M\u00e9t\u00e9o-France)<\/p>\n<p class=\" wall-content\">Suivez toute l\u2019actualit\u00e9 de vos villes et m\u00e9dias favoris en vous inscrivant \u00e0 <a href=\"https:\/\/moncompte.actu.fr\" title=\"D\u00e9couvez Mon Actu\" rel=\"nofollow noopener\" data-trk=\"{&quot;cta&quot;:{&quot;action&quot;:&quot;https:\\\/\\\/moncompte.actu.fr&quot;,&quot;category&quot;:&quot;mon compte&quot;,&quot;from&quot;:&quot;article footer&quot;,&quot;name&quot;:&quot;Mon actu&quot;,&quot;type&quot;:&quot;cta&quot;}}\" target=\"_blank\">Mon Actu<\/a>.<\/p>\n","protected":false},"excerpt":{"rendered":"Par Marie Lamarque Publi\u00e9 le 11 mai 2025 \u00e0 6h22 Attention aux orages ce dimanche 11 mai 2025&hellip;\n","protected":false},"author":2,"featured_media":91214,"comment_status":"","ping_status":"","sticky":false,"template":"","format":"standard","meta":{"footnotes":""},"categories":[4],"tags":[11,1011,27,2487,2357,12,25],"class_list":{"0":"post-91213","1":"post","2":"type-post","3":"status-publish","4":"format-standard","5":"has-post-thumbnail","7":"category-france","8":"tag-actualites","9":"tag-fr","10":"tag-france","11":"tag-meteo","12":"tag-meteo-france","13":"tag-news","14":"tag-republique-francaise"},"share_on_mastodon":{"url":"https:\/\/pubeurope.com\/@fr\/114487897992968402","error":""},"_links":{"self":[{"href":"https:\/\/www.europesays.com\/fr\/wp-json\/wp\/v2\/posts\/91213","targetHints":{"allow":["GET"]}}],"collection":[{"href":"https:\/\/www.europesays.com\/fr\/wp-json\/wp\/v2\/posts"}],"about":[{"href":"https:\/\/www.europesays.com\/fr\/wp-json\/wp\/v2\/types\/post"}],"author":[{"embeddable":true,"href":"https:\/\/www.europesays.com\/fr\/wp-json\/wp\/v2\/users\/2"}],"replies":[{"embeddable":true,"href":"https:\/\/www.europesays.com\/fr\/wp-json\/wp\/v2\/comments?post=91213"}],"version-history":[{"count":0,"href":"https:\/\/www.europesays.com\/fr\/wp-json\/wp\/v2\/posts\/91213\/revisions"}],"wp:featuredmedia":[{"embeddable":true,"href":"https:\/\/www.europesays.com\/fr\/wp-json\/wp\/v2\/media\/91214"}],"wp:attachment":[{"href":"https:\/\/www.europesays.com\/fr\/wp-json\/wp\/v2\/media?parent=91213"}],"wp:term":[{"taxonomy":"category","embeddable":true,"href":"https:\/\/www.europesays.com\/fr\/wp-json\/wp\/v2\/categories?post=91213"},{"taxonomy":"post_tag","embeddable":true,"href":"https:\/\/www.europesays.com\/fr\/wp-json\/wp\/v2\/tags?post=91213"}],"curies":[{"name":"wp","href":"https:\/\/api.w.org\/{rel}","templated":true}]}}