{"id":91215,"date":"2025-05-11T06:57:08","date_gmt":"2025-05-11T06:57:08","guid":{"rendered":"https:\/\/www.europesays.com\/fr\/91215\/"},"modified":"2025-05-11T06:57:08","modified_gmt":"2025-05-11T06:57:08","slug":"plus-de-70-departements-en-vigilance-ce-dimanche-voici-ou-la-foudre-va-tomber","status":"publish","type":"post","link":"https:\/\/www.europesays.com\/fr\/91215\/","title":{"rendered":"plus de 70 d\u00e9partements en vigilance ce dimanche, voici o\u00f9 la foudre va tomber"},"content":{"rendered":"<p>            Par<br \/>\n        <strong><br \/>\n            <a href=\"https:\/\/actu.fr\/auteur\/redaction-actu\" title=\"Consulter tous les articles de R\u00e9daction Actu\" target=\"_blank\" rel=\"noopener\">R\u00e9daction Actu<\/a><br \/>\n        <\/strong><\/p>\n<p>        Publi\u00e9 le<\/p>\n<p>            11 mai 2025 \u00e0 7h19        <\/p>\n<p><a href=\"https:\/\/actu.fr\/meteo\/orages-violents-la-vigilance-activee-dans-un-tiers-du-pays-ce-samedi-voici-ou-la-foudre-va-tomber_62615544.html\" target=\"_blank\" rel=\"noopener\">S\u2019il y a d\u00e9j\u00e0 eu beaucoup d\u2019\u00e9clairs<\/a> samedi 10\u00a0mai, la journ\u00e9e de ce dimanche risque d\u2019\u00eatre encore plus intense.<\/p>\n<p class=\" wall-content\">M\u00e9t\u00e9o France a en effet plac\u00e9 71 d\u00e9partements et Andorre en vigilance jaune pour risque d\u2019orages, soit une large partie du pays. Deux d\u00e9partements sont en vigilance pluie-inondation, et deux sont en avalanches et crues.<\/p>\n<p>Les d\u00e9partements en vigilance jaune dimanche 11 mai 2025<\/p>\n<p>Ain\u00a0\t:\tOrages<br \/>Allier\u00a0\t:\tOrages<br \/>Hautes-Alpes\u00a0\t:\tOrages<br \/>Ard\u00e8che\u00a0\t:\tOrages<br \/>Ari\u00e8ge\u00a0\t:\tOrages<br \/>Aude\u00a0\t:\tOrages<br \/>Aveyron\t:\tPluie-inondation, Orages<br \/>Bouches-du-Rh\u00f4ne\t:\tOrages<br \/>Calvados\t:\tOrages<br \/>Cantal\t:\tOrages<br \/>Charente\t:\tOrages<br \/>Cher\t:\tOrages<br \/>Corr\u00e8ze\t:\tOrages<br \/>Corse-du-Sud\u00a0\t:\tOrages<br \/>Haute-Corse\t:\tOrages<br \/>C\u00f4te-d&rsquo;Or\t:\tOrages<br \/>C\u00f4tes d&rsquo;Armor\t:\tOrages<br \/>Creuse\t:\tOrages<br \/>Dordogne\t:\tOrages<br \/>Doubs\t:\tOrages<br \/>Dr\u00f4me\t:\tOrages<br \/>Eure\t:\tOrages<br \/>Eure-et-Loir\t:\tOrages<br \/>Gard\t:\tOrages<br \/>Haute-Garonne\t:\tOrages<br \/>Gers\t:\tOrages<br \/>H\u00e9rault\t:\tPluie-inondation, Orages<br \/>Ille-et-Vilaine\t:\tOrages<br \/>Indre\t:\tOrages<br \/>Indre-et-Loire\u00a0\t:\tOrages<br \/>Is\u00e8re\t:\tOrages<br \/>Jura\t:\tOrages<br \/>Loir-et-Cher\t:\tOrages<br \/>Loire\t:\tOrages<br \/>Haute-Loire\t:\tOrages<br \/>Loiret\t:\tOrages<br \/>Lot\t:\tOrages<br \/>Lot-et-Garonne\t:\tOrages<br \/>Loz\u00e8re\t:\tOrages<br \/>Maine-et-Loire\t:\tOrages<br \/>Manche\t:\tOrages<br \/>Mayenne\t:\tOrages<br \/>Ni\u00e8vre\t:\tOrages<br \/>Oise\t:\tOrages<br \/>Orne\t:\tOrages<br \/>Puy-de-D\u00f4me\t:\tOrages<br \/>Pyr\u00e9n\u00e9es-Atlantiques\t:\tOrages, Avalanches, Crues<br \/>Hautes-Pyr\u00e9n\u00e9es\t:\tOrages, Avalanches, Crues<br \/>Pyr\u00e9n\u00e9es-Orientales\t:\tOrages<br \/>Rh\u00f4ne\t:\tOrages<br \/>Sa\u00f4ne-et-Loire\t:\tOrages<br \/>Sarthe\t:\tOrages<br \/>Savoie\t:\tOrages<br \/>Haute-Savoie\t:\tOrages<br \/>Paris\t:\tOrages<br \/>Seine-Maritime\t:\tOrages<br \/>Seine-et-Marne\t:\tOrages<br \/>Yvelines\t:\tOrages<br \/>Deux-S\u00e8vres\t:\tOrages<br \/>Somme\t:\tOrages<br \/>Tarn\t:\tPluie-inondation, Orages<br \/>Tarn-et-Garonne\t:\tOrages<br \/>Vaucluse\t:\tOrages<br \/>Vienne\t:\tOrages<br \/>Haute-Vienne\t:\tOrages<br \/>Yonne\t:\tOrages<br \/>Essonne\t:\tOrages<br \/>Hauts-de-Seine\t:\tOrages<br \/>Seine-St-Denis\t:\tOrages<br \/>Val-de-Marne\t:\tOrages<br \/>Val-D&rsquo;Oise\t:\tOrages<br \/>Andorre\t:\tOrages<\/p>\n<p>Vigilance dans le Sud-Ouest<\/p>\n<p class=\" wall-content\">Dans son bulletin, M\u00e9t\u00e9o-France pr\u00e9cise que le \u00ab\u00a0front pluvio-instable\u00a0\u00bb qu ise trouvait plus \u00e0 l\u2019ouest ce samedi s\u2019\u00e9tire \u00e0 pr\u00e9sent vers l\u2019est.<\/p>\n<blockquote class=\"ac-article-quote wall-content\">\n<p>Les intensit\u00e9s pluvieuses sont surtout notables particuli\u00e8rement en Occitanie o\u00f9 ponctuellement les cumuls peuvent d\u00e9passer les 60 mm aux termes de la journ\u00e9e.<\/p>\n<p>    <strong>M\u00e9t\u00e9o France<\/strong>\n            <\/p><\/blockquote>\n<p class=\" wall-content\">Localement, de la gr\u00eale est attendue ainsi que du vent qui pourrait souffler \u00e9\u00e0 plus de 70 km\/h en rafales\u00a0\u00bb.<\/p>\n<p>Vid\u00e9os : en ce moment sur Actu<\/p>\n<p class=\" wall-content\">Ce front atteint l\u2019Auvergne et le Centre l\u2019apr\u00e8s-midi puis rejoint les r\u00e9gions allant de l\u2019IDF \u00e0 la Bourgogne-Franche-Compt\u00e9 en cours de soir\u00e9e.<\/p>\n<p>      <img   decoding=\"async\" loading=\"lazy\" src=\"https:\/\/www.europesays.com\/fr\/wp-content\/uploads\/2025\/05\/orages-meteo-dimanche-11-mai-960x640.jpg\" alt=\"Voici les pr\u00e9visions selon le mod\u00e8le m\u00e9t\u00e9o ECMWF via Meteologix.\" width=\"960\" height=\"640\"\/><br \/>\n    Voici les pr\u00e9visions selon le mod\u00e8le m\u00e9t\u00e9o ECMWF via Meteologix. (\u00a9Montage actu.fr)Un temps plus cl\u00e9ment \u00e0 l\u2019ouest<\/p>\n<p class=\" wall-content\">logiquement, au fur et \u00e0 mesure de la journ\u00e9e, \u00ab\u00a0la fa\u00e7ade atlantique retrouve un ciel plus cl\u00e9ment o\u00f9 les averses se rar\u00e9fient\u00a0\u00bb.<\/p>\n<p class=\" wall-content\">Par contre, duGrand-Est au Hauts-de-France, au menu, c\u2019est soleil toute la journ\u00e9e.<\/p>\n<p class=\" wall-content\">C\u00f4t\u00e9 temp\u00e9ratures, les minimales sont radoucies par l\u2019arriv\u00e9e de cette masse d\u2019air humide et instable : les valeurs se rapprochent des normales.<\/p>\n<p class=\" wall-content\">Les maximales chutent \u00e0 l\u2019arri\u00e8re du front alors qu\u2019\u00e0 l\u2019avant, l\u2019impression est quasi-estivale avec des valeurs proches des 25\u00b0C.<\/p>\n<p class=\" wall-content\">Suivez toute l\u2019actualit\u00e9 de vos villes et m\u00e9dias favoris en vous inscrivant \u00e0 <a href=\"https:\/\/moncompte.actu.fr\" title=\"D\u00e9couvez Mon Actu\" rel=\"nofollow noopener\" data-trk=\"{&quot;cta&quot;:{&quot;action&quot;:&quot;https:\\\/\\\/moncompte.actu.fr&quot;,&quot;category&quot;:&quot;mon compte&quot;,&quot;from&quot;:&quot;article footer&quot;,&quot;name&quot;:&quot;Mon actu&quot;,&quot;type&quot;:&quot;cta&quot;}}\" target=\"_blank\">Mon Actu<\/a>.<\/p>\n","protected":false},"excerpt":{"rendered":"Par R\u00e9daction Actu Publi\u00e9 le 11 mai 2025 \u00e0 7h19 S\u2019il y a d\u00e9j\u00e0 eu beaucoup d\u2019\u00e9clairs samedi&hellip;\n","protected":false},"author":2,"featured_media":68201,"comment_status":"","ping_status":"","sticky":false,"template":"","format":"standard","meta":{"footnotes":""},"categories":[2],"tags":[11,1011,27,2487,12,4594],"class_list":{"0":"post-91215","1":"post","2":"type-post","3":"status-publish","4":"format-standard","5":"has-post-thumbnail","7":"category-actualites","8":"tag-actualites","9":"tag-fr","10":"tag-france","11":"tag-meteo","12":"tag-news","13":"tag-orages"},"share_on_mastodon":{"url":"https:\/\/pubeurope.com\/@fr\/114487901776201636","error":""},"_links":{"self":[{"href":"https:\/\/www.europesays.com\/fr\/wp-json\/wp\/v2\/posts\/91215","targetHints":{"allow":["GET"]}}],"collection":[{"href":"https:\/\/www.europesays.com\/fr\/wp-json\/wp\/v2\/posts"}],"about":[{"href":"https:\/\/www.europesays.com\/fr\/wp-json\/wp\/v2\/types\/post"}],"author":[{"embeddable":true,"href":"https:\/\/www.europesays.com\/fr\/wp-json\/wp\/v2\/users\/2"}],"replies":[{"embeddable":true,"href":"https:\/\/www.europesays.com\/fr\/wp-json\/wp\/v2\/comments?post=91215"}],"version-history":[{"count":0,"href":"https:\/\/www.europesays.com\/fr\/wp-json\/wp\/v2\/posts\/91215\/revisions"}],"wp:featuredmedia":[{"embeddable":true,"href":"https:\/\/www.europesays.com\/fr\/wp-json\/wp\/v2\/media\/68201"}],"wp:attachment":[{"href":"https:\/\/www.europesays.com\/fr\/wp-json\/wp\/v2\/media?parent=91215"}],"wp:term":[{"taxonomy":"category","embeddable":true,"href":"https:\/\/www.europesays.com\/fr\/wp-json\/wp\/v2\/categories?post=91215"},{"taxonomy":"post_tag","embeddable":true,"href":"https:\/\/www.europesays.com\/fr\/wp-json\/wp\/v2\/tags?post=91215"}],"curies":[{"name":"wp","href":"https:\/\/api.w.org\/{rel}","templated":true}]}}