{"id":91217,"date":"2025-05-11T07:01:16","date_gmt":"2025-05-11T07:01:16","guid":{"rendered":"https:\/\/www.europesays.com\/fr\/91217\/"},"modified":"2025-05-11T07:01:16","modified_gmt":"2025-05-11T07:01:16","slug":"national-une-as-nancy-lorraine-impressionnante-a-plus-dun-titre","status":"publish","type":"post","link":"https:\/\/www.europesays.com\/fr\/91217\/","title":{"rendered":"National. Une AS Nancy Lorraine impressionnante \u00e0 plus d\u2019un titre !"},"content":{"rendered":"<p>Apr\u00e8s Valenciennes &#8211; Nancy<\/p>\n<p>3-4<\/p>\n<p>Quand on voit l\u2019incroyable foire d\u2019empoigne entre Le Mans et Boulogne pour le second et dernier ticket pour la mont\u00e9e directe en Ligue 2, deux \u00e9quipes qui se tiennent en un mouchoir de poche avant la derni\u00e8re journ\u00e9e de championnat, on mesure \u00e0 quel point c\u2019est un luxe et une grande performance, pour l\u2019ASNL, d\u2019avoir d\u00e9j\u00e0 assur\u00e9 son retour en L2 et son titre de champion.<\/p>\n<p>C\u2019est comme si le leader nanc\u00e9ien, tel un groupe de rock, s\u2019\u00e9tait offert une petite tourn\u00e9e d\u2019adieu dans cette troisi\u00e8me division du foot fran\u00e7ais, fr\u00e9quent\u00e9e pendant trois ans, que personne ne regrettera du c\u00f4t\u00e9 de l\u2019ASNL. \u00ab Nancy on tour \u00bb comme c\u2019est \u00e9crit&#8230;<\/p>\n","protected":false},"excerpt":{"rendered":"Apr\u00e8s Valenciennes &#8211; Nancy 3-4 Quand on voit l\u2019incroyable foire d\u2019empoigne entre Le Mans et Boulogne pour le&hellip;\n","protected":false},"author":2,"featured_media":91218,"comment_status":"","ping_status":"","sticky":false,"template":"","format":"standard","meta":{"footnotes":""},"categories":[9635],"tags":[1111,11,3703,1704,1777,674,63,1011,27,775,1702,1703,12,25,517,1700],"class_list":{"0":"post-91217","1":"post","2":"type-post","3":"status-publish","4":"format-standard","5":"has-post-thumbnail","7":"category-nancy","8":"tag-actu","9":"tag-actualites","10":"tag-asnl","11":"tag-edition-nancy-et-agglomeration","12":"tag-eu","13":"tag-europe","14":"tag-football","15":"tag-fr","16":"tag-france","17":"tag-grand-est","18":"tag-nancy","19":"tag-nancy-ville-54b","20":"tag-news","21":"tag-republique-francaise","22":"tag-sport","23":"tag-sport-lorrain"},"share_on_mastodon":{"url":"https:\/\/pubeurope.com\/@fr\/114487917470616522","error":""},"_links":{"self":[{"href":"https:\/\/www.europesays.com\/fr\/wp-json\/wp\/v2\/posts\/91217","targetHints":{"allow":["GET"]}}],"collection":[{"href":"https:\/\/www.europesays.com\/fr\/wp-json\/wp\/v2\/posts"}],"about":[{"href":"https:\/\/www.europesays.com\/fr\/wp-json\/wp\/v2\/types\/post"}],"author":[{"embeddable":true,"href":"https:\/\/www.europesays.com\/fr\/wp-json\/wp\/v2\/users\/2"}],"replies":[{"embeddable":true,"href":"https:\/\/www.europesays.com\/fr\/wp-json\/wp\/v2\/comments?post=91217"}],"version-history":[{"count":0,"href":"https:\/\/www.europesays.com\/fr\/wp-json\/wp\/v2\/posts\/91217\/revisions"}],"wp:featuredmedia":[{"embeddable":true,"href":"https:\/\/www.europesays.com\/fr\/wp-json\/wp\/v2\/media\/91218"}],"wp:attachment":[{"href":"https:\/\/www.europesays.com\/fr\/wp-json\/wp\/v2\/media?parent=91217"}],"wp:term":[{"taxonomy":"category","embeddable":true,"href":"https:\/\/www.europesays.com\/fr\/wp-json\/wp\/v2\/categories?post=91217"},{"taxonomy":"post_tag","embeddable":true,"href":"https:\/\/www.europesays.com\/fr\/wp-json\/wp\/v2\/tags?post=91217"}],"curies":[{"name":"wp","href":"https:\/\/api.w.org\/{rel}","templated":true}]}}