{"id":91227,"date":"2025-05-11T07:09:15","date_gmt":"2025-05-11T07:09:15","guid":{"rendered":"https:\/\/www.europesays.com\/fr\/91227\/"},"modified":"2025-05-11T07:09:15","modified_gmt":"2025-05-11T07:09:15","slug":"les-habitants-nen-peuvent-plus-des-discours-et-de-la-mauvaise-foi-des-elus","status":"publish","type":"post","link":"https:\/\/www.europesays.com\/fr\/91227\/","title":{"rendered":"LES HABITANTS N&rsquo;EN PEUVENT PLUS DES DISCOURS ET DE LA MAUVAISE FOI DES \u00c9LUS"},"content":{"rendered":"<p>Posted On 11 mai 2025 <\/p>\n<p style=\"text-align: justify;\"><a target=\"_blank\" href=\"https:\/\/c.ledauphine.com\/societe\/2025\/05\/10\/isere-grenoble-nous-voulons-un-centre-ville-attirant-et-rassurant-des-echanges-tendus-entre-les-elus-et-les-habitants\" rel=\"noopener\">Mardi dernier, l&rsquo;Union des Habitants du Centre-Ville (UHCV)<\/a> organisait une r\u00e9union publique avec l&rsquo;adjoint en charge des espaces publics Gilles Namur (Vert), l&rsquo;adjoint en charge du secteur 2 et du commerce Alan Confesson (LFI) et la conseill\u00e8re m\u00e9tropolitaine d\u00e9l\u00e9gu\u00e9e au commerce Barbara Schuman (ex Verts\/LFI). Ils ont \u00e9t\u00e9 vertement re\u00e7us par des habitants exc\u00e9d\u00e9s par l&rsquo;\u00e9volution de la ville.<\/p>\n<p>LA VACANCE COMMERCIALE A DOUBL\u00c9 EN 10 ANS<\/p>\n<p style=\"text-align: justify;\">Agn\u00e8s Bassaler, administratrice de l&rsquo;union de quartier, a commenc\u00e9 par lancer<a href=\"https:\/\/grenoble-le-changement.fr\/2025\/01\/06\/commerces-a-grenoble-les-chiffres-donnent-tort-aux-verts-lfi\/\" target=\"_blank\" rel=\"noopener\"> le sujet de la vitalit\u00e9 du centre-ville<\/a>. Et les donn\u00e9es sont claires : \u00ab\u00a0la vacance commerciale est pass\u00e9e de 6 % en 2015 \u00e0 plus de 12 % en 2025 selon des donn\u00e9es de la Banque des territoires\u00a0\u00bb. Et \u00e0 ceux qui seraient tent\u00e9s de dire que c&rsquo;est partout pareil : \u00ab\u00a0Grenoble qui avait le 4e centre de France en 2016 est maintenant sortie du top dix\u00a0\u00bb. Et nous sommes au-dessus des moyennes nationales et r\u00e9gionales. Voil\u00e0 le bilan de deux mandats, avec des causes connues et largement d\u00e9taill\u00e9es : manque d&rsquo;attractivit\u00e9 et d&rsquo;accessibilit\u00e9.<\/p>\n<p><a href=\"https:\/\/i0.wp.com\/grenoble-le-changement.fr\/wp-content\/uploads\/2025\/05\/piolle-centre-ville-scaled.jpg?ssl=1\" rel=\"lightbox[81896] noopener\" target=\"_blank\"><img loading=\"lazy\" decoding=\"async\" class=\" wp-image-81898 jetpack-lazy-image\" src=\"https:\/\/i0.wp.com\/grenoble-le-changement.fr\/wp-content\/uploads\/2025\/05\/piolle-centre-ville.jpg?resize=617%2C463&amp;ssl=1\" alt=\"\" width=\"617\" height=\"463\" data-recalc-dims=\"1\" data-lazy-src=\"https:\/\/www.europesays.com\/fr\/wp-content\/uploads\/2025\/05\/piolle-centre-ville.jpg\" \/><\/a>L&rsquo;UHCV a projet\u00e9 un diaporama rappelant toute la propagande municipale, avec un Piolle gonflant le torse et assurant qu&rsquo;il redonnerait \u00e0 Grenoble \u00ab\u00a0le centre-ville qu&rsquo;il m\u00e9rite\u00a0\u00bb, qui promettait de \u00ab\u00a0revitaliser\u00a0\u00bb la ville&#8230; Quel succ\u00e8s.<br \/>\nDES DISCOURS CREUX ALORS QUE LE SEUIL D&rsquo;ALERTE EST FRANCHI<\/p>\n<p style=\"text-align: justify;\">En r\u00e9ponse, les habitants inquiets ont eu droit au discours de l&rsquo;immobilisme des \u00e9lus au commerce avec un Alan Confesson expliquant \u00eatre \u00ab\u00a0attentif\u00a0\u00bb sans avancer de v\u00e9ritables solutions, et une <a href=\"https:\/\/grenoble-le-changement.fr\/2025\/02\/24\/commerce-en-declin-la-faute-aux-commercants\/\" target=\"_blank\" rel=\"noopener\">Barbara Schuman<\/a> vantant la r\u00e9alisation \u00ab\u00a0d&rsquo;\u00e9tudes\u00a0\u00bb. Postures d&rsquo;autant plus ridicules que l&rsquo;UHCV avait projet\u00e9 les propos d&rsquo;Eric Piolle, Christophe Ferrari (Place Publique) et Yann Mongaburu (Verts) en 2018 affirmant que les \u00ab\u00a0signaux sont au vert\u00a0\u00bb pour le centre, et ceux du Vice-Pr\u00e9sident de la m\u00e9tro en charge de l&rsquo;\u00e9conomie Guy Jullien expliquant que le seuil de 10% de vacance \u00ab\u00a0serait un niveau rouge d&rsquo;alerte\u00a0\u00bb. Il serait temps d&rsquo;en prendre la mesure maintenant qu&rsquo;il est franchi ?<\/p>\n<p>RECUL DU COMMERCE, RECUL DE L&rsquo;OFFRE CULTURELLE&#8230;<\/p>\n<p style=\"text-align: justify;\">Une habitante animatrice du collectif pour la sauvegarde de la biblioth\u00e8que du centre-ville a rappel\u00e9 que cette spirale de paup\u00e9risation sera entretenue par <a href=\"https:\/\/grenoble-le-changement.fr\/2025\/05\/06\/bibliotheques-le-plan-municipal-de-suppression-se-poursuit\/\" target=\"_blank\" rel=\"noopener\">le projet de fermeture des biblioth\u00e8ques du centre<\/a> (ilot R\u00e9publique) et du jardin de ville, alors que la municipalit\u00e9 elle-m\u00eame reconnaissait que celle du centre attire le plus de monde \u00e0 Grenoble, ce qui permet aussi de faire la vitalit\u00e9 du secteur : \u00ab le commerce ne va d\u00e9j\u00e0 pas bien, et en plus vous retirez du centre-ville la culture (&#8230;) \u00c0 la fois vous reconnaissez que le centre-ville ne va pas bien, et \u00e0 la fois ce qui va bien, vous voulez le d\u00e9truire ! \u00bb.<\/p>\n<p><a href=\"https:\/\/i2.wp.com\/grenoble-le-changement.fr\/wp-content\/uploads\/2025\/03\/grenoble-se-vide-commerce.png?ssl=1\" rel=\"lightbox[81896] noopener\" target=\"_blank\"><img loading=\"lazy\" decoding=\"async\" class=\" wp-image-80574 jetpack-lazy-image\" src=\"https:\/\/i2.wp.com\/grenoble-le-changement.fr\/wp-content\/uploads\/2025\/03\/grenoble-se-vide-commerce.png?resize=678%2C323&amp;ssl=1\" alt=\"\" width=\"678\" height=\"323\" data-recalc-dims=\"1\" data-lazy-src=\"https:\/\/www.europesays.com\/fr\/wp-content\/uploads\/2025\/05\/grenoble-se-vide-commerce.png\" \/><\/a>\u00ab\u00a0Le centre-ville se vide\u00a0\u00bb et les Verts\/LFi mettent tout en oeuvre pour que ce soit de pire en pire.<br \/>\nLA NOVLANGUE HABITUELLE<\/p>\n<p style=\"text-align: justify;\">Sur ce point, le petit commissaire politique Alan Confesson (LFI) a alors rempli son office en agitant la novlangue municipale habituelle que plus personne ne gobe : il a ainsi tent\u00e9 d&rsquo;expliquer<a href=\"https:\/\/grenoble-le-changement.fr\/2022\/11\/12\/e-piolle-sattaque-encore-aux-bibliotheques\/\" target=\"_blank\" rel=\"noopener\"> qu&rsquo;il n&rsquo;y a pas fermeture mais \u00ab\u00a0transfert\u00a0\u00bb du fond<\/a> \u00e0 la biblioth\u00e8que centrale (les habitants du centre qui devront faire plus de 800 m\u00e8tres pour trouver la biblioth\u00e8que transf\u00e9r\u00e9e seront ravis) et que \u00ab\u00a0quand ce projet sera men\u00e9 \u00e0 bien, il vous apportera enti\u00e8re satisfaction\u00a0\u00bb. Les Rouge\/Verts connaissent mieux que les peuples eux-m\u00eames ce qui fera leur bien, comme l&rsquo;histoire de tous ces r\u00e9gimes sans exception l&rsquo;a montr\u00e9.<\/p>\n<p>DEAL : CONFESSON PR\u00c9F\u00c9RERAIT NE PAS EN PARLER<\/p>\n<p class=\"p1\" style=\"text-align: justify;\">Le probl\u00e8me du trafic de drogue s&rsquo;est aussi invit\u00e9, soulev\u00e9 par une personne qui a expliqu\u00e9 avoir vot\u00e9 Piolle deux fois et aujourd&rsquo;hui \u00eatre terriblement d\u00e9\u00e7u de son inaction. Alan Confesson n&rsquo;avait pas particuli\u00e8rement envie d&rsquo;en parler, affirmant que \u00ab\u00a0c\u2019\u00e9tait pas un sujet pr\u00e9vu \u00e0 l\u2019ordre du jour\u00a0\u00bb. Comme si \u00e7a ne rejoignait pas le probl\u00e8me de la vitalit\u00e9 du coeur de ville. Mais ces \u00e9lus qui voient les habitants une fois l&rsquo;an souhaiteraient que ceux-ci ne parlent que des sujets qu&rsquo;ils ont pr\u00e9alablement autoris\u00e9 !<\/p>\n<p>TOUJOURS LES M\u00caMES SCH\u00c9MAS DE R\u00c9PONSES<\/p>\n<p style=\"text-align: justify;\">Comme avec le commerce, l&rsquo;adjoint a d\u00e9velopp\u00e9 le m\u00eame discours d\u00e9reponsabilisant : fable du \u00ab\u00a0c&rsquo;est partout pareil\u00a0\u00bb en citant des fusillades \u00e0 Rennes (<a href=\"https:\/\/grenoble-le-changement.fr\/2025\/04\/09\/insecurite-toutes-les-stats-qui-confirment-que-grenoble-est-n1\/\" target=\"_blank\" rel=\"noopener\">alors que tous les chiffres officiels pointent que nous sommes premiers pour la d\u00e9linquance<\/a>), et longue litanie pour expliquer qu&rsquo;ils \u00ab\u00a0font le lien\u00a0\u00bb avec la police et ont lanc\u00e9 des vid\u00e9os de sensibilisation des consommateurs&#8230; soit tout pour ne pas parler de leur absence de mesures concr\u00e8tes (vid\u00e9oprotection, police municipale&#8230;). L&rsquo;adjoint a m\u00eame os\u00e9 expliquer que pour la pr\u00e9vention, il faut \u00ab\u00a0s&rsquo;appuyer sur les MJC\u00a0\u00bb. \u00ab\u00a0Que vous fermez !\u00a0\u00bb, lui a vivement r\u00e9torqu\u00e9 un habitant en r\u00e9f\u00e9rence \u00e0 <a href=\"https:\/\/grenoble-le-changement.fr\/2024\/12\/19\/des-heures-sombres-pour-la-culture-a-grenoble\/\" target=\"_blank\" rel=\"noopener\">toutes ces structures d&rsquo;\u00e9ducation populaire<\/a> que les tartuffes ont d\u00e9mantel\u00e9.<\/p>\n<p>\u00ab\u00a0CEUX QUI S&rsquo;APPROPRIENT L&rsquo;ESPACE NE SONT PAS CEUX QUE VOUS AVEZ CIBL\u00c9\u00a0\u00bb<\/p>\n<p class=\"p1\" style=\"text-align: justify;\">Un habitant de Hoche a aussi interpell\u00e9 les \u00e9lus sur la mani\u00e8re <a href=\"https:\/\/grenoble-le-changement.fr\/2024\/11\/30\/lurbanisme-grenoblois-allie-des-delinquants-2-2\/\" target=\"_blank\" rel=\"noopener\">dont leurs am\u00e9nagements cr\u00e9ent l&rsquo;ins\u00e9curit\u00e9<\/a>, demandant avec p\u00e9dagogie : \u00ab\u00a0est-ce que vous faites un retour d\u2019exp\u00e9rience sur les mesures que vous avez mises en place sur l\u2019urbanisme ? (&#8230;) car ceux qui s\u2019approprient l\u2019espace public ce sont pas ceux qu\u2019on imaginait sur les plaquettes, ce ne sont pas ceux que vous avez cibl\u00e9\u00a0\u00bb. Les b\u00e9n\u00e9ficiaires de la fermeture de Hoche avec la chronov\u00e9lo sur le boulevard Agutte Sembat sont en effet &#8230; les dealers.<\/p>\n<p><a href=\"https:\/\/i2.wp.com\/grenoble-le-changement.fr\/wp-content\/uploads\/2024\/11\/hoche.png?ssl=1\" rel=\"lightbox[81896] noopener\" target=\"_blank\"><img loading=\"lazy\" decoding=\"async\" class=\" wp-image-78243 jetpack-lazy-image\" src=\"https:\/\/i2.wp.com\/grenoble-le-changement.fr\/wp-content\/uploads\/2024\/11\/hoche.png?resize=678%2C391&amp;ssl=1\" alt=\"\" width=\"678\" height=\"391\" data-recalc-dims=\"1\" data-lazy-src=\"https:\/\/www.europesays.com\/fr\/wp-content\/uploads\/2025\/05\/hoche.png\" \/><\/a>Les am\u00e9nagements de la ville favorisent les trafiquants. Quartier Hoche, la fermeture d&rsquo;une voie d&rsquo;acc\u00e8s (c\u00f4t\u00e9 Agutte Sembat) r\u00e9duit les possibilit\u00e9s d&rsquo;intervention des forces de l&rsquo;ordre et conforte les dealers qui peuvent s&rsquo;\u00e9chapper \u00e0 pied par les coursives ouvertes. Capture d&rsquo;\u00e9cran Place Gre&rsquo;net<br \/>\nUN FESTIVAL DE MAUVAISE FOI<\/p>\n<p style=\"text-align: justify;\">Bien s\u00fbr pas de \u00ab\u00a0retour d&rsquo;exp\u00e9rience\u00a0\u00bb. Et un festival de mauvaise foi en retour, Alan Confesson affirmant \u00ab\u00a0on a pas men\u00e9 de projets \u00e0 l\u2019int\u00e9rieur du quartier Hoche\u00a0\u00bb&#8230; car il n&rsquo;inclut pas le boulevard Agutte Sembat dans Hoche stricto sensu ! Pendant que son coll\u00e8gue Gilles Namur vocif\u00e9rait : \u00ab\u00a0non on reconna\u00eet pas qu\u2019on s\u2019est plant\u00e9s\u00a0\u00bb !\u00a0\u00bb, en expert de la n\u00e9gation du r\u00e9el. Avant d&rsquo;\u00eatre s\u00e8chement repris par un habitant r\u00e9sumant le sentiment g\u00e9n\u00e9ral : \u00ab\u00a0il y a un manque de prise en compte de la r\u00e9alit\u00e9 de ce que vivent les gens, pourtant nous sommes nombreux \u00e0 vivre la m\u00eame chose\u00a0\u00bb.<\/p>\n<p><a href=\"https:\/\/i0.wp.com\/grenoble-le-changement.fr\/wp-content\/uploads\/2025\/05\/schuman-pantel-namur-confesson.jpg?ssl=1\" rel=\"lightbox[81896] noopener\" target=\"_blank\"><img loading=\"lazy\" decoding=\"async\" class=\" wp-image-81901 jetpack-lazy-image\" src=\"https:\/\/i0.wp.com\/grenoble-le-changement.fr\/wp-content\/uploads\/2025\/05\/schuman-pantel-namur-confesson.jpg?resize=678%2C624&amp;ssl=1\" alt=\"\" width=\"678\" height=\"624\" data-recalc-dims=\"1\" data-lazy-src=\"https:\/\/www.europesays.com\/fr\/wp-content\/uploads\/2025\/05\/schuman-pantel-namur-confesson.jpg\" \/><\/a>De gauche \u00e0 droite, Barbara Schuman (\u00e9lue m\u00e9tropolitaine au commerce), Chlo\u00e9 Pantel (adjointe au secteur 6), Gilles Namur (adjoint aux espaces publics), Alan Confesson (adjoint secteur 2 et commerce) r\u00e9unis pour un festival de mauvaise foi.<br \/>\n\u00ab\u00a0VOUS AVEZ GHETTO\u00cfS\u00c9 ET ENCLAV\u00c9 CE QUARTIER\u00a0\u00bb<\/p>\n<p style=\"text-align: justify;\"><a href=\"https:\/\/grenoble-le-changement.fr\/2025\/04\/20\/la-municipalite-veut-eliminer-les-citoyens-genants\/\" target=\"_blank\" rel=\"noopener\">Michel Voilin, pr\u00e9sident de l&rsquo;Union de quartier Championnet-Bonne-Hoche-Condorcet<\/a> et copr\u00e9sident du CLUQ, a finalement remis les pendules des adjoints \u00e0 l&rsquo;heure avec une intervention vivement salu\u00e9e : \u00ab\u00a0les probl\u00e8mes ont commenc\u00e9 quand vous avez avez ferm\u00e9 l\u2019acc\u00e8s \u00e0 Hoche. Vous avez ghetto\u00efs\u00e9, enclav\u00e9 ce quartier et c\u2019est une catastrophe car les commerces en sont morts (&#8230;) Les animations, c\u2019est une goutte d\u2019eau car c\u2019est un probl\u00e8me d\u2019urbanisme. En 12 ans vous avez d\u00e9truit ce qui \u00e9tait merveilleux et les gens n\u2019ont plus qu\u2019une id\u00e9e, c\u2019est partir (&#8230;) c\u2019est le narcotrafic qui est en train de prendre le pouvoir et le drame c\u2019est que c\u2019est en train de s\u2019\u00e9tendre\u00a0\u00bb.<\/p>\n<p>LES SOLUTIONS SONT SUR LA TABLE<\/p>\n<p style=\"text-align: justify;\">Ce que demande l&rsquo;UHCV pour tirer \u00e0 nouveau le centre vers le haut n&rsquo;est pas sorcier : des espaces publics \u00ab\u00a0agr\u00e9ables, bien entretenus et rassurants\u00a0\u00bb (donc une politique de propret\u00e9 et de s\u00e9curit\u00e9 efficace), et accompagner l&rsquo;installation de commerces de proximit\u00e9 en incitant une offre diversifi\u00e9e. La base du travail d&rsquo;un \u00e9lu local, qu&rsquo;ils n&rsquo;ont pas r\u00e9ussi \u00e0 remplir en 12 ans. En mars prochain, les Grenoblois auront le choix : soit poursuivre encore 6 ans avec ceux qui r\u00e9p\u00e8tent les m\u00eames discours creux tous les ans mais n&rsquo;ont r\u00e9ussi qu&rsquo;\u00e0 aggraver les probl\u00e8mes.\u00a0<\/p>\n<p style=\"text-align: justify;\">Soit faire le choix d&rsquo;une toute autre orientation : le groupe d&rsquo;Alain Carigon, leader de l&rsquo;opposition, a d\u00e9j\u00e0 travaill\u00e9 sur un plan complet qui rejoint les ambitions de l&rsquo;UHCV pour que le centre-ville retrouve son attractivit\u00e9, en lien avec les collectifs de commer\u00e7ants et habitants. <a href=\"https:\/\/grenoble-le-changement.fr\/2024\/10\/19\/commerce-a-grenoble-lopposition-sonne-lalerte\/\" target=\"_blank\" rel=\"noopener\">Les solutions sont sur la table : aux Grenoblois de s&rsquo;en saisir en votant l&rsquo;an prochain.<\/a><\/p>\n","protected":false},"excerpt":{"rendered":"Posted On 11 mai 2025 Mardi dernier, l&rsquo;Union des Habitants du Centre-Ville (UHCV) organisait une r\u00e9union publique avec&hellip;\n","protected":false},"author":2,"featured_media":91228,"comment_status":"","ping_status":"","sticky":false,"template":"","format":"standard","meta":{"footnotes":""},"categories":[9566],"tags":[1111,11,20225,11148,2430,14405,9604,9607,1777,674,1011,27,10230,2731,20226,12466,12,25,13027],"class_list":{"0":"post-91227","1":"post","2":"type-post","3":"status-publish","4":"format-standard","5":"has-post-thumbnail","7":"category-grenoble","8":"tag-actu","9":"tag-actualites","10":"tag-agnes-bassaler","11":"tag-alan-confesson","12":"tag-auvergne-rhone-alpes","13":"tag-barbara-schuman","14":"tag-christophe-ferrari","15":"tag-eric-piolle","16":"tag-eu","17":"tag-europe","18":"tag-fr","19":"tag-france","20":"tag-gilles-namur","21":"tag-grenoble","22":"tag-guy-jullien","23":"tag-michel-voilin","24":"tag-news","25":"tag-republique-francaise","26":"tag-yann-mongaburu"},"share_on_mastodon":{"url":"https:\/\/pubeurope.com\/@fr\/114487949003813906","error":""},"_links":{"self":[{"href":"https:\/\/www.europesays.com\/fr\/wp-json\/wp\/v2\/posts\/91227","targetHints":{"allow":["GET"]}}],"collection":[{"href":"https:\/\/www.europesays.com\/fr\/wp-json\/wp\/v2\/posts"}],"about":[{"href":"https:\/\/www.europesays.com\/fr\/wp-json\/wp\/v2\/types\/post"}],"author":[{"embeddable":true,"href":"https:\/\/www.europesays.com\/fr\/wp-json\/wp\/v2\/users\/2"}],"replies":[{"embeddable":true,"href":"https:\/\/www.europesays.com\/fr\/wp-json\/wp\/v2\/comments?post=91227"}],"version-history":[{"count":0,"href":"https:\/\/www.europesays.com\/fr\/wp-json\/wp\/v2\/posts\/91227\/revisions"}],"wp:featuredmedia":[{"embeddable":true,"href":"https:\/\/www.europesays.com\/fr\/wp-json\/wp\/v2\/media\/91228"}],"wp:attachment":[{"href":"https:\/\/www.europesays.com\/fr\/wp-json\/wp\/v2\/media?parent=91227"}],"wp:term":[{"taxonomy":"category","embeddable":true,"href":"https:\/\/www.europesays.com\/fr\/wp-json\/wp\/v2\/categories?post=91227"},{"taxonomy":"post_tag","embeddable":true,"href":"https:\/\/www.europesays.com\/fr\/wp-json\/wp\/v2\/tags?post=91227"}],"curies":[{"name":"wp","href":"https:\/\/api.w.org\/{rel}","templated":true}]}}