{"id":91232,"date":"2025-05-11T07:13:11","date_gmt":"2025-05-11T07:13:11","guid":{"rendered":"https:\/\/www.europesays.com\/fr\/91232\/"},"modified":"2025-05-11T07:13:11","modified_gmt":"2025-05-11T07:13:11","slug":"ille-et-vilaine-handball-n1f-le-cpb-rennes-accroche-par-harnes-sport","status":"publish","type":"post","link":"https:\/\/www.europesays.com\/fr\/91232\/","title":{"rendered":"Ille-et-Vilaine &#8211; Handball. N1F\u00a0: Le CPB Rennes accroch\u00e9 par Harnes . Sport"},"content":{"rendered":"<p>Un dernier match \u00e0 domicile, sans r\u00e9el enjeu pour les prot\u00e9g\u00e9s de J\u00e9r\u00e9my Laurent, une saison d\u2019ores et d\u00e9j\u00e0 r\u00e9ussi pour sa premi\u00e8re saison \u00e0 la t\u00eate de l\u2019\u00e9quipe fanion, <strong>\u00ab\u00a0l\u2019objectif \u00e9tait de s\u00e9curiser notre 6e place\u00a0\u00bb<\/strong>. C\u2019est une \u00e9quipe de Harnes, en difficult\u00e9 dans ce championnat, qui se pr\u00e9sente \u00e0 la salle Charles G\u00e9niaux. Une premi\u00e8re mi-temps \u00e0 l\u2019avantage <a href=\"https:\/\/rennes.maville.com\/sport\/detail_-handball.-n1f-le-cpb-rennes-a-manque-de-ressort-a-issy-_7-6782166_actu.Htm\" target=\"_self\" rel=\"noopener\">des Rennaises<\/a>, apr\u00e8s plusieurs arr\u00eats d\u00e9terminant de Fanny Simon, les vertes font le break et rentrent au vestiaire avec un avantage de plus trois (12-9, 30\u2019).<\/p>\n<p>\u00ab\u00a0On ressent la fatigue de la saison\u00a0\u00bb<\/p>\n<p>En inf\u00e9riorit\u00e9 num\u00e9rique, \u00c9lodie Royer et les siennes sont en difficult\u00e9 sur le d\u00e9but de seconde p\u00e9riode, les nordistes en profiteront pour r\u00e9duire la marque au tableau d\u2019affichage. Tr\u00e8s rapidement les joueuses du CPB Rennes repartent de l\u2019avant et creusent rapidement l\u2019\u00e9cart, par l\u2019interm\u00e9diaire de Blanchard auteur de 5\u00a0buts (20-13, 40\u2019). <strong>\u00ab\u00a0On a essay\u00e9 de faire tourner un maximum, c\u2019est un temps de jeu coh\u00e9rent pour les filles et m\u00e9rit\u00e9s par le travail effectu\u00e9 \u00e0 l\u2019entra\u00eenement\u00a0\u00bb<\/strong> explique\u00a0J\u00e9r\u00e9my Laurent, le coach du CPB. <strong>\u00ab\u00a0Sur la fin de match, on a un peu trop pr\u00e9cipit\u00e9 notre jeu et on a fait preuve de suffisance dans le combat physique\u00a0\u00bb. <\/strong>Dans les toutes derni\u00e8res secondes du match, les nordistes arrachent le match nul (26-26, 60\u2019), un r\u00e9sultat un peu d\u00e9cevant tant les Rennaises ont eu la main sur le match, mais un r\u00e9sultat presque anecdotique, <strong>\u00ab\u00a0on ressent clairement la fatigue de la saison\u00a0\u00bb.<\/strong><\/p>\n<p>Apr\u00e8s le match, l\u2019ensemble des joueuses et du staff ont remerci\u00e9 chaleureusement Lou\u00a0Saramito et Lina El Hasnaouy qui quittent le groupe en fin de saison.<\/p>\n<p><strong>Lire aussi\u00a0: <\/strong> <a href=\"https:\/\/rennes.maville.com\/sport\/detail_-handball-n1f-une-saison-reussie-le-coach-du-cpb-rennes-dresse-le-bilan-de-sa-premiere-annee-_7-6801073_actu.Htm\" target=\"_self\" rel=\"noopener\">Handball &#8211; N1F\u00a0: \u00ab\u00a0Une saison r\u00e9ussie\u00a0\u00bb, le coach du CPB Rennes dresse le bilan de sa premi\u00e8re ann\u00e9e<\/a><\/p>\n<p><strong>C<\/strong> <strong>PB RENNES \u2013 HARNES\u00a0: 26-26 (12-9) <\/strong><\/p>\n<p>Arbitres\u00a0: Mme. Martineau et Fouchard.<\/p>\n<p><strong>CPB RENNES\u00a0:<\/strong> Gardiennes\u00a0: Simon (8\u00a0arr\u00eats) \u2013 Joueuses de champ\u00a0: Soulard, Blanchard (5), Saramito (4), Carnot (4), Le Maire, Garncarzyk (1), Menou (1), Pennaeac\u2019h, Troudet (2), Preaudat (3), Royer (4), De Sousa (2).<\/p>\n<p><strong>HARNES<\/strong>\u00a0: Gardiennes\u00a0: Mampuya (2\u00a0arr\u00eats), Vancardo (6\u00a0arr\u00eats) &#8211; Joueuses de champ\u00a0: Verriez (1), Daumas, Agacinski (2), Kant\u00e9 (1), Collot (3), Gravina, Hamille, Alcmeon (8), Delabaere (2) , Eude (2), Debas, Gayet (7).<\/p>\n<p>\u00a0<\/p>\n","protected":false},"excerpt":{"rendered":"Un dernier match \u00e0 domicile, sans r\u00e9el enjeu pour les prot\u00e9g\u00e9s de J\u00e9r\u00e9my Laurent, une saison d\u2019ores et&hellip;\n","protected":false},"author":2,"featured_media":91233,"comment_status":"","ping_status":"","sticky":false,"template":"","format":"standard","meta":{"footnotes":""},"categories":[2821],"tags":[1111,11,3809,1465,829,1777,674,63,1011,27,1792,1922,2047,12,584,25,479,517,1470],"class_list":{"0":"post-91232","1":"post","2":"type-post","3":"status-publish","4":"format-standard","5":"has-post-thumbnail","7":"category-rennes","8":"tag-actu","9":"tag-actualites","10":"tag-ball","11":"tag-basket","12":"tag-bretagne","13":"tag-eu","14":"tag-europe","15":"tag-football","16":"tag-fr","17":"tag-france","18":"tag-handball","19":"tag-info","20":"tag-mans","21":"tag-news","22":"tag-rennes","23":"tag-republique-francaise","24":"tag-rugby","25":"tag-sport","26":"tag-volley"},"share_on_mastodon":{"url":"https:\/\/pubeurope.com\/@fr\/114487964679810387","error":""},"_links":{"self":[{"href":"https:\/\/www.europesays.com\/fr\/wp-json\/wp\/v2\/posts\/91232","targetHints":{"allow":["GET"]}}],"collection":[{"href":"https:\/\/www.europesays.com\/fr\/wp-json\/wp\/v2\/posts"}],"about":[{"href":"https:\/\/www.europesays.com\/fr\/wp-json\/wp\/v2\/types\/post"}],"author":[{"embeddable":true,"href":"https:\/\/www.europesays.com\/fr\/wp-json\/wp\/v2\/users\/2"}],"replies":[{"embeddable":true,"href":"https:\/\/www.europesays.com\/fr\/wp-json\/wp\/v2\/comments?post=91232"}],"version-history":[{"count":0,"href":"https:\/\/www.europesays.com\/fr\/wp-json\/wp\/v2\/posts\/91232\/revisions"}],"wp:featuredmedia":[{"embeddable":true,"href":"https:\/\/www.europesays.com\/fr\/wp-json\/wp\/v2\/media\/91233"}],"wp:attachment":[{"href":"https:\/\/www.europesays.com\/fr\/wp-json\/wp\/v2\/media?parent=91232"}],"wp:term":[{"taxonomy":"category","embeddable":true,"href":"https:\/\/www.europesays.com\/fr\/wp-json\/wp\/v2\/categories?post=91232"},{"taxonomy":"post_tag","embeddable":true,"href":"https:\/\/www.europesays.com\/fr\/wp-json\/wp\/v2\/tags?post=91232"}],"curies":[{"name":"wp","href":"https:\/\/api.w.org\/{rel}","templated":true}]}}