{"id":91235,"date":"2025-05-11T07:15:20","date_gmt":"2025-05-11T07:15:20","guid":{"rendered":"https:\/\/www.europesays.com\/fr\/91235\/"},"modified":"2025-05-11T07:15:20","modified_gmt":"2025-05-11T07:15:20","slug":"dilane-bakwa-sans-emegha-cetait-plus-difficile-alsasports","status":"publish","type":"post","link":"https:\/\/www.europesays.com\/fr\/91235\/","title":{"rendered":"Dilane Bakwa : \u00ab\u00a0Sans Emegha c&rsquo;\u00e9tait plus difficile\u00a0\u00bb \u2014 Alsa&rsquo;Sports"},"content":{"rendered":"<p><strong>L\u2019unique buteur strasbourgeois Dilane Bakwa n\u2019a pas pu emp\u00eacher la d\u00e9faite des siens \u00e0 Angers ce soir (2-1). D\u00e9faite en partie conc\u00e9d\u00e9e par l\u2019absence du meilleur buteur du club Emanuel Emegha, selon lui. <\/strong><\/p>\n<p>C\u2019est une nouvelle qui allait assur\u00e9ment perturber les plans de Liam Rosenior. L\u2019absence de derni\u00e8re minute d\u2019Emanuel Emegha a fortement impact\u00e9 la prestation de son \u00e9quipe, de par le manque de solutions dans la profondeur, et de par la r\u00e9organisation forc\u00e9e qui a compliqu\u00e9 les choses. \u00ab\u00a0C\u2019est notre meilleur buteur tout simplement. Quand tu ne joues pas avec Emegha c\u2019est plus difficile. Sans lui on ne marque pas beaucoup de buts donc \u00e7a fait mal. Mais on va essayer de gagner pour le dernier match avec ou sans lui. On a eu quelques situations int\u00e9ressantes, mais on n\u2019a manqu\u00e9 de finition\u00a0\u00bb, a d\u00e9clar\u00e9 l\u2019unique buteur du Racing Dilane Bakwa. <\/p>\n<p>La d\u00e9faite est am\u00e8re mais ne doit pas emp\u00eacher Strasbourg de bien terminer la saison et finir le plus haut possible. \u00ab\u00a0On a manqu\u00e9 de patience, on a \u00e9chou\u00e9 sur quelques d\u00e9tails, \u00e7a arrive et \u00e7a fait partie du football. On est d\u00e9\u00e7us du r\u00e9sultat mais on restes mobilis\u00e9s, il nous reste une finale \u00e0 jouer \u00e0 domicile devant nos supporters. On fera le maximum pour gagner.\u00a0\u00bb Le maximum, ce sera une quatri\u00e8me place presque inesp\u00e9r\u00e9e tant il faudra que les adversaires directs Nice et Lille perdent encore des points. \u00ab\u00a0L\u2019Europe \u00e9tait un objectif global, la Ligue des champions \u00e9tait un r\u00eave, mais c\u2019est comme \u00e7a. On va rebondir pour jouer les autres comp\u00e9titions. Tout va se jouer sur le dernier match.\u00a0\u00bb Strasbourg est sixi\u00e8me, une place qui l\u2019enverra en Ligue Europa si Paris remporte la Coupe de France contre Reims. <\/p>\n","protected":false},"excerpt":{"rendered":"L\u2019unique buteur strasbourgeois Dilane Bakwa n\u2019a pas pu emp\u00eacher la d\u00e9faite des siens \u00e0 Angers ce soir (2-1).&hellip;\n","protected":false},"author":2,"featured_media":91236,"comment_status":"","ping_status":"","sticky":false,"template":"","format":"standard","meta":{"footnotes":""},"categories":[2820],"tags":[1111,11,1777,674,63,1011,27,775,66,12,4448,25,640],"class_list":{"0":"post-91235","1":"post","2":"type-post","3":"status-publish","4":"format-standard","5":"has-post-thumbnail","7":"category-strasbourg","8":"tag-actu","9":"tag-actualites","10":"tag-eu","11":"tag-europe","12":"tag-football","13":"tag-fr","14":"tag-france","15":"tag-grand-est","16":"tag-ligue-1","17":"tag-news","18":"tag-rc-strasbourg","19":"tag-republique-francaise","20":"tag-strasbourg"},"share_on_mastodon":{"url":"https:\/\/pubeurope.com\/@fr\/114487972772635668","error":""},"_links":{"self":[{"href":"https:\/\/www.europesays.com\/fr\/wp-json\/wp\/v2\/posts\/91235","targetHints":{"allow":["GET"]}}],"collection":[{"href":"https:\/\/www.europesays.com\/fr\/wp-json\/wp\/v2\/posts"}],"about":[{"href":"https:\/\/www.europesays.com\/fr\/wp-json\/wp\/v2\/types\/post"}],"author":[{"embeddable":true,"href":"https:\/\/www.europesays.com\/fr\/wp-json\/wp\/v2\/users\/2"}],"replies":[{"embeddable":true,"href":"https:\/\/www.europesays.com\/fr\/wp-json\/wp\/v2\/comments?post=91235"}],"version-history":[{"count":0,"href":"https:\/\/www.europesays.com\/fr\/wp-json\/wp\/v2\/posts\/91235\/revisions"}],"wp:featuredmedia":[{"embeddable":true,"href":"https:\/\/www.europesays.com\/fr\/wp-json\/wp\/v2\/media\/91236"}],"wp:attachment":[{"href":"https:\/\/www.europesays.com\/fr\/wp-json\/wp\/v2\/media?parent=91235"}],"wp:term":[{"taxonomy":"category","embeddable":true,"href":"https:\/\/www.europesays.com\/fr\/wp-json\/wp\/v2\/categories?post=91235"},{"taxonomy":"post_tag","embeddable":true,"href":"https:\/\/www.europesays.com\/fr\/wp-json\/wp\/v2\/tags?post=91235"}],"curies":[{"name":"wp","href":"https:\/\/api.w.org\/{rel}","templated":true}]}}