{"id":91239,"date":"2025-05-11T07:17:16","date_gmt":"2025-05-11T07:17:16","guid":{"rendered":"https:\/\/www.europesays.com\/fr\/91239\/"},"modified":"2025-05-11T07:17:16","modified_gmt":"2025-05-11T07:17:16","slug":"vaste-operation-de-controle-detablissements-de-nuit-a-nice-3-fermetures-immediates-et-3-commerces-dans-le-viseur","status":"publish","type":"post","link":"https:\/\/www.europesays.com\/fr\/91239\/","title":{"rendered":"Vaste op\u00e9ration de contr\u00f4le d\u2019\u00e9tablissements de nuit \u00e0 Nice: 3 fermetures imm\u00e9diates et 3 commerces dans le viseur"},"content":{"rendered":"<p>Une op\u00e9ration de contr\u00f4le de certains commerces s\u2019est d\u00e9roul\u00e9e dans la nuit de vendredi 9 \u00e0 samedi 10 mai \u00e0 l\u2019ouest et \u00e0 l\u2019est de la ville ainsi que dans le Vieux-Nice. Polices municipale et nationale, douanes, agents de l\u2019Urssaf, des Finances publiques, du service r\u00e9glementation de la Ville de Nice et du Conseil national des activit\u00e9s priv\u00e9es de s\u00e9curit\u00e9 ont contr\u00f4l\u00e9 \u00ab\u00a0une vingtaine d\u2019\u00e9tablissements sur lesquels on avait des alertes ou des dol\u00e9ances\u00a0\u00bb, explique Anthony Borr\u00e9, premier adjoint au maire de Nice d\u00e9l\u00e9gu\u00e9 \u00e0 la S\u00e9curit\u00e9.<\/p>\n<p>Et de poursuivre: \u00ab\u00a0Nous avons proc\u00e9d\u00e9 \u00e0 trois fermetures imm\u00e9diates pour hygi\u00e8ne: un \u00e9tablissement de restauration rapide avenue Saint-Augustin et deux snacks, l\u2019un avenue de la Californie et l\u2019autre \u00e0 Carras.\u00a0\u00bb<\/p>\n<p>Trois autres \u00e9tablissements pourraient subit le m\u00eame sort tr\u00e8s prochainement. \u00ab\u00a0Nous demandons \u00e0 la pr\u00e9fecture, puisque \u00e7a ne concerne pas l\u2019hygi\u00e8ne, leur fermeture. Il s\u2019agit de deux pubs du Vieux-Nice: le premier rue Beno\u00eet-Bunico, o\u00f9 il y avait de la consommation de cannabis et de coca\u00efne, le second rue Raoul-Bosio o\u00f9 le dispositif incendie \u00e9tait inexistant. Le troisi\u00e8me \u00e9tablissement est la discoth\u00e8que Le Montecristo, place de l\u2019Arm\u00e9e-du-Rhin, o\u00f9 on a constat\u00e9 l\u2019absence d\u2019autorisation pr\u00e9fectorale, du travail dissimul\u00e9 et la pr\u00e9sence de ballons qui peuvent servir \u00e0 la consommation de protoxyde d\u2019azote\u00a0\u00bb, souligne Anthony Borr\u00e9.<\/p>\n<p>Au bilan de cette soir\u00e9e s\u2019ajoutent trois proc\u00e8s-verbaux pour nuisances sonores et d\u2019autres pour infractions li\u00e9es au droit du travail. Un v\u00e9hicule ambulant a par ailleurs \u00e9t\u00e9 contr\u00f4l\u00e9 avec 27 burgers et 44 tacos avari\u00e9s. Des proc\u00e8s-verbaux ont \u00e9galement \u00e9t\u00e9 dress\u00e9s pour des individus qui urinaient dans l\u2019espace public. Et des rappels \u00e0 la r\u00e9glementation des terrasses ont \u00e9t\u00e9 administr\u00e9s \u00e0 certains bars et restaurants.<\/p>\n<p><strong>\u00ab\u00a0Dans le Vieux-Nice, comme ailleurs, nous poursuivrons les contr\u00f4les\u00a0\u00bb<\/strong><\/p>\n<p>\u00ab\u00a0Dans le Vieux-Nice, comme ailleurs, nous poursuivrons les contr\u00f4les. Quand les g\u00e9rants ne tiennent pas leurs \u00e9tablissements, il y a des rixes ou des accidents. Nice doit offrir des lieux de f\u00eate mais il est hors de question que \u00e7a se fasse au d\u00e9triment de la tranquillit\u00e9 et de la s\u00e9curit\u00e9\u00a0\u00bb, rappelle le premier adjoint.<\/p>\n<p>Anthony Borr\u00e9 met en avant \u00ab\u00a0la cellule d\u2019intervention mutualis\u00e9e de la police municipale. En 2024, elle a men\u00e9 81 op\u00e9rations conjointes avec les services de l\u2019\u00c9tat. 828 commerces ont \u00e9t\u00e9 contr\u00f4l\u00e9s, entra\u00eenant 112 fermetures administratives, 12 avertissements, 25 rappels \u00e0 la loi et 1.254 proc\u00e8s-verbaux ou proc\u00e9dures. Ces op\u00e9rations ont permis de mettre au jour 63kg de tabac de contrebande, 85 bouteilles de protoxyde d\u2019azote, 450 cigarettes \u00e9lectroniques pr\u00e9sentant des substances dangereuses et plus d\u2019une tonne de denr\u00e9es alimentaires impropres \u00e0 la consommation.\u00a0\u00bb<\/p>\n","protected":false},"excerpt":{"rendered":"Une op\u00e9ration de contr\u00f4le de certains commerces s\u2019est d\u00e9roul\u00e9e dans la nuit de vendredi 9 \u00e0 samedi 10&hellip;\n","protected":false},"author":2,"featured_media":91240,"comment_status":"","ping_status":"","sticky":false,"template":"","format":"standard","meta":{"footnotes":""},"categories":[2819],"tags":[1111,11,1777,674,1011,27,12,2401,882,25,656],"class_list":{"0":"post-91239","1":"post","2":"type-post","3":"status-publish","4":"format-standard","5":"has-post-thumbnail","7":"category-nice","8":"tag-actu","9":"tag-actualites","10":"tag-eu","11":"tag-europe","12":"tag-fr","13":"tag-france","14":"tag-news","15":"tag-nice","16":"tag-provence-alpes-cote-dazur","17":"tag-republique-francaise","18":"tag-securite"},"share_on_mastodon":{"url":"https:\/\/pubeurope.com\/@fr\/114487980398931852","error":""},"_links":{"self":[{"href":"https:\/\/www.europesays.com\/fr\/wp-json\/wp\/v2\/posts\/91239","targetHints":{"allow":["GET"]}}],"collection":[{"href":"https:\/\/www.europesays.com\/fr\/wp-json\/wp\/v2\/posts"}],"about":[{"href":"https:\/\/www.europesays.com\/fr\/wp-json\/wp\/v2\/types\/post"}],"author":[{"embeddable":true,"href":"https:\/\/www.europesays.com\/fr\/wp-json\/wp\/v2\/users\/2"}],"replies":[{"embeddable":true,"href":"https:\/\/www.europesays.com\/fr\/wp-json\/wp\/v2\/comments?post=91239"}],"version-history":[{"count":0,"href":"https:\/\/www.europesays.com\/fr\/wp-json\/wp\/v2\/posts\/91239\/revisions"}],"wp:featuredmedia":[{"embeddable":true,"href":"https:\/\/www.europesays.com\/fr\/wp-json\/wp\/v2\/media\/91240"}],"wp:attachment":[{"href":"https:\/\/www.europesays.com\/fr\/wp-json\/wp\/v2\/media?parent=91239"}],"wp:term":[{"taxonomy":"category","embeddable":true,"href":"https:\/\/www.europesays.com\/fr\/wp-json\/wp\/v2\/categories?post=91239"},{"taxonomy":"post_tag","embeddable":true,"href":"https:\/\/www.europesays.com\/fr\/wp-json\/wp\/v2\/tags?post=91239"}],"curies":[{"name":"wp","href":"https:\/\/api.w.org\/{rel}","templated":true}]}}