{"id":91253,"date":"2025-05-11T07:24:08","date_gmt":"2025-05-11T07:24:08","guid":{"rendered":"https:\/\/www.europesays.com\/fr\/91253\/"},"modified":"2025-05-11T07:24:08","modified_gmt":"2025-05-11T07:24:08","slug":"des-dizaines-de-grandes-marques-vont-destocker-a-petits-prix-sous-chapiteau","status":"publish","type":"post","link":"https:\/\/www.europesays.com\/fr\/91253\/","title":{"rendered":"des dizaines de grandes marques vont d\u00e9stocker \u00e0 petits prix sous chapiteau\u00a0!"},"content":{"rendered":"<p>            Par<br \/>\n        <strong><br \/>\n            <a href=\"https:\/\/actu.fr\/auteur\/nicolas-demollien\" title=\"Consulter tous les articles de Nicolas Demollien\" target=\"_blank\" rel=\"noopener\">Nicolas Demollien<\/a><br \/>\n        <\/strong><\/p>\n<p>        Publi\u00e9 le<\/p>\n<p>            11 mai 2025 \u00e0 8h40        <\/p>\n<p>Pr\u00e9parez vous \u00e0 faire de tr\u00e8s <b>bonnes affaires<\/b> ! Du mercredi 14 au dimanche 25 mai 2025, une <b>\u00e9norme vente de d\u00e9stockage<\/b> intitul\u00e9e la \u00ab\u00a0<b>Big Braderie<\/b>\u00a0\u00bb est organis\u00e9e \u00e0 <a href=\"https:\/\/actu.fr\/hauts-de-france\/croix_59163\" target=\"_blank\" rel=\"noopener\">Croix<\/a>, tout pr\u00e8s de <a href=\"https:\/\/actu.fr\/hauts-de-france\/lille_59350\" target=\"_blank\" rel=\"noopener\">Lille<\/a> (Nord). Des <b>dizaines de grandes marques du quotidien<\/b> y proposeront des produits \u00e0 <b>prix cass\u00e9s<\/b>.<\/p>\n<p>Big Braderie et petits prix pr\u00e8s de Lille du 14 au 25 mai 2025<\/p>\n<p class=\" wall-content\">Concr\u00e8tement, vous trouverez cet <b>\u00e9v\u00e9nement \u00e9ph\u00e9m\u00e8re sous chapiteau<\/b> au 20, rue Isaac Holden (m\u00e9tro Croix centre \u00e0 200 m). \u00ab\u00a0La Big Braderie, c\u2019est l\u2019\u00e9v\u00e9nement \u00e9ph\u00e9m\u00e8re qui facilite la vie en proposant des bonnes affaires sur les produits du quotidien, dans une ambiance festive et ouverte \u00e0 tous. Sous son grand chapiteau, symbole de g\u00e9n\u00e9rosit\u00e9 et de partage, c\u2019est le spectacle du d\u00e9stockage et de la convivialit\u00e9 qui prend toute sa place !\u00a0\u00bb d\u00e9crivent les organisateurs.\u00a0<\/p>\n<p class=\" wall-content\">P\u00eale-m\u00eale, les marques suivantes y participeront : Bonduelle, Lustucru, Barilla, Tropicana, Pasquier, Carambar, Bl\u00e9dina ou Ravensburger et Poulain. Une quarantaine au total.<\/p>\n<p class=\" wall-content\">Notons que l\u2019\u00e9v\u00e9nement se d\u00e9crit \u00e9galement comme solidaire puisque les invendus seront distribu\u00e9s aux <a href=\"https:\/\/actu.fr\/tag\/restos-du-coeur\" target=\"_blank\" rel=\"noopener\">Restos du C\u0153ur<\/a>.\u00a0<\/p>\n<p>    <a href=\"https:\/\/www.facebook.com\/plugins\/post.php?href=https%3A%2F%2Fwww.facebook.com%2FBigBraderie%2Fposts%2Fpfbid02eqG7cBT1uBszPDi3FidJBHFU6dzUEtRZbJYeRHjFvL7Up4EiCSc96rZnqGUxyZw8l&amp;show_text=true&amp;width=350\" title=\"Ouvrie le lien\" target=\"_blank\" rel=\"noopener\">Cliquez ici pour visualiser le contenu<\/a><\/p>\n<p>Vid\u00e9os : en ce moment sur Actu<\/p>\n<p class=\" wall-content\">Tous les jours de 8h30 \u00e0 20h30. Plus d\u2019informations sur le site <a href=\"https:\/\/www.bigbraderie.fr\/\" target=\"_blank\" rel=\"noopener\">bigbraderie.fr<\/a><\/p>\n<p class=\" wall-content\">Suivez toute l\u2019actualit\u00e9 de vos villes et m\u00e9dias favoris en vous inscrivant \u00e0 <a href=\"https:\/\/moncompte.actu.fr\" title=\"D\u00e9couvez Mon Actu\" rel=\"nofollow noopener\" data-trk=\"{&quot;cta&quot;:{&quot;action&quot;:&quot;https:\\\/\\\/moncompte.actu.fr&quot;,&quot;category&quot;:&quot;mon compte&quot;,&quot;from&quot;:&quot;article footer&quot;,&quot;name&quot;:&quot;Mon actu&quot;,&quot;type&quot;:&quot;cta&quot;}}\" target=\"_blank\">Mon Actu<\/a>.<\/p>\n","protected":false},"excerpt":{"rendered":"Par Nicolas Demollien Publi\u00e9 le 11 mai 2025 \u00e0 8h40 Pr\u00e9parez vous \u00e0 faire de tr\u00e8s bonnes affaires&hellip;\n","protected":false},"author":2,"featured_media":91254,"comment_status":"","ping_status":"","sticky":false,"template":"","format":"standard","meta":{"footnotes":""},"categories":[2815],"tags":[1111,11,6557,1777,674,1011,27,811,1307,12,25,104],"class_list":{"0":"post-91253","1":"post","2":"type-post","3":"status-publish","4":"format-standard","5":"has-post-thumbnail","7":"category-lille","8":"tag-actu","9":"tag-actualites","10":"tag-bon-plan-a-lille","11":"tag-eu","12":"tag-europe","13":"tag-fr","14":"tag-france","15":"tag-hauts-de-france","16":"tag-lille","17":"tag-news","18":"tag-republique-francaise","19":"tag-societe"},"share_on_mastodon":{"url":"https:\/\/pubeurope.com\/@fr\/114488007990725745","error":""},"_links":{"self":[{"href":"https:\/\/www.europesays.com\/fr\/wp-json\/wp\/v2\/posts\/91253","targetHints":{"allow":["GET"]}}],"collection":[{"href":"https:\/\/www.europesays.com\/fr\/wp-json\/wp\/v2\/posts"}],"about":[{"href":"https:\/\/www.europesays.com\/fr\/wp-json\/wp\/v2\/types\/post"}],"author":[{"embeddable":true,"href":"https:\/\/www.europesays.com\/fr\/wp-json\/wp\/v2\/users\/2"}],"replies":[{"embeddable":true,"href":"https:\/\/www.europesays.com\/fr\/wp-json\/wp\/v2\/comments?post=91253"}],"version-history":[{"count":0,"href":"https:\/\/www.europesays.com\/fr\/wp-json\/wp\/v2\/posts\/91253\/revisions"}],"wp:featuredmedia":[{"embeddable":true,"href":"https:\/\/www.europesays.com\/fr\/wp-json\/wp\/v2\/media\/91254"}],"wp:attachment":[{"href":"https:\/\/www.europesays.com\/fr\/wp-json\/wp\/v2\/media?parent=91253"}],"wp:term":[{"taxonomy":"category","embeddable":true,"href":"https:\/\/www.europesays.com\/fr\/wp-json\/wp\/v2\/categories?post=91253"},{"taxonomy":"post_tag","embeddable":true,"href":"https:\/\/www.europesays.com\/fr\/wp-json\/wp\/v2\/tags?post=91253"}],"curies":[{"name":"wp","href":"https:\/\/api.w.org\/{rel}","templated":true}]}}