{"id":91257,"date":"2025-05-11T07:26:11","date_gmt":"2025-05-11T07:26:11","guid":{"rendered":"https:\/\/www.europesays.com\/fr\/91257\/"},"modified":"2025-05-11T07:26:11","modified_gmt":"2025-05-11T07:26:11","slug":"un-technopole-quil-faut-demystifier-et-securiser","status":"publish","type":"post","link":"https:\/\/www.europesays.com\/fr\/91257\/","title":{"rendered":"un technop\u00f4le qu&rsquo;il faut \u00ab\u00a0d\u00e9mystifier\u00a0\u00bb et \u00ab\u00a0s\u00e9curiser\u00a0\u00bb"},"content":{"rendered":"<p>C\u2019est pour beaucoup un endroit myst\u00e9rieux, opaque, secret. On sait qu\u2019il s\u2019y passe quelque chose, mais on ignore quoi. Le Technop\u00f4le de Ch\u00e2teau-Gombert, enserr\u00e9 sur 180 hectares dans le 13e arrondissement, c\u2019est un peu comme une ville dans la ville, o\u00f9 se c\u00f4toient quelque 4 000 emplois, selon la M\u00e9tropole, qui pilote le site aux c\u00f4t\u00e9s de la mairie.<\/p>\n<p>\u00ab\u00a0Il faut le d\u00e9mystifier\u00a0\u00bb, pr\u00f4ne \u00c9ric Barth\u00e9l\u00e9my, le pr\u00e9sident de <a href=\"https:\/\/technopole-cg.org\/\" target=\"_blank\" rel=\"nofollow noopener\">l\u2019association du Technop\u00f4le<\/a>. \u00ab\u00a0On a besoin de visibilit\u00e9, rench\u00e9rit Laurence Olivier, directrice de l\u2019incubateur Marseille Innovation, notamment aupr\u00e8s des habitants de <a href=\"https:\/\/www.laprovence.com\/article\/edition-marseille\/4814144\/chateau-gombert-le-plus-provencal-des-quartiers-marseillais.html\" target=\"_blank\" rel=\"nofollow noopener\">Ch\u00e2teau-Gombert<\/a>, qui ne savent peut-\u00eatre pas qu\u2019il y a ici des leaders internationaux dans leurs domaines.\u00a0\u00bb<\/p>\n","protected":false},"excerpt":{"rendered":"C\u2019est pour beaucoup un endroit myst\u00e9rieux, opaque, secret. On sait qu\u2019il s\u2019y passe quelque chose, mais on ignore&hellip;\n","protected":false},"author":2,"featured_media":91258,"comment_status":"","ping_status":"","sticky":false,"template":"","format":"standard","meta":{"footnotes":""},"categories":[2814],"tags":[17,1111,11,9067,20229,1777,674,8290,1011,27,884,12,882,18017,16,25,20230,20228],"class_list":{"0":"post-91257","1":"post","2":"type-post","3":"status-publish","4":"format-standard","5":"has-post-thumbnail","7":"category-marseille","8":"tag-17","9":"tag-actu","10":"tag-actualites","11":"tag-chateau-gombert","12":"tag-demystifier","13":"tag-eu","14":"tag-europe","15":"tag-faut","16":"tag-fr","17":"tag-france","18":"tag-marseille","19":"tag-news","20":"tag-provence-alpes-cote-dazur","21":"tag-quil","22":"tag-region","23":"tag-republique-francaise","24":"tag-securiser","25":"tag-technopole"},"share_on_mastodon":{"url":"https:\/\/pubeurope.com\/@fr\/114488015844363381","error":""},"_links":{"self":[{"href":"https:\/\/www.europesays.com\/fr\/wp-json\/wp\/v2\/posts\/91257","targetHints":{"allow":["GET"]}}],"collection":[{"href":"https:\/\/www.europesays.com\/fr\/wp-json\/wp\/v2\/posts"}],"about":[{"href":"https:\/\/www.europesays.com\/fr\/wp-json\/wp\/v2\/types\/post"}],"author":[{"embeddable":true,"href":"https:\/\/www.europesays.com\/fr\/wp-json\/wp\/v2\/users\/2"}],"replies":[{"embeddable":true,"href":"https:\/\/www.europesays.com\/fr\/wp-json\/wp\/v2\/comments?post=91257"}],"version-history":[{"count":0,"href":"https:\/\/www.europesays.com\/fr\/wp-json\/wp\/v2\/posts\/91257\/revisions"}],"wp:featuredmedia":[{"embeddable":true,"href":"https:\/\/www.europesays.com\/fr\/wp-json\/wp\/v2\/media\/91258"}],"wp:attachment":[{"href":"https:\/\/www.europesays.com\/fr\/wp-json\/wp\/v2\/media?parent=91257"}],"wp:term":[{"taxonomy":"category","embeddable":true,"href":"https:\/\/www.europesays.com\/fr\/wp-json\/wp\/v2\/categories?post=91257"},{"taxonomy":"post_tag","embeddable":true,"href":"https:\/\/www.europesays.com\/fr\/wp-json\/wp\/v2\/tags?post=91257"}],"curies":[{"name":"wp","href":"https:\/\/api.w.org\/{rel}","templated":true}]}}