{"id":91261,"date":"2025-05-11T07:28:14","date_gmt":"2025-05-11T07:28:14","guid":{"rendered":"https:\/\/www.europesays.com\/fr\/91261\/"},"modified":"2025-05-11T07:28:14","modified_gmt":"2025-05-11T07:28:14","slug":"marche-des-sages-un-accompagnateur-vers-lautonomie","status":"publish","type":"post","link":"https:\/\/www.europesays.com\/fr\/91261\/","title":{"rendered":"March\u00e9 des Sages : un accompagnateur vers l&rsquo;autonomie\u2026"},"content":{"rendered":"<p>Le \u00ab\u00a0March\u00e9 des Sages\u00a0\u00bb est un v\u00e9ritable projet social, offrant une bou\u00e9e de sauvetage aux personnes en situation de fragilit\u00e9 tout en favorisant la mixit\u00e9 sociale.<\/p>\n<p>Ouvert \u00e0 tous, le <strong>March\u00e9 des Sages<\/strong> propose des <strong>produits alimentaires et d\u2019hygi\u00e8ne<\/strong> \u00e0 des prix r\u00e9duits,. Permettant ainsi \u00e0 ceux qui en ont le plus besoin de pr\u00e9server leur<strong> pouvoir d\u2019achat<\/strong>. Le lieu se veut accueillant et chaleureux. Les b\u00e9n\u00e9ficiaires peuvent faire leurs courses dans un espace digne, favorisant le maintien de leur autonomie. Le <strong>March\u00e9 des Sages<\/strong> est une structure de la <strong><a href=\"https:\/\/www.armeedusalut.fr\/\" target=\"_blank\" rel=\"noreferrer noopener\">Fondation<\/a> Arm\u00e9e du Salut<\/strong>.<\/p>\n<p>Ecoutez le podcast<\/p>\n<p>March\u00e9 des Sages<\/p>\n<p>\u00ab\u00a0L\u2019<strong>Arm\u00e9e du Salut <\/strong>est n\u00e9e en 1865 \u00e0 Londres. C\u2019est un pasteur <a href=\"https:\/\/fr.wikipedia.org\/wiki\/M%C3%A9thodisme\" target=\"_blank\" rel=\"noreferrer noopener\">m\u00e9thodiste<\/a> qui s\u2019est adress\u00e9 aux populations d\u00e9favoris\u00e9es. C\u2019\u00e9tait des gens qui sentaient un peu mauvais, qui n\u2019avaient pas d\u2019\u00e9ducation. Donc, on lui a fait comprendre qu\u2019il devait choisir. Soit il s\u2019adressait \u00e0 ses gens, soit il rentrait bien dans le rang. Et s\u2019il s\u2019adressait \u00e0 ses gens, il fallait qu\u2019il quitte son \u00e9glise. Donc, il a continu\u00e9 \u00e0 s\u2019adresser \u00e0 ses populations. Et \u00e7a s\u2019est tr\u00e8s vite r\u00e9pandu au-del\u00e0 de Londres. 1881, arriv\u00e9e en France\u00a0\u00bb esplique le <strong>Colonel<\/strong>, chef de territoire et pr\u00e9sident de l\u2019Arm\u00e9e du Salut <strong>Jacques Donz\u00e9<\/strong>.<\/p>\n<p>Ecoutez aussi : <a href=\"https:\/\/www.lyondemain.fr\/scarole-et-marcellin-planete-locale\/\" target=\"_blank\" rel=\"noreferrer noopener\">Scarole et Marcellin : 12 ans d\u2019\u00e9picerie cuisine<\/a><\/p>\n<p><img fetchpriority=\"high\" decoding=\"async\" width=\"1200\" height=\"675\" src=\"https:\/\/www.europesays.com\/fr\/wp-content\/uploads\/2025\/05\/Marche-des-Sages-inauguration.jpg\" alt=\"inauguration\" class=\"wp-image-249362\"  \/>Marion Sessiecq et le Colonel Jacques Donz\u00e9<\/p>\n<p>Le March\u00e9 des Sages est ouvert \u00e0 tous et \u00e0 toutes<\/p>\n<p>L\u2019originalit\u00e9 du <strong>March\u00e9 des Sages<\/strong> r\u00e9side \u00e9galement dans son <strong><a href=\"https:\/\/www.armeedusalut.fr\/actualites\/info\/lyon-armee-du-salut-epicerie-sociale-et-solidaire\" target=\"_blank\" rel=\"noreferrer noopener\">ouverture \u00e0 tous les publics<\/a><\/strong>.<strong> <\/strong>Lucas Descourtis. directeur du complexe social Lyon Cit\u00e9, activit\u00e9s et inclusion de la Fondation de l\u2019Arm\u00e9e du Salut sur Lyon, nous explique : \u00ab\u00a0On fonctionne sur une \u00e9picerie dite sociale pour ces <strong>publics en situation de vuln\u00e9rabilit\u00e9 financi\u00e8re, administrative et sociale<\/strong>. Et on ouvre \u00e9galement l\u2019activit\u00e9 pour un <strong>public dit solidaire<\/strong> qu\u2019on incite \u00e0 venir faire aussi ses courses et qui paie du coup un prix, le prix du march\u00e9 et de par le paiement de ce prix-l\u00e0, viennent soutenir l\u2019activit\u00e9 \u00e9conomique de notre boutique..<\/p>\n<blockquote class=\"instagram-media\" data-instgrm-captioned=\"\" data-instgrm-permalink=\"https:\/\/www.instagram.com\/p\/DJKKKhONeQ3\/?utm_source=ig_embed&amp;utm_campaign=loading\" data-instgrm-version=\"14\" style=\" background:#FFF; border:0; border-radius:3px; box-shadow:0 0 1px 0 rgba(0,0,0,0.5),0 1px 10px 0 rgba(0,0,0,0.15); margin: 1px; max-width:540px; min-width:326px; padding:0; width:99.375%; width:-webkit-calc(100% - 2px); width:calc(100% - 2px);\"\/>\n<p>Mais le <strong>March\u00e9 des Sages<\/strong> ne s\u2019arr\u00eate pas \u00e0 la <strong>distribution de produits<\/strong>. Il se positionne comme un v\u00e9ritable <strong>accompagnateur vers l\u2019autonomie<\/strong>. L\u2019\u00e9picerie est aussi un <strong>Atelier Chantier d\u2019Insertion (ACI)<\/strong>, offrant \u00e0 des personnes \u00e9loign\u00e9es de l\u2019emploi une o<strong>pportunit\u00e9 de se former<\/strong> et de retrouver un<strong> rythme de travail<\/strong>. Cette dimension d<strong>\u2018insertion professionnelle<\/strong> est essentielle pour <strong>briser le cycle de la pr\u00e9carit\u00e9<\/strong>.<\/p>\n<p>Ecoutez aussi : <a href=\"https:\/\/www.lyondemain.fr\/caisse-de-alimentation-lyon-calim8\/\" target=\"_blank\" rel=\"noreferrer noopener\">La Caisse de l\u2019Alimentation : cotiser pour mieux manger<\/a><\/p>\n<p><img loading=\"lazy\" decoding=\"async\" width=\"1200\" height=\"675\" src=\"https:\/\/www.europesays.com\/fr\/wp-content\/uploads\/2025\/05\/Marche-des-Sages-vente-de-produits.jpg\" alt=\"March\u00e9 des Sages\" class=\"wp-image-249363\"  \/><\/p>\n<p>Des ateliers et une vesti-boutique <\/p>\n<p>De plus, le <strong>March\u00e9 des Sages<\/strong> ambitionne de devenir un<strong> lieu de vie et d\u2019\u00e9changes<\/strong>. Des ateliers th\u00e9matiques, portant sur la gestion budg\u00e9taire ou la cuisine par exemple, sont en projet afin d\u2019offrir un <strong>accompagnement global <\/strong>aux personnes fragilis\u00e9es. L\u2019ouverture prochaine d\u2019une \u00ab\u00a0<strong>Vesti Boutique<\/strong>\u00a0\u00bb solidaire viendra compl\u00e9ter ce dispositif en r\u00e9pondant \u00e0 un besoin essentiel : se v\u00eatir dignement. \u00ab\u00a0On envisage de cr\u00e9er une vesti-boutique qui fonctionnerait sur les m\u00eames modalit\u00e9s, tarifs sociaux pour les personnes en besoin, tarifs normaux pour les autres\u2026 Avec une cuisine collective qui va aussi permettre de proposer sur le territoire des activit\u00e9s d\u2019aide \u00e0 la confection de repas, de sensibilisation aussi au mieux manger. Manger plus \u00e9quilibr\u00e9, <strong>mieux se nourrir<\/strong>. Des ateliers sont en cours de construction, sur le quartier, en synergie avec les associations locales\u00a0\u00bb explique Lucas Descourtis<\/p>\n<p><img loading=\"lazy\" decoding=\"async\" width=\"1200\" height=\"675\" src=\"https:\/\/www.europesays.com\/fr\/wp-content\/uploads\/2025\/05\/Marches-des-Sages-Atelier-Chantier-dInsertion.jpg\" alt=\"Atelier Chantier d'Insertion\" class=\"wp-image-249364\"  \/><\/p>\n<p>.Le <strong>March\u00e9 des Sages<\/strong> incarne une nouvelle approche de l\u2019aide sociale,. Pla\u00e7ant la dignit\u00e9, l\u2019autonomie et la mixit\u00e9 au c\u0153ur de son action\u2026 En ouvrant ses portes \u00e0 tous, il tisse des liens pr\u00e9cieux et contribue \u00e0 construire une <strong>soci\u00e9t\u00e9 plus juste et solidaire<\/strong> au coeur m\u00eame de la M\u00e9tropole de Lyon.<\/p>\n<p>Le <strong>March\u00e9 des Sages<\/strong> est situ\u00e9 : <strong>8, rue de l\u2019\u00c9p\u00e9e<\/strong>. Ouvert du mardi au samedi de 10 \u00e0 18 heures.<\/p>\n<p>Ecoutez aussi : <a href=\"https:\/\/www.lyondemain.fr\/experiences-communes-grandes-voisines-solidarite-lyon\/\" target=\"_blank\" rel=\"noreferrer noopener\">Les Grandes Voisines : 3 ans d\u2019exp\u00e9riences communes<\/a><\/p>\n<p><img loading=\"lazy\" decoding=\"async\" width=\"1200\" height=\"675\" src=\"https:\/\/www.europesays.com\/fr\/wp-content\/uploads\/2025\/05\/Marche-des-Sages-epicerie-solidaire.jpg\" alt=\"March\u00e9 des Sages\" class=\"wp-image-249361\"  \/><br \/>\nJ\u2019aime \u00e7a\u00a0:<\/p>\n<p>J\u2019aime chargement\u2026<\/p>\n<p><a class=\"sd-link-color\"\/><\/p>\n<p>\n\tArticles similaires\n<\/p>\n<p>\t\t\t\t<img decoding=\"async\" src=\"https:\/\/www.europesays.com\/fr\/wp-content\/uploads\/2025\/05\/1746948494_829_7866158698e17e8ed633c05e8f8e7fe5d9e057ad78661c4dc34e413abb6b9f19\" alt=\"G\u00e9rald Bouchon\"\/><\/p>\n<p>Pionnier des radios libres, passionn\u00e9 de radio, journaliste et dirigeant de m\u00e9dias \u00e9co-responsables..<\/p>\n<p>\t\t\t<script async src=\"\/\/www.instagram.com\/embed.js\"><\/script><\/p>\n","protected":false},"excerpt":{"rendered":"Le \u00ab\u00a0March\u00e9 des Sages\u00a0\u00bb est un v\u00e9ritable projet social, offrant une bou\u00e9e de sauvetage aux personnes en situation&hellip;\n","protected":false},"author":2,"featured_media":91262,"comment_status":"","ping_status":"","sticky":false,"template":"","format":"standard","meta":{"footnotes":""},"categories":[1889],"tags":[1111,11,20231,20232,2430,20233,1777,674,1011,27,15498,20234,20235,20236,2428,20237,12,2922,25],"class_list":{"0":"post-91261","1":"post","2":"type-post","3":"status-publish","4":"format-standard","5":"has-post-thumbnail","7":"category-lyon","8":"tag-actu","9":"tag-actualites","10":"tag-armee-du-salut","11":"tag-atelier-chantier-dinsertion","12":"tag-auvergne-rhone-alpes","13":"tag-epicerie-solidaire","14":"tag-eu","15":"tag-europe","16":"tag-fr","17":"tag-france","18":"tag-inclusion","19":"tag-insertion-professionnelle","20":"tag-jacques-donze","21":"tag-lucas-descourtis","22":"tag-lyon","23":"tag-marche-des-sages","24":"tag-news","25":"tag-pouvoir-dachat","26":"tag-republique-francaise"},"share_on_mastodon":{"url":"https:\/\/pubeurope.com\/@fr\/114488023931350553","error":""},"_links":{"self":[{"href":"https:\/\/www.europesays.com\/fr\/wp-json\/wp\/v2\/posts\/91261","targetHints":{"allow":["GET"]}}],"collection":[{"href":"https:\/\/www.europesays.com\/fr\/wp-json\/wp\/v2\/posts"}],"about":[{"href":"https:\/\/www.europesays.com\/fr\/wp-json\/wp\/v2\/types\/post"}],"author":[{"embeddable":true,"href":"https:\/\/www.europesays.com\/fr\/wp-json\/wp\/v2\/users\/2"}],"replies":[{"embeddable":true,"href":"https:\/\/www.europesays.com\/fr\/wp-json\/wp\/v2\/comments?post=91261"}],"version-history":[{"count":0,"href":"https:\/\/www.europesays.com\/fr\/wp-json\/wp\/v2\/posts\/91261\/revisions"}],"wp:featuredmedia":[{"embeddable":true,"href":"https:\/\/www.europesays.com\/fr\/wp-json\/wp\/v2\/media\/91262"}],"wp:attachment":[{"href":"https:\/\/www.europesays.com\/fr\/wp-json\/wp\/v2\/media?parent=91261"}],"wp:term":[{"taxonomy":"category","embeddable":true,"href":"https:\/\/www.europesays.com\/fr\/wp-json\/wp\/v2\/categories?post=91261"},{"taxonomy":"post_tag","embeddable":true,"href":"https:\/\/www.europesays.com\/fr\/wp-json\/wp\/v2\/tags?post=91261"}],"curies":[{"name":"wp","href":"https:\/\/api.w.org\/{rel}","templated":true}]}}