{"id":91265,"date":"2025-05-11T07:30:08","date_gmt":"2025-05-11T07:30:08","guid":{"rendered":"https:\/\/www.europesays.com\/fr\/91265\/"},"modified":"2025-05-11T07:30:08","modified_gmt":"2025-05-11T07:30:08","slug":"immobilier-ou-les-charges-de-copropriete-ont-elles-le-plus-augmente-en-ile-de-france","status":"publish","type":"post","link":"https:\/\/www.europesays.com\/fr\/91265\/","title":{"rendered":"Immobilier\u00a0: o\u00f9 les charges de copropri\u00e9t\u00e9\u00a0ont-elles le plus augment\u00e9\u00a0en \u00cele-de-France"},"content":{"rendered":"<p class=\"paragraph text_align_left\">\u00ab Tous les postes de d\u00e9penses sont tir\u00e9s vers le haut : gardiennage, m\u00e9nage, etc., souligne Charlotte Tayart de Borms, analyste chez Matera. L\u2019inflation en 2023-2024 a aussi touch\u00e9 les prix des contrats d\u2019\u00e9nergie et d\u2019assurance, qui repr\u00e9sentent une part importante des charges. Il y a toutefois des \u00e9carts entre les d\u00e9partements qui s\u2019expliquent par des diff\u00e9rences de typologie d\u2019immeubles et leur anciennet\u00e9. \u00bb<\/p>\n","protected":false},"excerpt":{"rendered":"\u00ab Tous les postes de d\u00e9penses sont tir\u00e9s vers le haut : gardiennage, m\u00e9nage, etc., souligne Charlotte Tayart&hellip;\n","protected":false},"author":2,"featured_media":91266,"comment_status":"","ping_status":"","sticky":false,"template":"","format":"standard","meta":{"footnotes":""},"categories":[1592],"tags":[1111,11,33,1777,674,1011,27,662,1116,12,626,25],"class_list":{"0":"post-91265","1":"post","2":"type-post","3":"status-publish","4":"format-standard","5":"has-post-thumbnail","7":"category-ile-de-france","8":"tag-actu","9":"tag-actualites","10":"tag-economie","11":"tag-eu","12":"tag-europe","13":"tag-fr","14":"tag-france","15":"tag-ile-de-france","16":"tag-immobilier","17":"tag-news","18":"tag-paris","19":"tag-republique-francaise"},"share_on_mastodon":{"url":"https:\/\/pubeurope.com\/@fr\/114488031506731842","error":""},"_links":{"self":[{"href":"https:\/\/www.europesays.com\/fr\/wp-json\/wp\/v2\/posts\/91265","targetHints":{"allow":["GET"]}}],"collection":[{"href":"https:\/\/www.europesays.com\/fr\/wp-json\/wp\/v2\/posts"}],"about":[{"href":"https:\/\/www.europesays.com\/fr\/wp-json\/wp\/v2\/types\/post"}],"author":[{"embeddable":true,"href":"https:\/\/www.europesays.com\/fr\/wp-json\/wp\/v2\/users\/2"}],"replies":[{"embeddable":true,"href":"https:\/\/www.europesays.com\/fr\/wp-json\/wp\/v2\/comments?post=91265"}],"version-history":[{"count":0,"href":"https:\/\/www.europesays.com\/fr\/wp-json\/wp\/v2\/posts\/91265\/revisions"}],"wp:featuredmedia":[{"embeddable":true,"href":"https:\/\/www.europesays.com\/fr\/wp-json\/wp\/v2\/media\/91266"}],"wp:attachment":[{"href":"https:\/\/www.europesays.com\/fr\/wp-json\/wp\/v2\/media?parent=91265"}],"wp:term":[{"taxonomy":"category","embeddable":true,"href":"https:\/\/www.europesays.com\/fr\/wp-json\/wp\/v2\/categories?post=91265"},{"taxonomy":"post_tag","embeddable":true,"href":"https:\/\/www.europesays.com\/fr\/wp-json\/wp\/v2\/tags?post=91265"}],"curies":[{"name":"wp","href":"https:\/\/api.w.org\/{rel}","templated":true}]}}